{"id":177520,"date":"2024-12-19T09:58:29","date_gmt":"2024-12-19T14:58:29","guid":{"rendered":"https:\/\/sportseco.com\/?p=177520"},"modified":"2024-12-19T09:58:34","modified_gmt":"2024-12-19T14:58:34","slug":"la-empatia-como-motor-de-la-agenda-2030-de-desarrollo-sostenible","status":"publish","type":"post","link":"https:\/\/sportseco.com\/?p=177520","title":{"rendered":"La empat\u00eda como motor de la Agenda 2030 de Desarrollo Sostenible"},"content":{"rendered":"\n<p>Con una filosof\u00eda basada en la empat\u00eda, el trabajo colaborativo, el liderazgo compartido y la creatividad, la organizaci\u00f3n Ashoka est\u00e1 involucrada en el cumplimiento de los Objetivos de Desarrollo Sostenible en M\u00e9xico.<\/p>\n\n\n\n<p>M\u00e9xico y el mundo est\u00e1n en un momento cr\u00edtico y si no se empiezan a concretar acciones, la Agenda 2030 no podr\u00e1 ser realizada con \u00e9xito. Por eso, diversos grupos, Gobiernos, organizaciones sociales, y personas en lo individual est\u00e1n uniendo sus esfuerzos.<\/p>\n\n\n\n<p>Una de las organizaciones que ha trabajado durante d\u00e9cadas para lograr esto es Ashoka, una comunidad global, fundada hace 40 a\u00f1os por Bill Dayton y presente en m\u00e1s de 90 pa\u00edses. La organizaci\u00f3n crea las habilidades necesarias para que ni\u00f1os y ni\u00f1as puedan convertirse en emprendedores sociales y generar cambios positivos en su entorno.<\/p>\n\n\n\n<p>Brenda Berenice Villegas Valenzuela, l\u00edder del \u00e1rea de ni\u00f1ez y juventud en M\u00e9xico, Centroam\u00e9rica y el Caribe, comparti\u00f3 con Noticias ONU que emprender algo con el objetivo de desarrollar un proyecto al que le dedicas tu vida entera para solucionar problemas socioambientales, no es f\u00e1cil y, por eso, Ashoka naci\u00f3 con la ambici\u00f3n de apoyarles.<\/p>\n\n\n\n<p>\u201cAshoka ha sido reconocida, principalmente, por impulsar el emprendimiento y la innovaci\u00f3n social\u201d, dijo Brenda.<\/p>\n\n\n\n<p>Con esa filosof\u00eda, la organizaci\u00f3n es ahora integrante del Comit\u00e9 de Econom\u00eda del Secretariado Ejecutivo del&nbsp;<a href=\"https:\/\/www.economia.gob.mx\/secna2030\/ConsejoNacional.php\" target=\"_blank\" rel=\"noreferrer noopener\">Consejo Nacional de la Agenda 2030 de Desarrollo Sostenible<\/a>.<\/p>\n\n\n\n<figure class=\"wp-block-image\"><img data-recalc-dims=\"1\" decoding=\"async\" src=\"https:\/\/i0.wp.com\/global.unitednations.entermediadb.net\/assets\/mediadb\/services\/module\/asset\/downloads\/preset\/Libraries\/Production%20Library\/18-12-2024_Mexico_Ashoka_5.jpg\/image1170x530cropped.jpg?w=640&#038;ssl=1\" alt=\"Cumbre de Fellows con Perspectiva de g\u00e9nero\" title=\"Cumbre de Fellows con Perspectiva de g\u00e9nero\"\/><\/figure>\n\n\n\n<p>Ashoka&nbsp;<\/p>\n\n\n\n<p>Cumbre de Fellows con Perspectiva de g\u00e9nero<\/p>\n\n\n\n<h2 class=\"wp-block-heading\">Generar empat\u00eda<\/h2>\n\n\n\n<p>Pero, \u00bfqu\u00e9 se necesita para que una organizaci\u00f3n del tama\u00f1o de Ashoka y un grupo de individuos puedan trabajar juntos y lograr esta conexi\u00f3n necesaria para que un proyecto de este nivel funcione? Empat\u00eda.<\/p>\n\n\n\n<p>Hace 15 a\u00f1os Ashoka comprendi\u00f3 que la \u00fanica raz\u00f3n por la que los emprendedores sociales est\u00e1n comprometidos con su proyecto es evitar que las nuevas generaciones sufran lo mismo que sufrieron ellos en su ni\u00f1ez o en su adolescencia.<\/p>\n\n\n\n<p>\u201cEntre la edad de 12 a 20 a\u00f1os vivieron una experiencia que les transform\u00f3, ese llamado punto de inflexi\u00f3n, donde se dieron cuenta de que hab\u00eda una problem\u00e1tica socioambiental que les impactaba de manera profunda y que quer\u00edan hacer algo al respecto; y no s\u00f3lo eso, sino que tuvieron a una persona, una organizaci\u00f3n, a alguien que crey\u00f3 en ellas y las apoy\u00f3 para lograrlo, y despu\u00e9s quisieron dedicar su vida entera al tema\u201d, agrega Brenda.<\/p>\n\n\n\n<p>Hoy en d\u00eda, 26 universidades y 31 instituciones distribuidas en seis pa\u00edses pertenecen a la red de Ashoka, creando espacios de aprendizaje y apoyo mutuo para transformar sus planes estrat\u00e9gicos, curr\u00edculos y alianzas para fomentar habilidades como la empat\u00eda, el trabajo colaborativo, el liderazgo compartido y la creatividad para solucionar problemas.<\/p>\n\n\n\n<figure class=\"wp-block-image\"><img data-recalc-dims=\"1\" decoding=\"async\" src=\"https:\/\/i0.wp.com\/global.unitednations.entermediadb.net\/assets\/mediadb\/services\/module\/asset\/downloads\/preset\/Libraries\/Production%20Library\/18-12-2024_Mexico_Ashoka_3.jpg\/image1170x530cropped.jpg?w=640&#038;ssl=1\" alt=\"La red de Ashoka fellows representa la visi\u00f3n de un mundo de agentes de cambio.\" title=\"La red de Ashoka fellows representa la visi\u00f3n de un mundo de agentes de cambio.\"\/><\/figure>\n\n\n\n<p>Ashoka&nbsp;<\/p>\n\n\n\n<p>La red de Ashoka fellows representa la visi\u00f3n de un mundo de agentes de cambio.<\/p>\n\n\n\n<h2 class=\"wp-block-heading\">Impacto en M\u00e9xico<\/h2>\n\n\n\n<p>En M\u00e9xico, Centroam\u00e9rica y el Caribe. m\u00e1s de 200 emprendedores sociales en M\u00e9xico, lideran ideas innovadoras para resolver los problemas m\u00e1s apremiantes de la sociedad, que est\u00e1n conectados con los&nbsp;<a href=\"https:\/\/news.un.org\/es\/news\/topic\/sdgs\">Objetivos de Desarrollo Sostenible<\/a>.<\/p>\n\n\n\n<p>En promedio los temas de lo que m\u00e1s se preocupan estos j\u00f3venes emprendedores sociales&nbsp;<strong>son el agua, vivienda, educaci\u00f3n, medio ambiente, salud, y desarrollo econ\u00f3mico<\/strong><\/p>\n\n\n\n<p>Uno de estos casos es Isla Urbana, un proyecto fundado en colaboraci\u00f3n con el Instituto Internacional de Recursos Renovables, A.C., en el 2009 en la Cultura Maya, una colonia popular al sur de la Ciudad de M\u00e9xico, donde se viven graves problemas de escasez de agua.<\/p>\n\n\n\n<p>Con un enfoque ambiental y social, su trabajo se ha enfocado en aprender a captar la lluvia de la forma m\u00e1s pr\u00e1ctica posible para poder abastecer de agua a comunidades marginadas.<\/p>\n\n\n\n<p>Desarrollan un modelo de trabajo h\u00edbrido, creando para el proyecto un aspecto empresarial que ofrece sistemas de captaci\u00f3n y tecnolog\u00edas de agua sustentable en el mercado, y manteniendo el otro lado puramente social que trabaja en las comunidades marginadas donde m\u00e1s se sufre la falta de agua.<\/p>\n\n\n\n<p>De esta forma, a lo largo de los \u00faltimos a\u00f1os, han instalado sistemas de captaci\u00f3n, desde viviendas peque\u00f1as, aisladas en sierras lejanas, hasta en f\u00e1bricas y negocios del centro de la Ciudad de M\u00e9xico.<\/p>\n\n\n\n<p>\u201cIsla urbana comenz\u00f3 con dos chicos estudiando una maestr\u00eda, uno de los fundadores se dio cuenta de los problemas de agua de la Ciudad de M\u00e9xico y era muy contradictorio como en las mismas colonias de la Ciudad que pod\u00edan estar inundando por las lluvias, al mismo tiempo no tener agua potable. Y \u00e9l dec\u00eda&nbsp;<strong>c\u00f3mo puede ser que la gente est\u00e9 inundada y al mismo tiempo no tiene agua, es irreal<\/strong>.<\/p>\n\n\n\n<p>Otro ejemplo, es&nbsp;<a href=\"https:\/\/www.ixchelsalud.org\/nuestras-estrategias\" target=\"_blank\" rel=\"noreferrer noopener\">Ixchel Salud<\/a>,&nbsp; que contribuye a la mejora de la salud de la poblaci\u00f3n mediante una transformaci\u00f3n positiva de las instituciones p\u00fablicas de salud en M\u00e9xico y el acompa\u00f1amiento de las personas para que ejerzan su derecho a la informaci\u00f3n y atenci\u00f3n en salud.<\/p>\n\n\n\n<p>Tambi\u00e9n est\u00e1&nbsp;<a href=\"https:\/\/racismo.mx\/nosotrxs\" target=\"_blank\" rel=\"noreferrer noopener\">Racismo<\/a>, una iniciativa que&nbsp;<strong>naci\u00f3 para visibilizar el racismo y abrir la conversaci\u00f3n en la sociedad mexicana<\/strong>. Con el tiempo pas\u00f3 de ser un sitio que ofrece contenido antirracista, a ser una asociaci\u00f3n civil cuyo objetivo es desarrollar contenido educativo y proyectos de impacto para el combate contra el racismo, as\u00ed como l\u00edneas de investigaci\u00f3n para conocer m\u00e1s sobre c\u00f3mo funciona el racismo en M\u00e9xico<\/p>\n\n\n\n<p>Tambi\u00e9n est\u00e1&nbsp;<a href=\"https:\/\/movimientostem.org\/\" target=\"_blank\" rel=\"noreferrer noopener\">Movimiento STEM<\/a>, que&nbsp;<strong>promueve la ense\u00f1anza de Ciencias, Tecnolog\u00eda, Ingenier\u00eda y Matem\u00e1ticas<\/strong>&nbsp;como pilares para el desarrollo sostenible y bienestar social.<\/p>\n\n\n\n<p>Y as\u00ed, como estos cuatro emprendimientos sociales, existen muchos m\u00e1s en M\u00e9xico y Latinoam\u00e9rica.<\/p>\n\n\n\n<figure class=\"wp-block-image\"><img data-recalc-dims=\"1\" decoding=\"async\" src=\"https:\/\/i0.wp.com\/global.unitednations.entermediadb.net\/assets\/mediadb\/services\/module\/asset\/downloads\/preset\/Libraries\/Production%20Library\/18-12-2024_Mexico_Ashoka_1.jpg\/image1170x530cropped.jpg?w=640&#038;ssl=1\" alt=\"Delegaci\u00f3n joven en la Cumbre de Premios Nobel de la Paz.\" title=\"Delegaci\u00f3n joven en la Cumbre de Premios Nobel de la Paz.\"\/><\/figure>\n\n\n\n<p>Ashoka&nbsp;<\/p>\n\n\n\n<p>Delegaci\u00f3n joven en la Cumbre de Premios Nobel de la Paz.<\/p>\n\n\n\n<h2 class=\"wp-block-heading\">J\u00f3venes haciendo historia<\/h2>\n\n\n\n<p>Recientemente Ashoka logr\u00f3 ser integrante del Comit\u00e9 de Bienestar o, en su defecto, del Comit\u00e9 de Econom\u00eda del Secretariado Ejecutivo del Consejo Nacional de la Agenda 2030 para el Desarrollo Sostenible (SECNA).<\/p>\n\n\n\n<p>Su trabajo se aliena concretamente con los Objetivos de Desarrollo Sostenible n\u00famero 4, sobre educaci\u00f3n; 5, sobre igualdad de g\u00e9nero; 9, sobre industria, innovaci\u00f3n e infraestructura; 10, sobre reducci\u00f3n de las desigualdades; 16, sobre paz, justicia e instituciones s\u00f3lidas; y 17, sobre&nbsp; alianzas para lograr los Objetivos.<\/p>\n\n\n\n<p>Dentro del Comit\u00e9, Ashoka busca elaborar propuestas de pol\u00edticas y acciones para impulsar el avance y seguimiento de la Agenda 2030 de M\u00e9xico, as\u00ed como fomentar el di\u00e1logo, la participaci\u00f3n y la colaboraci\u00f3n plural e inclusiva de diversos actores involucrados en el avance de esa&nbsp; Agenda.<\/p>\n\n\n\n<p>Dave Mayoral, l\u00edder de Juventudes y Educaci\u00f3n Transformadora de Ashoka, cont\u00f3 que este a\u00f1o, por primera vez en M\u00e9xico, se lanzar\u00e1 la primera convocatoria para J\u00f3venes entre 13 y 19 a\u00f1os que cuenten con una idea innovadora que vaya de la mano con la empat\u00eda, y con la que se pueda resolver una problem\u00e1tica socioambiental desde la ra\u00edz.<\/p>\n\n\n\n<h2 class=\"wp-block-heading\">\u00bfHay esperanza para cumplir la Agenda 2030?<\/h2>\n\n\n\n<p>Para estos j\u00f3venes talentos y l\u00edderes de Ashoka, s\u00ed la hay. Pues si se trabaja desde el coraz\u00f3n y la empat\u00eda se podr\u00e1 convencer a la sociedad entera de que juntas y juntos, hacemos m\u00e1s.<\/p>\n\n\n\n<p>A Brenda, le gusta lo que dijo el fundador de Ashoka sobre poner el amor y el respeto en acci\u00f3n, porque cuando pones el amor y el respeto en acci\u00f3n, se genera una felicidad y un bienestar personal, que incluso repercute en la salud.<\/p>\n\n\n\n<p>\u201cEl valor con el que m\u00e1s me relaciono es la congruencia y si yo quiero ser una persona que viva en armon\u00eda, que tenga salud y sea consciente de las cosas que la llenan de felicidad, pues qu\u00e9 mejor que como j\u00f3venes podamos poner el amor y el respeto en acci\u00f3n y generemos ese mundo que queremos\u201d, comenta Brenda Berenice.<\/p>\n\n\n\n<p>Para Dave, tambi\u00e9n hay esperanza, siempre y cuando exista un pivote para que los Objetivos de Desarrollo basados en la ciencia se conviertan en objetivos basados en comunidad.<\/p>\n\n\n\n<p>\u201cNo estoy hablando de cambiar toda la Agenda 2030, hablo de que se contextualice y para eso la empat\u00eda va a ser crucial. Yo he trabajado de cerca con comunidades ind\u00edgenas y puedo decir que (\u2026) necesitan creer, necesitan confiar en que estamos interesados en la misma cosa, yo creo que ah\u00ed s\u00ed es la empat\u00eda\u201d, asegura.<\/p>\n\n\n\n<p>\u201cNecesitamos empatizar la Agenda 2030 porque si no la gente no va a conectar con ella en los \u00faltimos cinco a\u00f1os y si no se conectan, vamos a estar en graves problemas\u201d, concluy\u00f3.&nbsp;<\/p>\n\n\n\n<p><\/p>\n\n\n\n<p>news.un.org<\/p>\n","protected":false},"excerpt":{"rendered":"<p>Con una filosof\u00eda basada en la empat\u00eda, el trabajo colaborativo, el liderazgo compartido y la creatividad, la organizaci\u00f3n Ashoka est\u00e1 involucrada en el cumplimiento de los Objetivos de Desarrollo Sostenible en M\u00e9xico. M\u00e9xico y el mundo est\u00e1n en un momento cr\u00edtico y si no se empiezan a concretar acciones, la Agenda 2030 no podr\u00e1 ser [&hellip;]<\/p>\n","protected":false},"author":1,"featured_media":177521,"comment_status":"closed","ping_status":"closed","sticky":false,"template":"","format":"standard","meta":{"_acf_changed":false,"_jetpack_memberships_contains_paid_content":false,"footnotes":"","jetpack_publicize_message":"","jetpack_publicize_feature_enabled":true,"jetpack_social_post_already_shared":true,"jetpack_social_options":{"image_generator_settings":{"template":"highway","default_image_id":0,"font":"","enabled":false},"version":2}},"categories":[1],"tags":[],"class_list":["post-177520","post","type-post","status-publish","format-standard","has-post-thumbnail","hentry","category-uncategorized"],"acf":[],"jetpack_publicize_connections":[],"jetpack_featured_media_url":"https:\/\/i0.wp.com\/sportseco.com\/wp-content\/uploads\/2024\/12\/image1170x530cropped-1-3.jpg?fit=1170%2C530&ssl=1","jetpack_sharing_enabled":true,"_links":{"self":[{"href":"https:\/\/sportseco.com\/index.php?rest_route=\/wp\/v2\/posts\/177520","targetHints":{"allow":["GET"]}}],"collection":[{"href":"https:\/\/sportseco.com\/index.php?rest_route=\/wp\/v2\/posts"}],"about":[{"href":"https:\/\/sportseco.com\/index.php?rest_route=\/wp\/v2\/types\/post"}],"author":[{"embeddable":true,"href":"https:\/\/sportseco.com\/index.php?rest_route=\/wp\/v2\/users\/1"}],"replies":[{"embeddable":true,"href":"https:\/\/sportseco.com\/index.php?rest_route=%2Fwp%2Fv2%2Fcomments&post=177520"}],"version-history":[{"count":1,"href":"https:\/\/sportseco.com\/index.php?rest_route=\/wp\/v2\/posts\/177520\/revisions"}],"predecessor-version":[{"id":177522,"href":"https:\/\/sportseco.com\/index.php?rest_route=\/wp\/v2\/posts\/177520\/revisions\/177522"}],"wp:featuredmedia":[{"embeddable":true,"href":"https:\/\/sportseco.com\/index.php?rest_route=\/wp\/v2\/media\/177521"}],"wp:attachment":[{"href":"https:\/\/sportseco.com\/index.php?rest_route=%2Fwp%2Fv2%2Fmedia&parent=177520"}],"wp:term":[{"taxonomy":"category","embeddable":true,"href":"https:\/\/sportseco.com\/index.php?rest_route=%2Fwp%2Fv2%2Fcategories&post=177520"},{"taxonomy":"post_tag","embeddable":true,"href":"https:\/\/sportseco.com\/index.php?rest_route=%2Fwp%2Fv2%2Ftags&post=177520"}],"curies":[{"name":"wp","href":"https:\/\/api.w.org\/{rel}","templated":true}]}}