{"id":177619,"date":"2024-12-21T12:25:58","date_gmt":"2024-12-21T17:25:58","guid":{"rendered":"https:\/\/sportseco.com\/?p=177619"},"modified":"2024-12-21T12:26:02","modified_gmt":"2024-12-21T17:26:02","slug":"ancelotti-queremos-terminar-el-ano-con-una-victoria-delante-de-nuestra-aficion","status":"publish","type":"post","link":"https:\/\/sportseco.com\/?p=177619","title":{"rendered":"Ancelotti: \u00abQueremos terminar el a\u00f1o con una victoria delante de nuestra afici\u00f3n\u00bb"},"content":{"rendered":"\n<p>\u00abEl 2024 ha sido fant\u00e1stico e inolvidable y creo que se puede repetir si todos somos capaces de sacar lo mejor\u00bb, declar\u00f3 el italiano.<\/p>\n\n\n\n<figure class=\"wp-block-image\"><img data-recalc-dims=\"1\" decoding=\"async\" src=\"https:\/\/i0.wp.com\/publish-p47754-e237306.adobeaemcloud.com\/adobe\/dynamicmedia\/deliver\/dm-aid--98783957-345f-4942-a773-f4ddb61da932\/ND_02_RP_ANCELOTTI_SG13847.app.webp?w=640&#038;ssl=1\" alt=\"Ancelotti: &quot;Queremos terminar el a\u00f1o con una victoria delante de nuestra afici\u00f3n&quot;\"\/><\/figure>\n\n\n\n<p>NOTICIA.21\/12\/2024Rodrigo Salamanca<\/p>\n\n\n\n<p>Carlo&nbsp;<strong>Ancelotti&nbsp;<\/strong>compareci\u00f3 en la sala de prensa de la&nbsp;<strong>Ciudad Real Madrid<\/strong>&nbsp;para analizar el Real Madrid-Sevilla, correspondiente a la 18\u00aa jornada de la Liga, que se disputar\u00e1 en el&nbsp;<strong>Santiago Bernab\u00e9u<\/strong>&nbsp;(domingo, 16:15 h; Dazn): \u201cVolvemos a casa tras muchos partidos fuera. Terminar el a\u00f1o con nuestra afici\u00f3n es muy ilusionante y queremos acabarlo bien. El Sevilla est\u00e1 jugando muy bien y compitiendo en todos los partidos, pero queremos terminar el a\u00f1o con una victoria\u201d.<\/p>\n\n\n\n<p>\u201cHay muchos momentos felices porque ha sido un a\u00f1o fant\u00e1stico e inolvidable. Se puede repetir si somos capaces de sacar lo mejor de nosotros. La plantilla tiene un nivel muy alto. La Copa de Europa fue el momento m\u00e1s feliz cuando la levantamos tras ganar al Borussia Dortmund. No hemos perdidos muchos partidos, pero lo m\u00e1s triste puede ser la derrota contra el Barcelona en el Bernab\u00e9u. No le puedo pedir a Papa Noel que no me lluevan las criticas para el 2025. A veces son un regalo, son aceptables y se aprende de ellas\u201d.<\/p>\n\n\n\n<p><strong>Resumen de a\u00f1o<\/strong><br \/>\u201cPondr\u00eda poner un sobresaliente tras las dificultades que tuvimos. Hemos ganado cinco t\u00edtulos y es algo muy bueno. El pr\u00f3ximo a\u00f1o el objetivo es el mismo: competir, pelear, luchar y ganar la Champions\u201d.<\/p>\n\n\n\n<p><strong>Exigencia del calendario<\/strong><br \/>\u201cNos podr\u00edamos haber ido de vacaciones despu\u00e9s de ganar la Intercontinental. Vamos a jugar ante un rival que compite muy bien. El nuevo entrenador est\u00e1 haciendo un buen trabajo y va a costar. Es un partido de riesgo y tenemos que hacer un \u00faltimo esfuerzo\u201d.<\/p>\n\n\n\n<p><strong>Mbapp\u00e9<\/strong><br \/>\u201cSu periodo de adaptaci\u00f3n ha terminado. Ha demostrado una buena versi\u00f3n y puede mejorar. Ha hecho buenos partidos, est\u00e1 recuperado de la peque\u00f1a lesi\u00f3n que tuvo. Est\u00e1 motivado y contento de estar aqu\u00ed. Necesitaba este periodo de adaptaci\u00f3n, como todos, pero ya ha terminado\u201d.<\/p>\n\n\n\n<p><strong>Pelea por la Liga<\/strong><br \/>\u201cVa a ser una Liga mucho m\u00e1s competida respecto a los \u00faltimos a\u00f1os. Adem\u00e1s del Real Madrid y el Barcelona, el Atl\u00e9tico va a pelear porque tiene recursos para competir. Va a ser entretenida hasta el final y se puede ganar la Liga con menos de 90 puntos este a\u00f1o\u201d.<\/p>\n\n\n\n<p><strong>Ruedas de prensa<\/strong><br \/>\u201cEs entretenido hacer ruedas de prensa. Las disfruto. Un 10% de las preguntas que me hac\u00e9is son un poco feas y cuesta contestarlas. Pero hay que pensar que nos lo hemos pasado bien y las ruedas de prensa no han sido aburridas. Es peor el calendario de los futbolistas\u201d.<\/p>\n\n\n\n<p><strong>Corregir detalles<\/strong><br \/>\u201cA veces tenemos p\u00e9rdidas innecesarias con la calidad que tiene la plantilla. Estamos tratando este tema para mejorar porque a veces tomamos riesgos en algunas jugadas cuando no hacen falta\u201d.<\/p>\n\n\n\n<p><strong>Posici\u00f3n de lateral<\/strong><br \/>\u201cMendy se ha recuperado y est\u00e1 disponible para ma\u00f1ana. Alaba est\u00e1 empezando a entrenar de forma parcial. Empezar\u00e1 con el grupo en la vuelta y estar\u00e1 para jugar a mitad de enero. Los dos laterales lo han hecho muy bien tras las lesiones de los laterales titulares Carvajal y Mendy. Lucas V\u00e1zquez y Fran Garc\u00eda han aguantado bien tras muchos partidos y han aportado al equipo. Con respecto a Valverde, no pienso meterlo de lateral cuando no hay emergencia. Tambi\u00e9n est\u00e1 entrenando ah\u00ed Ra\u00fal porque en algunos partidos puede sernos de utilidad\u201d.<\/p>\n\n\n\n<p><strong>Confianza en Vini Jr. y Kak\u00e1<\/strong><br \/>\u201cLes he dado confianza. Al jugador de talento, si le das confianza, saca su mejor versi\u00f3n. No se puede dar la confianza de la misma manera a todos. A veces metes a un jugador cuando no est\u00e1 sacando su mejor nivel. Por eso es muy dif\u00edcil darles la confianza a todos. Uno gana porque tiene la calidad para ser el mejor del mundo\u201d.<\/p>\n\n\n\n<p><strong>Conexi\u00f3n entre Vini Jr., Rodrygo, Bellingham y Mbapp\u00e9<\/strong><br \/>\u201cNo han jugado mucho juntos porque a veces ha estado lesionado Rodrygo o Bellingham. Pero por lo que he visto, combinan y se adaptan muy bien a las caracter\u00edsticas de cada uno. A veces, Mbapp\u00e9 ha jugado por la izquierda, a veces Vini por dentro y otras Bellingham ha ca\u00eddo por la izquierda. No voy a fijar una posici\u00f3n a los cuatro, les dar\u00e9 libertad para encontrar la posici\u00f3n correcta\u201d.<\/p>\n\n\n\n<p>\u201cTambi\u00e9n hay que buscar la movilidad porque eso es importante en el aspecto ofensivo. A Mbapp\u00e9 no le pido estar involucrado en el juego porque su talento es el desmarque. Le pedimos que mejore en la continuidad. Es lo que le pedimos y es lo que tiene que hacer de forma m\u00e1s frecuente. Adem\u00e1s, tenemos jugadores para meterle ese pase al desmarque\u201d.<\/p>\n\n\n\n<p><\/p>\n\n\n\n<p><\/p>\n\n\n\n<p>realmadrid.com<\/p>\n","protected":false},"excerpt":{"rendered":"<p>\u00abEl 2024 ha sido fant\u00e1stico e inolvidable y creo que se puede repetir si todos somos capaces de sacar lo mejor\u00bb, declar\u00f3 el italiano. NOTICIA.21\/12\/2024Rodrigo Salamanca Carlo&nbsp;Ancelotti&nbsp;compareci\u00f3 en la sala de prensa de la&nbsp;Ciudad Real Madrid&nbsp;para analizar el Real Madrid-Sevilla, correspondiente a la 18\u00aa jornada de la Liga, que se disputar\u00e1 en el&nbsp;Santiago Bernab\u00e9u&nbsp;(domingo, 16:15 [&hellip;]<\/p>\n","protected":false},"author":1,"featured_media":177620,"comment_status":"closed","ping_status":"closed","sticky":false,"template":"","format":"standard","meta":{"_acf_changed":false,"_jetpack_memberships_contains_paid_content":false,"footnotes":"","jetpack_publicize_message":"","jetpack_publicize_feature_enabled":true,"jetpack_social_post_already_shared":true,"jetpack_social_options":{"image_generator_settings":{"template":"highway","default_image_id":0,"font":"","enabled":false},"version":2}},"categories":[1],"tags":[],"class_list":["post-177619","post","type-post","status-publish","format-standard","has-post-thumbnail","hentry","category-uncategorized"],"acf":[],"jetpack_publicize_connections":[],"jetpack_featured_media_url":"https:\/\/i0.wp.com\/sportseco.com\/wp-content\/uploads\/2024\/12\/ND_02_RP_ANCELOTTI_SG13847.webp?fit=1440%2C810&ssl=1","jetpack_sharing_enabled":true,"_links":{"self":[{"href":"https:\/\/sportseco.com\/index.php?rest_route=\/wp\/v2\/posts\/177619","targetHints":{"allow":["GET"]}}],"collection":[{"href":"https:\/\/sportseco.com\/index.php?rest_route=\/wp\/v2\/posts"}],"about":[{"href":"https:\/\/sportseco.com\/index.php?rest_route=\/wp\/v2\/types\/post"}],"author":[{"embeddable":true,"href":"https:\/\/sportseco.com\/index.php?rest_route=\/wp\/v2\/users\/1"}],"replies":[{"embeddable":true,"href":"https:\/\/sportseco.com\/index.php?rest_route=%2Fwp%2Fv2%2Fcomments&post=177619"}],"version-history":[{"count":1,"href":"https:\/\/sportseco.com\/index.php?rest_route=\/wp\/v2\/posts\/177619\/revisions"}],"predecessor-version":[{"id":177621,"href":"https:\/\/sportseco.com\/index.php?rest_route=\/wp\/v2\/posts\/177619\/revisions\/177621"}],"wp:featuredmedia":[{"embeddable":true,"href":"https:\/\/sportseco.com\/index.php?rest_route=\/wp\/v2\/media\/177620"}],"wp:attachment":[{"href":"https:\/\/sportseco.com\/index.php?rest_route=%2Fwp%2Fv2%2Fmedia&parent=177619"}],"wp:term":[{"taxonomy":"category","embeddable":true,"href":"https:\/\/sportseco.com\/index.php?rest_route=%2Fwp%2Fv2%2Fcategories&post=177619"},{"taxonomy":"post_tag","embeddable":true,"href":"https:\/\/sportseco.com\/index.php?rest_route=%2Fwp%2Fv2%2Ftags&post=177619"}],"curies":[{"name":"wp","href":"https:\/\/api.w.org\/{rel}","templated":true}]}}