{"id":177661,"date":"2024-12-22T11:39:03","date_gmt":"2024-12-22T16:39:03","guid":{"rendered":"https:\/\/sportseco.com\/?p=177661"},"modified":"2024-12-22T11:39:08","modified_gmt":"2024-12-22T16:39:08","slug":"espana-vertedero-ilegal-del-sur-de-europa-de-residuos-urbanos-e-industriales","status":"publish","type":"post","link":"https:\/\/sportseco.com\/?p=177661","title":{"rendered":"Espa\u00f1a, vertedero \u00abilegal\u00bb del sur de Europa de residuos urbanos e industriales"},"content":{"rendered":"\n<p><strong>Ana Tu\u00f1as Matilla<\/strong><br \/><strong>Espa\u00f1a se ha convertido en el vertedero \u00abilegal\u00bb del sur de Europa de la mano del crimen organizado que, en connivencia con actores nacionales, introduce a diario en el pa\u00eds toneladas de basura urbana e industrial procedente, principalmente, de Francia e Italia, pero tambi\u00e9n ya desde pa\u00edses como B\u00e9lgica y Alemania.<\/strong><\/p>\n\n\n\n<p>Esa basura, en algunos casos calificada de peligrosa por los riesgos que conlleva para el medio y la salud, entra ilegalmente en Espa\u00f1a bajo la apariencia de residuo legal, lo que dificulta mucho su detecci\u00f3n, ha explicado a EFEverde el&nbsp;<strong>comandante Carlos Astr\u00e1in de la Unidad Central Operativa de Medio Ambiente (UCOMA) de la Jefatura del Servicio de Protecci\u00f3n de la Naturaleza (SEPRONA) de la Guardia Civil<\/strong>.<\/p>\n\n\n\n<p>Desde la firma del Convenio de Basilea, en los a\u00f1os 80, la norma que rige en Europa es que&nbsp;<strong>cada naci\u00f3n debe gestionar su propia basura<\/strong>&nbsp;minimizando el impacto ambiental y en la salud humana mediante el tratamiento adecuado de cada residuo, lo que tiene un&nbsp;<strong>coste<\/strong>.<\/p>\n\n\n\n<p>Minimizar ese coste para maximizar beneficios es precisamente lo que lleva a muchos a recurrir a traficantes, que, a su vez, para \u00abganar\u00bb dinero mueven los residuos a pa\u00edses en los que el coste de tratamiento es menor, las normas ambientales son m\u00e1s laxas o haci\u00e9ndolos pasar por art\u00edculos valorizables (reciclables o reutilizables).<\/p>\n\n\n\n<p>Durante d\u00e9cadas, esta forma de funcionar ha provocado que \u00c1frica se haya convertido en el basurero de Europa en cuanto a residuos de aparatos el\u00e9ctricos y electrodom\u00e9sticos, veh\u00edculos y ropa, y Asia en lo que respecta a pl\u00e1sticos y papel.<\/p>\n\n\n\n<h2 class=\"wp-block-heading\">Vienen a Espa\u00f1a porque es m\u00e1s barato<\/h2>\n\n\n\n<blockquote class=\"wp-block-quote is-layout-flow wp-block-quote-is-layout-flow\">\n<p>\u00abSin embargo, el flujo que m\u00e1s nos preocupa ahora es lo que est\u00e1 entrando en Espa\u00f1a\u00bb v\u00eda organizaciones criminales \u00abtradicionales\u00bb de Francia e Italia, principalmente, que se han reconvertido tras ver en el tr\u00e1fico de residuos un negocio que genera \u00abincre\u00edbles beneficios\u00bb con riesgo \u00abnulo\u00bb.<\/p>\n<\/blockquote>\n\n\n\n<p>Si hace un a\u00f1o el SEPRONA alertaba de movimientos desde Francia e Italia, este tr\u00e1fico, no s\u00f3lo no se ha reducido sino que ha ido en aumento y se est\u00e1 extendiendo, hasta el punto de que ya han detectado env\u00edos desde pa\u00edses como B\u00e9lgica o Alemania, seg\u00fan Astr\u00e1in, que ha alertado de que nos estamos convirtiendo en el vertedero de Europa.<\/p>\n\n\n\n<p>\u00abVienen a Espa\u00f1a porque es mucho m\u00e1s barato\u00bb. Por ejemplo, en Francia, gestionar una tonelada de residuo urbano cuesta unos 250 euros frente a unos 50 euros de Espa\u00f1a, con lo que el ahorro ser\u00eda de unos 200 euros por tonelada. \u00abSi un cami\u00f3n tiene 20 toneladas y al d\u00eda est\u00e1s mandando entre 10 o 20 camiones, echa cuentas\u00bb, ha apuntado.<\/p>\n\n\n\n<p>Seg\u00fan el experto, Espa\u00f1a est\u00e1 cogiendo el relevo como destino de residuos a Italia, donde los vertederos ya est\u00e1n llenos y se est\u00e1n viendo obligados a incinerar, lo que implica un coste m\u00e1s elevado (400 euros tonelada) y lleva a recurrir a las mafias para repartir por Europa los residuos, muchos de los cuales est\u00e1n acabando aqu\u00ed.<\/p>\n\n\n\n<figure class=\"wp-block-image\" id=\"attachment_214308\"><img data-recalc-dims=\"1\" height=\"360\" width=\"640\" decoding=\"async\" src=\"https:\/\/i0.wp.com\/efeverde.com\/wp-content\/uploads\/2024\/12\/op_poubelle_seprona_editada1-1024x576.jpg?resize=640%2C360&#038;ssl=1\" alt=\"\" class=\"wp-image-214308\"\/><figcaption class=\"wp-element-caption\">Im\u00e1genes de una operaci\u00f3n contra el tr\u00e1fico de residuos @Guardia Civil<\/figcaption><\/figure>\n\n\n\n<h2 class=\"wp-block-heading\">Catalu\u00f1a, Arag\u00f3n y Comunidad Valenciana, principales destinos<\/h2>\n\n\n\n<p>Las comunidades que m\u00e1s \u00abbasura\u00bb est\u00e1n recibiendo del exterior son Catalu\u00f1a, Arag\u00f3n y Comunidad Valenciana debido, b\u00e1sicamente, a que son en las que m\u00e1s gestores de residuos hay implantados junto a Pa\u00eds Vasco, en cuya frontera tambi\u00e9n se han detectado entradas pero en la que, en principio, no se est\u00e1n quedando los residuos.<\/p>\n\n\n\n<p>Por ahora, lo que llega es, sobre todo,&nbsp;<strong>residuo urbano<\/strong>, basura que, en lugar de ser separada y tratada en el pa\u00eds de origen, como deber\u00eda de ser, se env\u00eda directamente a Espa\u00f1a haciendo creer, entre otra formas, que se trata de un residuo concreto, por ejemplo, papel o pl\u00e1stico, y\/o que puede ser valorizado.<\/p>\n\n\n\n<p>Tambi\u00e9n est\u00e1 entrando residuo&nbsp;<strong>industrial<\/strong>, donde el margen de beneficio es mayor, pues al tratarse de sustancias peligrosas, como aceites, disolventes o restos de construcci\u00f3n, el coste de tratamiento es m\u00e1s elevado.<\/p>\n\n\n\n<p>En estos casos, el riesgo para la salud y el medio es tambi\u00e9n mayor, pues, en el mejor de los casos, acaban en vertederos \u00abnormales\u00bb en lugar de en plantas de tratamiento adecuadas, y en el peor, enterrados en cualquier lugar, pudiendo contaminar suelos y acu\u00edferos.<\/p>\n\n\n\n<figure class=\"wp-block-image\" id=\"attachment_214313\"><img data-recalc-dims=\"1\" height=\"360\" width=\"640\" decoding=\"async\" src=\"https:\/\/i0.wp.com\/efeverde.com\/wp-content\/uploads\/2024\/12\/op_poubelle_seprona_editada3-3-1024x576.jpg?resize=640%2C360&#038;ssl=1\" alt=\"\" class=\"wp-image-214313\"\/><figcaption class=\"wp-element-caption\">@Guardia Civil<\/figcaption><\/figure>\n\n\n\n<h2 class=\"wp-block-heading\">\u00bfC\u00f3mo lo hacen?<\/h2>\n\n\n\n<p>Todo el negocio gira en torno a la&nbsp;<strong>falsedad documental<\/strong>: en los documentos del traslado se dice que se trata de un tipo de residuo cuando en realidad es otro (bajo el que camuflan la basura para salvar los controles) o se dice que es algo que a\u00fan tiene valor y que se va a reciclar\/reutilizar aqu\u00ed, cuando en realidad no sirve para nada y acabar\u00e1 en un vertedero.<\/p>\n\n\n\n<p>Este fraude se comete en el marco de&nbsp;<strong>estructuras mercantiles perfectamente organizadas<\/strong>&nbsp;que mueven millones de toneladas y que ganan much\u00edsimo dinero y a las que es no f\u00e1cil detectar porque, por lo general, tienen una parte de actividad l\u00edcita, ha advertido.<\/p>\n\n\n\n<p>\u00abCuando se trafica con coca\u00edna, todo es clandestino\u00bb, mientras que cuando se trafica con residuos suelen participar empresas que \u00abhacen parte bien y parte mal\u00bb, como compa\u00f1\u00edas de transporte o gestores autorizados, por lo que es muy dif\u00edcil combatir este tipo de delito, que desde 2020 el SEPRONA aborda como&nbsp;<strong>\u00abcrimen organizado\u00bb.<\/strong><\/p>\n\n\n\n<h2 class=\"wp-block-heading\">\u00bfC\u00f3mo pararlo?<\/h2>\n\n\n\n<p>Para el experto, la \u00fanica forma de frenar este tr\u00e1fico es poniendo en marcha un&nbsp;<strong>sistema inform\u00e1tico en toda Europa que permita armonizar los controles<\/strong>&nbsp;pues, a d\u00eda de hoy, el principal problema es que no hay flujo de informaci\u00f3n para poder contrastar lo que sale de un pa\u00eds y entra en otro y hacer una buena trazabilidad.<\/p>\n\n\n\n<p>Adicionalmente, dentro de Espa\u00f1a, cada comunidad aut\u00f3noma tiene su propio sistema y es este \u00abdesajuste\u00bb entre administraciones competentes lo que aprovechan los defraudadores.<\/p>\n\n\n\n<p><strong>Condenas de c\u00e1rcel y elevar las penas de multa<\/strong>&nbsp;tambi\u00e9n ayudar\u00eda, porque actualmente las sanciones que se imponen son \u00abirrisorias\u00bb en comparaci\u00f3n con los beneficios que genera el tr\u00e1fico ilegal, ha lamentado.<\/p>\n\n\n\n<p>No basta con poner una multa por un cami\u00f3n detectado, hay que perseguirlo como crimen organizado. \u00abQuitar activos y meterlos en la c\u00e1rcel, esa es la \u00fanica forma disuadir\u00bb, seg\u00fan Astr\u00e1in, que ha subrayado que se trata de investigaciones que duran unos dos a\u00f1os y ha advertido de que todo indica que&nbsp;<strong>la generaci\u00f3n de residuos seguir\u00e1 en aumento y con ello la tentaci\u00f3n de traficar con ellos.<\/strong><\/p>\n\n\n\n<figure class=\"wp-block-image\" id=\"attachment_214316\"><img data-recalc-dims=\"1\" height=\"360\" width=\"640\" decoding=\"async\" src=\"https:\/\/i0.wp.com\/efeverde.com\/wp-content\/uploads\/2024\/12\/op_poubelle_seprona_editada6-1024x576.jpg?resize=640%2C360&#038;ssl=1\" alt=\"\" class=\"wp-image-214316\"\/><figcaption class=\"wp-element-caption\">@Guardia Civil<\/figcaption><\/figure>\n\n\n\n<blockquote class=\"wp-block-quote is-layout-flow wp-block-quote-is-layout-flow\">\n<h2 class=\"wp-block-heading\">Ejemplo de manual&nbsp;<\/h2>\n\n\n\n<p>Aqu\u00ed os dejamos un ejemplo de manual que, seg\u00fan los expertos consultados, ilustra la anticipaci\u00f3n y complejidad con la que operan estas redes criminales:<\/p>\n\n\n\n<p>En una ciudad de Francia o Italia, un ciudadano se quiere presentar a alcalde.<\/p>\n\n\n\n<p>Miembros de la mafia marsellesa o la camorra italiana lo detectan y se ofrecen para financiarle la campa\u00f1a electoral a cambio de que si es elegido el contrato de servicio municipal de recogida de basuras lo gane una compa\u00f1\u00eda de la organizaci\u00f3n.<\/p>\n\n\n\n<p>\u00c9l sujeto gana la alcald\u00eda y la mafia ganan dinero cobrando de la administraci\u00f3n por prestar un servicio por el que se les pagan y maxizan los beneficios llevando los residuos, a trav\u00e9s de toda una cadena de subcontratas, a un pa\u00eds donde el tratamiento es m\u00e1s barato o donde acabar\u00e1n tirados en cualquier lugar.<\/p>\n\n\n\n<p>En el punto de mira tambi\u00e9n est\u00e1n los sistemas de responsabilidad ampliada del productor, ideados para que los fabricantes carguen con el coste de tratar los residuos que generan los productos que venden y que, de la mano de estas redes, corren el riesgo de acabar donde no deber\u00edan por irregularidades en alguno de los eslabones de la cadena, seg\u00fan los expertos.<\/p>\n<\/blockquote>\n","protected":false},"excerpt":{"rendered":"<p>Ana Tu\u00f1as MatillaEspa\u00f1a se ha convertido en el vertedero \u00abilegal\u00bb del sur de Europa de la mano del crimen organizado que, en connivencia con actores nacionales, introduce a diario en el pa\u00eds toneladas de basura urbana e industrial procedente, principalmente, de Francia e Italia, pero tambi\u00e9n ya desde pa\u00edses como B\u00e9lgica y Alemania. Esa basura, [&hellip;]<\/p>\n","protected":false},"author":1,"featured_media":177662,"comment_status":"closed","ping_status":"closed","sticky":false,"template":"","format":"standard","meta":{"_acf_changed":false,"_jetpack_memberships_contains_paid_content":false,"footnotes":"","jetpack_publicize_message":"","jetpack_publicize_feature_enabled":true,"jetpack_social_post_already_shared":true,"jetpack_social_options":{"image_generator_settings":{"template":"highway","default_image_id":0,"font":"","enabled":false},"version":2}},"categories":[6],"tags":[],"class_list":["post-177661","post","type-post","status-publish","format-standard","has-post-thumbnail","hentry","category-ecologia"],"acf":[],"jetpack_publicize_connections":[],"jetpack_featured_media_url":"https:\/\/i0.wp.com\/sportseco.com\/wp-content\/uploads\/2024\/12\/op_poubelle_seprona_editada5.jpg?fit=1920%2C1080&ssl=1","jetpack_sharing_enabled":true,"_links":{"self":[{"href":"https:\/\/sportseco.com\/index.php?rest_route=\/wp\/v2\/posts\/177661","targetHints":{"allow":["GET"]}}],"collection":[{"href":"https:\/\/sportseco.com\/index.php?rest_route=\/wp\/v2\/posts"}],"about":[{"href":"https:\/\/sportseco.com\/index.php?rest_route=\/wp\/v2\/types\/post"}],"author":[{"embeddable":true,"href":"https:\/\/sportseco.com\/index.php?rest_route=\/wp\/v2\/users\/1"}],"replies":[{"embeddable":true,"href":"https:\/\/sportseco.com\/index.php?rest_route=%2Fwp%2Fv2%2Fcomments&post=177661"}],"version-history":[{"count":1,"href":"https:\/\/sportseco.com\/index.php?rest_route=\/wp\/v2\/posts\/177661\/revisions"}],"predecessor-version":[{"id":177663,"href":"https:\/\/sportseco.com\/index.php?rest_route=\/wp\/v2\/posts\/177661\/revisions\/177663"}],"wp:featuredmedia":[{"embeddable":true,"href":"https:\/\/sportseco.com\/index.php?rest_route=\/wp\/v2\/media\/177662"}],"wp:attachment":[{"href":"https:\/\/sportseco.com\/index.php?rest_route=%2Fwp%2Fv2%2Fmedia&parent=177661"}],"wp:term":[{"taxonomy":"category","embeddable":true,"href":"https:\/\/sportseco.com\/index.php?rest_route=%2Fwp%2Fv2%2Fcategories&post=177661"},{"taxonomy":"post_tag","embeddable":true,"href":"https:\/\/sportseco.com\/index.php?rest_route=%2Fwp%2Fv2%2Ftags&post=177661"}],"curies":[{"name":"wp","href":"https:\/\/api.w.org\/{rel}","templated":true}]}}