{"id":177692,"date":"2024-12-23T08:25:03","date_gmt":"2024-12-23T13:25:03","guid":{"rendered":"https:\/\/sportseco.com\/?p=177692"},"modified":"2024-12-23T08:25:07","modified_gmt":"2024-12-23T13:25:07","slug":"estudio-revela-alto-riesgo-de-extincion-del-41-de-arboles-endemicos-de-la-amazonia-en-ecuador","status":"publish","type":"post","link":"https:\/\/sportseco.com\/?p=177692","title":{"rendered":"Estudio revela alto riesgo de extinci\u00f3n del 41 % de \u00e1rboles end\u00e9micos de la Amazon\u00eda en Ecuador"},"content":{"rendered":"\n<p><strong>Quito, (EFEverde).- El 41 % de los \u00e1rboles end\u00e9micos de la Amazon\u00eda ecuatoriana est\u00e1n en alto riesgo de extinci\u00f3n, seg\u00fan un estudio desarrollado por la Universidad de las Am\u00e9ricas e Instituto Nacional de Biodiversidad (Inabio).<\/strong><\/p>\n\n\n\n<p>En concreto, la investigaci\u00f3n ha revelado que los \u00e1rboles o plantas de altura mediana o peque\u00f1a y las especies con \u00e1reas de distribuci\u00f3n reducidas son los ejemplares que podr\u00edan sufrir un mayor peligro de desaparici\u00f3n.<\/p>\n\n\n\n<p>\u00abRasgos como el tama\u00f1o del fruto, la altura m\u00e1xima que adquieren las especies as\u00ed como el rango de distribuci\u00f3n son caracter\u00edsticas que est\u00e1n relacionados a alto riesgo de extinci\u00f3n\u00bb, explica el estudio.<\/p>\n\n\n\n<h2 class=\"wp-block-heading\">Datos del estudio<\/h2>\n\n\n\n<p>De acuerdo a los autores del estudio Juan Ernesto Guevara-Andino, Daniel Navas-Mu\u00f1oz (Asociado al Inabio) y Mar\u00eda Jos\u00e9 Endara, la Amazon\u00eda ecuatoriana representa uno de los puntos calientes de deforestaci\u00f3n con una p\u00e9rdida proyectada de aproximadamente el 27 % de la cobertura forestal para el 2023.<\/p>\n\n\n\n<p>Asimismo, el 21 % de las \u00e1reas boscosas donde se registraron la mayor\u00eda de las especies arb\u00f3reas end\u00e9micas ya han sido deforestadas, por lo que los investigadores denuncian que \u00abel actual nivel de deforestaci\u00f3n est\u00e1 aumentando el nivel de amenaza y un deterioro actual del estado de conservaci\u00f3n\u00bb.<\/p>\n\n\n\n<p>Junto a los datos se ha presentado una evaluaci\u00f3n preliminar de la conservaci\u00f3n de la flora arb\u00f3rea end\u00e9mica de la Amazon\u00eda ecuatoriana basado en un conjunto masivo de datos que representan m\u00e1s de 30 a\u00f1os de estudios.<\/p>\n\n\n\n<p>El aumento del n\u00famero de \u00e1reas protegidas en territorios ind\u00edgenas o traducir las pol\u00edticas de conservaci\u00f3n actuales en un uso sostenible concreto, son algunas de las soluciones que se plantean en el estudio para \u00abdetener la creciente amenaza a uno de los componentes m\u00e1s importantes de los bosques tropicales\u00bb.<\/p>\n\n\n\n<h2 class=\"wp-block-heading\">Utilidad del estudio<\/h2>\n\n\n\n<p>Los resultados tambi\u00e9n han sido \u00fatiles para corroborar la evidencia reciente demostrada por otros an\u00e1lisis en los que se sugiere que m\u00e1s del 50 % de todas las especies de \u00e1rboles amaz\u00f3nicos probablemente est\u00e1n en peligro, siendo las especies raras y end\u00e9micas las m\u00e1s amenazadas.<\/p>\n\n\n\n<p>Al igual que ocurre en Ecuador, en el estudio se plantea la hip\u00f3tesis de que una proporci\u00f3n similar de la flora arb\u00f3rea end\u00e9mica amaz\u00f3nica de Colombia, Brasil y Per\u00fa enfrenta actualmente un alto riesgo de extinci\u00f3n.<\/p>\n\n\n\n<p>\u00abDependiendo de los niveles de deforestaci\u00f3n y las diferencias de los efectos del escenario clim\u00e1tico futuro, esta proporci\u00f3n podr\u00eda aumentar\u00bb, concluyen.<\/p>\n\n\n\n<p>La Amazonia ecuatoriana es reconocida por sus extraordinarios niveles de diversidad arb\u00f3rea, con un estimado de 5.400 especies de \u00e1rboles para toda la regi\u00f3n, y m\u00e1s de 650 especies dentro de una sola hect\u00e1rea, seg\u00fan un comunicado de Inabio.<\/p>\n\n\n\n<p>A pesar de que s\u00f3lo el 3 % de todas las especies de \u00e1rboles son end\u00e9micas, el cambio de uso de la tierra y la p\u00e9rdida de h\u00e1bitat est\u00e1n provocando que estos bosques desaparezcan r\u00e1pidamente a tasas cada vez m\u00e1s altas, con algunas proyecciones para la regi\u00f3n que oscilan entre el 9 % y el 28 % de tasas de extinci\u00f3n para 2050, anota. EFEverde<\/p>\n\n\n\n<p>ame\/sm\/afcu<\/p>\n","protected":false},"excerpt":{"rendered":"<p>Quito, (EFEverde).- El 41 % de los \u00e1rboles end\u00e9micos de la Amazon\u00eda ecuatoriana est\u00e1n en alto riesgo de extinci\u00f3n, seg\u00fan un estudio desarrollado por la Universidad de las Am\u00e9ricas e Instituto Nacional de Biodiversidad (Inabio). En concreto, la investigaci\u00f3n ha revelado que los \u00e1rboles o plantas de altura mediana o peque\u00f1a y las especies con [&hellip;]<\/p>\n","protected":false},"author":1,"featured_media":177693,"comment_status":"closed","ping_status":"closed","sticky":false,"template":"","format":"standard","meta":{"_acf_changed":false,"_jetpack_memberships_contains_paid_content":false,"footnotes":"","jetpack_publicize_message":"","jetpack_publicize_feature_enabled":true,"jetpack_social_post_already_shared":true,"jetpack_social_options":{"image_generator_settings":{"template":"highway","default_image_id":0,"font":"","enabled":false},"version":2}},"categories":[6],"tags":[],"class_list":["post-177692","post","type-post","status-publish","format-standard","has-post-thumbnail","hentry","category-ecologia"],"acf":[],"jetpack_publicize_connections":[],"jetpack_featured_media_url":"https:\/\/i0.wp.com\/sportseco.com\/wp-content\/uploads\/2024\/12\/Amazonas-Sarayaku-Ecuador.jpg?fit=1920%2C1440&ssl=1","jetpack_sharing_enabled":true,"_links":{"self":[{"href":"https:\/\/sportseco.com\/index.php?rest_route=\/wp\/v2\/posts\/177692","targetHints":{"allow":["GET"]}}],"collection":[{"href":"https:\/\/sportseco.com\/index.php?rest_route=\/wp\/v2\/posts"}],"about":[{"href":"https:\/\/sportseco.com\/index.php?rest_route=\/wp\/v2\/types\/post"}],"author":[{"embeddable":true,"href":"https:\/\/sportseco.com\/index.php?rest_route=\/wp\/v2\/users\/1"}],"replies":[{"embeddable":true,"href":"https:\/\/sportseco.com\/index.php?rest_route=%2Fwp%2Fv2%2Fcomments&post=177692"}],"version-history":[{"count":1,"href":"https:\/\/sportseco.com\/index.php?rest_route=\/wp\/v2\/posts\/177692\/revisions"}],"predecessor-version":[{"id":177694,"href":"https:\/\/sportseco.com\/index.php?rest_route=\/wp\/v2\/posts\/177692\/revisions\/177694"}],"wp:featuredmedia":[{"embeddable":true,"href":"https:\/\/sportseco.com\/index.php?rest_route=\/wp\/v2\/media\/177693"}],"wp:attachment":[{"href":"https:\/\/sportseco.com\/index.php?rest_route=%2Fwp%2Fv2%2Fmedia&parent=177692"}],"wp:term":[{"taxonomy":"category","embeddable":true,"href":"https:\/\/sportseco.com\/index.php?rest_route=%2Fwp%2Fv2%2Fcategories&post=177692"},{"taxonomy":"post_tag","embeddable":true,"href":"https:\/\/sportseco.com\/index.php?rest_route=%2Fwp%2Fv2%2Ftags&post=177692"}],"curies":[{"name":"wp","href":"https:\/\/api.w.org\/{rel}","templated":true}]}}