{"id":177702,"date":"2024-12-23T18:11:47","date_gmt":"2024-12-23T23:11:47","guid":{"rendered":"https:\/\/sportseco.com\/?p=177702"},"modified":"2024-12-23T18:12:10","modified_gmt":"2024-12-23T23:12:10","slug":"el-cambio-climatico-en-la-corte-internacional-que-dijeron-paises-como-brasil-china-y-estados-unidos","status":"publish","type":"post","link":"https:\/\/sportseco.com\/?p=177702","title":{"rendered":"El cambio clim\u00e1tico en la Corte Internacional: \u00bfQu\u00e9 dijeron pa\u00edses como Brasil, China y Estados Unidos?"},"content":{"rendered":"\n<figure class=\"wp-block-image\"><img data-recalc-dims=\"1\" decoding=\"async\" src=\"https:\/\/i0.wp.com\/global.unitednations.entermediadb.net\/assets\/mediadb\/services\/module\/asset\/downloads\/preset\/Collections\/Embargoed\/19-12-2024_ICJ_Climate-Change.jpg\/image1170x530cropped.jpg?w=640&#038;ssl=1\" alt=\"La sala de vistas de la Corte Internacional de Justicia al inicio de las audiencias sobre las obligaciones de los Estados respecto al cambio clim\u00e1tico.\" title=\"La sala de vistas de la Corte Internacional de Justicia al inicio de las audiencias sobre las obligaciones de los Estados respecto al cambio clim\u00e1tico.\"\/><\/figure>\n\n\n\n<p>Corte Internacional de Justicia\/Frank van Beek<\/p>\n\n\n\n<p>La sala de vistas de la Corte Internacional de Justicia al inicio de las audiencias sobre las obligaciones de los Estados respecto al cambio clim\u00e1tico.<\/p>\n\n\n\n<p>Casi 100 pa\u00edses presentan su posici\u00f3n sobre las obligaciones y las consecuencias de los Estados en materia de justicia clim\u00e1tica.&nbsp;<\/p>\n\n\n\n<p>Un total de 96 pa\u00edses y 11 organizaciones regionales presentaron sus posiciones sobre el&nbsp;<a href=\"https:\/\/news.un.org\/es\/news\/topic\/climate-change\">cambio clim\u00e1tico<\/a>&nbsp;en unas audiencias p\u00fablicas ante la&nbsp;<a href=\"https:\/\/www.icj-cij.org\/es\" target=\"_blank\" rel=\"noreferrer noopener\">Corte Internacional de Justicia<\/a>&nbsp;del 2 al 13 de diciembre.<\/p>\n\n\n\n<p>Las audiencias responden a la petici\u00f3n por parte de la&nbsp;<a href=\"https:\/\/www.un.org\/es\/ga\/about\/index.shtml\">Asamblea General<\/a>&nbsp;de las Naciones Unidas de una opini\u00f3n consultiva el 29 de marzo de 2023, para aclarar las \u201c<a href=\"https:\/\/www.icj-cij.org\/sites\/default\/files\/case-related\/187\/187-20241202-pre-01-00-en.pdf\" target=\"_blank\" rel=\"noreferrer noopener\">obligaciones de los Estados con respecto al cambio clim\u00e1tico<\/a>\u201d en virtud del derecho internacional.<\/p>\n\n\n\n<p>En unos meses, la Corte emitir\u00e1 una opini\u00f3n entorno a dos cuestiones centrales:<\/p>\n\n\n\n<ul class=\"wp-block-list\">\n<li>La primera trata sobre cu\u00e1les son las obligaciones de los Estados a la hora de garantizar la protecci\u00f3n del sistema clim\u00e1tico y otras partes del medio ambiente\u00a0<strong>para las generaciones presentes y futuras<\/strong><\/li>\n\n\n\n<li>La segunda es sobre cu\u00e1les son las consecuencias jur\u00eddicas los Estados, por sus actos y omisiones, hayan causado da\u00f1os significativos al sistema clim\u00e1tico y otras partes del medio ambiente<\/li>\n<\/ul>\n\n\n\n<p>Iniciado por Vanuatu, el proceso representa los esfuerzos de la comunidad internacional por&nbsp;<strong>establecer un marco jur\u00eddico para hacer frente al cambio clim\u00e1tico<\/strong>.<\/p>\n\n\n\n<p>El Centro Regional de Informaci\u00f3n de la ONU en Europa occidental&nbsp;<a href=\"https:\/\/unric.org\/en\/international-justice-two-weeks-of-hearings-on-states-responsibility-for-climate-change\/\" target=\"_blank\" rel=\"noreferrer noopener\">resume<\/a>&nbsp;algunas de las intervenciones en este art\u00edculo<\/p>\n\n\n\n<h2 class=\"wp-block-heading\">El cambio clim\u00e1tico amenaza la supervivencia de pueblos enteros<\/h2>\n\n\n\n<p>El enviado especial para el cambio clim\u00e1tico de Vanuatu se refiri\u00f3 a la reciente&nbsp;<a href=\"https:\/\/news.un.org\/es\/events\/cop29\">COP29<\/a>&nbsp;en Bak\u00fa, asegurando que \u201cuna vez m\u00e1s hemos sido testigos directos del fracaso del proceso\u201d.<\/p>\n\n\n\n<p>\u201cEs inconcebible que durante esta reuni\u00f3n no se llegara a ning\u00fan acuerdo para reducir las emisiones\u201d, subray\u00f3 Ralph Regenvanu, a\u00f1adiendo que \u00e9stas alcanzaron un nivel r\u00e9cord en 2023.<\/p>\n\n\n\n<p>Por su parte, el fiscal general de ese pa\u00eds, particularmente amenazado por el cambio clim\u00e1tico, se\u00f1al\u00f3 que \u201c<strong>el incumplimiento de sus obligaciones por parte de un pu\u00f1ado de Estados con grandes emisiones constituye un hecho internacionalmente il\u00edcito<\/strong>\u201d.<\/p>\n\n\n\n<p>Arnold Kiel Loughman a\u00f1adi\u00f3 que \u201ccolectivamente, han causado da\u00f1os catastr\u00f3ficos (&#8230;) \u00bfC\u00f3mo puede ser l\u00edcito y carecer de consecuencias un comportamiento que ha llevado a la humanidad al borde del abismo, amenazando la supervivencia de pueblos enteros?\u201d, cuestion\u00f3.<\/p>\n\n\n\n<figure class=\"wp-block-image\"><img data-recalc-dims=\"1\" decoding=\"async\" src=\"https:\/\/i0.wp.com\/global.unitednations.entermediadb.net\/assets\/mediadb\/services\/module\/asset\/downloads\/preset\/Collections\/Embargoed\/19-12-2024_ICJ_Climate-Change-01.jpg\/image1170x530cropped.jpg?w=640&#038;ssl=1\" alt=\"Miembros de las delegaciones de Vanuatu y del Grupo Melanesio de Punta de Lanza asisten a las audiencias sobre las obligaciones de los Estados respecto al cambio clim\u00e1tico en la Corte Internacional de Justicia de La Haya.\" title=\"Miembros de las delegaciones de Vanuatu y del Grupo Melanesio de Punta de Lanza asisten a las audiencias sobre las obligaciones de los Estados respecto al cambio clim\u00e1tico en la Corte Internacional de Justicia de La Haya.\"\/><\/figure>\n\n\n\n<p>Corte Internacional de Justicia\/Frank van Beek<\/p>\n\n\n\n<p>Miembros de las delegaciones de Vanuatu y del Grupo Melanesio de Punta de Lanza asisten a las audiencias sobre las obligaciones de los Estados respecto al cambio clim\u00e1tico en la Corte Internacional de Justicia de La Haya.<\/p>\n\n\n\n<h2 class=\"wp-block-heading\">Los peque\u00f1os Estados insulares enfrentan la \u201cinundaci\u00f3n total\u201d<\/h2>\n\n\n\n<p>La&nbsp;<a href=\"https:\/\/www.aosis.org\/\" target=\"_blank\" rel=\"noreferrer noopener\">Alianza de Peque\u00f1os Estados Insulares<\/a>&nbsp;argument\u00f3 que el derecho internacional debe evolucionar para hacer frente a la crisis clim\u00e1tica y al&nbsp;<strong>efecto desproporcionado que tiene sobre los peque\u00f1os Estados insulares en desarrollo<\/strong>\u201d.<\/p>\n\n\n\n<p>La Alianza pidi\u00f3 a la Corte que reconozca \u201cel deber de cooperaci\u00f3n como principio general del derecho ambiental internacional\u201d, incluida la prestaci\u00f3n de asistencia tecnol\u00f3gica y financiera.<\/p>\n\n\n\n<p>Tambi\u00e9n pidi\u00f3 que afirme el principio de la \u201ccontinuidad del Estado\u201d \u201ca pesar de los cambios f\u00edsicos o la inundaci\u00f3n completa del territorio terrestre de un Estado debido a la subida del nivel del mar relacionada con el cambio clim\u00e1tico\u201d. El objetivo, explic\u00f3 la Alianza, es mantener la existencia de los Estados, aunque su territorio desaparezca.<\/p>\n\n\n\n<h2 class=\"wp-block-heading\">A cada pa\u00eds, su responsabilidad<\/h2>\n\n\n\n<p>El enviado especial sobre cambio clim\u00e1tico de Brasil, que acoger\u00e1 la COP30 en 2025 en Belem, record\u00f3 los efectos catastr\u00f3ficos del cambio clim\u00e1tico dentro de sus fronteras: graves sequ\u00edas en el Norte, lluvias masivas e inundaciones en el Sur, incendios forestales en la Amazonia, el Cerrado y el Pantanal.<\/p>\n\n\n\n<p>Luiz Alberto Figueiredo Machado destac\u00f3 la ambici\u00f3n de su nueva contribuci\u00f3n nacional voluntaria, con la que pretende reducir las emisiones entre un 59% y un 67% de aqu\u00ed a 2035, en comparaci\u00f3n con los niveles de 2005. Esto, a pesar de que Brasil es un \u201cpa\u00eds en desarrollo\u201d centrado en la erradicaci\u00f3n de la pobreza.<\/p>\n\n\n\n<p>En este sentido, insisti\u00f3 en las \u201cresponsabilidades hist\u00f3ricas\u201d por las emisiones de gases de efecto invernadero y en el principio de \u201cresponsabilidades comunes pero diferenciadas y capacidades respectivas\u201d de los Estados.<\/p>\n\n\n\n<p>As\u00ed,&nbsp;<strong>cada naci\u00f3n deber\u00eda contribuir a combatir el cambio clim\u00e1tico en proporci\u00f3n a sus capacidades sociales y econ\u00f3micas y a su papel hist\u00f3rico en las emisiones globales<\/strong>.<\/p>\n\n\n\n<h2 class=\"wp-block-heading\">Cumplir el Acuerdo de Par\u00eds sin nuevas leyes<\/h2>\n\n\n\n<p>El asesor jur\u00eddico del Ministerio de Asuntos Exteriores de China, uno de los mayores emisores de gases de efecto invernadero del mundo, expres\u00f3 su esperanza de que la Corte \u201cse centre en la identificaci\u00f3n y clarificaci\u00f3n\u201d de la ley actual, y se abstenga de desarrollar y aplicar leyes futuras.<\/p>\n\n\n\n<p>En este sentido, el gigante asi\u00e1tico considera que la Convenci\u00f3n Marco de las Naciones Unidas sobre el Cambio Clim\u00e1tico, el Protocolo de Kioto y el&nbsp;<a href=\"https:\/\/unfccc.int\/es\/acerca-de-las-ndc\/el-acuerdo-de-paris\" target=\"_blank\" rel=\"noreferrer noopener\">Acuerdo de Par\u00eds<\/a>&nbsp;representan la base jur\u00eddica de la gobernanza mundial del clima.<\/p>\n\n\n\n<p>Al igual que Brasil, Xinmin Ma aleg\u00f3 que es un pa\u00eds en desarrollo y subray\u00f3 tambi\u00e9n el principio de responsabilidades comunes pero diferenciadas. As\u00ed, seg\u00fan lo establecido en el Acuerdo de Par\u00eds, necesitar\u00eda plazos m\u00e1s largos para alcanzar el m\u00e1ximo de emisiones.&nbsp;<\/p>\n\n\n\n<p>El pa\u00eds reiter\u00f3 el argumento de que los pa\u00edses desarrollados tienen la obligaci\u00f3n de asumir sus responsabilidades hist\u00f3ricas, ya que sus emisiones son la causa principal de la actual crisis e injusticias clim\u00e1ticas, como se\u00f1alan los informes del Grupo Intergubernamental de&nbsp;<a href=\"https:\/\/archive.ipcc.ch\/home_languages_main_spanish.shtml\" target=\"_blank\" rel=\"noreferrer noopener\">Expertos sobre el Cambio Clim\u00e1tico<\/a>.<\/p>\n\n\n\n<h2 class=\"wp-block-heading\">Los tratados existentes no son jur\u00eddicamente vinculantes<\/h2>\n\n\n\n<p>Estados Unidos, el segundo mayor emisor de gases de efecto invernadero, se\u00f1al\u00f3 que el pa\u00eds reconoce que la crisis clim\u00e1tica \u201ces uno de los retos m\u00e1s graves a los que se ha enfrentado jam\u00e1s la humanidad\u201d.<\/p>\n\n\n\n<p>\u201cPara abordarla se requiere la acci\u00f3n y la cooperaci\u00f3n mundial de todos los Estados y, en particular, de todos los principales emisores de gases de efecto invernadero\u201d, dijo la asesora legal del Departamento de Estado, Margaret Taylor.<\/p>\n\n\n\n<p>Al igual que China, Estados Unidos anim\u00f3 al Tribunal a \u201cgarantizar que su dictamen preserva y promueve la centralidad\u201d de los tratados de la ONU.<\/p>\n\n\n\n<p>\u00c9stos, sin embargo, no son jur\u00eddicamente vinculantes, seg\u00fan Estados Unidos, que se\u00f1al\u00f3 que un pa\u00eds no incumple el Acuerdo de Par\u00eds si no logra su logra sus objetivos (contribuciones determinadas a nivel nacional). \u201cEsto se deduce claramente del art\u00edculo 4.2, el cual describe las contribuciones determinadas a nivel nacional como algo que cada [Estado] parte<em>&nbsp;se propone alcanzar<\/em>\u201d.<\/p>\n\n\n\n<p>El pa\u00eds norteamericano refut\u00f3, adem\u00e1s, la importancia de las responsabilidades diferenciadas, asegurando que no son un principio fundamental del Acuerdo de Par\u00eds, ni un principio del derecho internacional consuetudinario, ni un principio general del derecho.<\/p>\n\n\n\n<p><\/p>\n\n\n\n<p><\/p>\n\n\n\n<p>news.un.org<\/p>\n","protected":false},"excerpt":{"rendered":"<p>Corte Internacional de Justicia\/Frank van Beek La sala de vistas de la Corte Internacional de Justicia al inicio de las audiencias sobre las obligaciones de los Estados respecto al cambio clim\u00e1tico. Casi 100 pa\u00edses presentan su posici\u00f3n sobre las obligaciones y las consecuencias de los Estados en materia de justicia clim\u00e1tica.&nbsp; Un total de 96 [&hellip;]<\/p>\n","protected":false},"author":1,"featured_media":177703,"comment_status":"closed","ping_status":"closed","sticky":false,"template":"","format":"standard","meta":{"_acf_changed":false,"_jetpack_memberships_contains_paid_content":false,"footnotes":"","jetpack_publicize_message":"","jetpack_publicize_feature_enabled":true,"jetpack_social_post_already_shared":true,"jetpack_social_options":{"image_generator_settings":{"template":"highway","default_image_id":0,"font":"","enabled":false},"version":2}},"categories":[6],"tags":[],"class_list":["post-177702","post","type-post","status-publish","format-standard","has-post-thumbnail","hentry","category-ecologia"],"acf":[],"jetpack_publicize_connections":[],"jetpack_featured_media_url":"https:\/\/i0.wp.com\/sportseco.com\/wp-content\/uploads\/2024\/12\/image1170x530cropped-8.jpg?fit=1170%2C530&ssl=1","jetpack_sharing_enabled":true,"_links":{"self":[{"href":"https:\/\/sportseco.com\/index.php?rest_route=\/wp\/v2\/posts\/177702","targetHints":{"allow":["GET"]}}],"collection":[{"href":"https:\/\/sportseco.com\/index.php?rest_route=\/wp\/v2\/posts"}],"about":[{"href":"https:\/\/sportseco.com\/index.php?rest_route=\/wp\/v2\/types\/post"}],"author":[{"embeddable":true,"href":"https:\/\/sportseco.com\/index.php?rest_route=\/wp\/v2\/users\/1"}],"replies":[{"embeddable":true,"href":"https:\/\/sportseco.com\/index.php?rest_route=%2Fwp%2Fv2%2Fcomments&post=177702"}],"version-history":[{"count":2,"href":"https:\/\/sportseco.com\/index.php?rest_route=\/wp\/v2\/posts\/177702\/revisions"}],"predecessor-version":[{"id":177705,"href":"https:\/\/sportseco.com\/index.php?rest_route=\/wp\/v2\/posts\/177702\/revisions\/177705"}],"wp:featuredmedia":[{"embeddable":true,"href":"https:\/\/sportseco.com\/index.php?rest_route=\/wp\/v2\/media\/177703"}],"wp:attachment":[{"href":"https:\/\/sportseco.com\/index.php?rest_route=%2Fwp%2Fv2%2Fmedia&parent=177702"}],"wp:term":[{"taxonomy":"category","embeddable":true,"href":"https:\/\/sportseco.com\/index.php?rest_route=%2Fwp%2Fv2%2Fcategories&post=177702"},{"taxonomy":"post_tag","embeddable":true,"href":"https:\/\/sportseco.com\/index.php?rest_route=%2Fwp%2Fv2%2Ftags&post=177702"}],"curies":[{"name":"wp","href":"https:\/\/api.w.org\/{rel}","templated":true}]}}