{"id":177768,"date":"2024-12-26T08:52:00","date_gmt":"2024-12-26T13:52:00","guid":{"rendered":"https:\/\/sportseco.com\/?p=177768"},"modified":"2024-12-26T08:52:04","modified_gmt":"2024-12-26T13:52:04","slug":"la-agonia-de-los-glaciares-del-pirineo-un-paisaje-unico-condenado-a-desaparecer","status":"publish","type":"post","link":"https:\/\/sportseco.com\/?p=177768","title":{"rendered":"La agon\u00eda de los glaciares del Pirineo, un paisaje \u00fanico condenado a desaparecer"},"content":{"rendered":"\n<p><strong>Madrid (EFEverde).- En 1850 hab\u00eda 52 glaciares en los Pirineos, en 2020 quedaban 19 y ahora solo hay 14 activos. En apenas unos a\u00f1os cinco de estas masas de hielo han dejado de ser consideradas glaciares por los investigadores debido a su peque\u00f1o tama\u00f1o y al no tener evidencias de movimiento. El resto sigue el mismo camino.<\/strong><\/p>\n\n\n\n<p>Los tres principales glaciares: Aneto, Monte Perdido y Ossoue (en el Pirineo franc\u00e9s) est\u00e1n retrocediendo muy r\u00e1pido, los veranos de 2022 y 2023 fueron para ellos tremendos en cuanto a p\u00e9rdidas, tres veces m\u00e1s altas de lo que puede ser una p\u00e9rdida media anual de los \u00faltimos 10 o 15 a\u00f1os, y aunque 2024 ha sido un poquito mejor, a\u00fan est\u00e1 muy lejos de poder compensar las p\u00e9rdidas anteriores, explica a EFEverde.com&nbsp;<strong>Juan Ignacio L\u00f3pez Moreno<\/strong>.<\/p>\n\n\n\n<p>El&nbsp;<strong>doctor en Geograf\u00eda por la Universidad de Zaragoza e investigador del Instituto Pirenaico de Ecolog\u00eda, perteneciente al CSIC<\/strong>, sostiene que, cuando se estudia la evoluci\u00f3n futura que pueden tener los glaciares del Pirineo, si el clima de los \u00faltimos 10 a\u00f1os se reproduce habr\u00e1n desaparecido en la pr\u00f3xima d\u00e9cada.<\/p>\n\n\n\n<p>Aunque con anterioridad las proyecciones citaban para 2050 el fin de todos estos glaciares, el investigador afirma que en 2022 y 2023 las p\u00e9rdidas fueron enormes e incluso en los glaciares m\u00e1s grandes el espesor de hielo que queda es muy peque\u00f1o.<\/p>\n\n\n\n<p>Detalla que pr\u00e1cticamente el espesor medio de los tres principales glaciares del Pirineo son 15 metros y esos 15 metros son los que se han perdido en los \u00faltimos 10 a\u00f1os. Entonces es pr\u00e1cticamente imposible que vayan mucho m\u00e1s de 10 o 15 a\u00f1os.<\/p>\n\n\n\n<h2 class=\"wp-block-heading\">\u00bfCu\u00e1ndo considerar un glaciar activo?<\/h2>\n\n\n\n<blockquote class=\"wp-block-quote is-layout-flow wp-block-quote-is-layout-flow\">\n<p>Para considerar un glaciar activo lo principal es que el hielo tenga movimiento y que ese movimiento est\u00e9 originado porque se produce hielo nuevo en las zonas de acumulaci\u00f3n. En estas zonas, la nieve no funde de un a\u00f1o para otro y poco a poco se convierte en hielo, entonces la generaci\u00f3n de este hielo empuja hacia zonas bajas el hielo anterior; tambi\u00e9n, al incrementar la masa la gravedad hace que fluya hacia abajo hasta que entra en una zona de temperatura m\u00e1s c\u00e1lidas que es lo que funde.<\/p>\n<\/blockquote>\n\n\n\n<p>\u201cEl problema es que ahora mismo pr\u00e1cticamente la totalidad de los glaciares del Pirineo carecen de esta zona de acumulaci\u00f3n, ya no se est\u00e1 produciendo hielo nuevo\u201d, se\u00f1ala L\u00f3pez Moreno, quien lleva estudiando estos glaciares por m\u00e1s de 20 a\u00f1os.<\/p>\n\n\n\n<p>Otro de los criterios a tener en cuenta es el tama\u00f1o, que var\u00eda bastante entre pa\u00edses, \u201chay algunos que consideran que tiene que ser de 5 hect\u00e1reas el glaciar, nosotros en el Pirineo utilizamos un tama\u00f1o que tiene que tener como m\u00ednimo dos hect\u00e1reas\u201d, dice.<\/p>\n\n\n\n<figure class=\"wp-block-embed\"><div class=\"wp-block-embed__wrapper\">\nhttps:\/\/efeverde.com\/glaciares-pirineos-tienen-dias-contados-auguran-cientificos\/embed\/#?secret=hb736A07P3#?secret=OInVl3hjh1\n<\/div><\/figure>\n\n\n\n<p>En 1850 aproximadamente hab\u00eda 2300 hect\u00e1reas y ahora mismo quedan menos de 150, es decir, queda menos del 10% de hielo que hab\u00eda al final de la \u00faltima etapa fr\u00eda, denominada La Peque\u00f1a Edad de Hielo, indica el experto.<\/p>\n\n\n\n<p>Para recuperar los glaciares tendr\u00eda que ocurrir un cambio en el clima muy brusco y ninguna instituci\u00f3n cient\u00edfica que hace proyecciones clim\u00e1ticas considera que pueda llegar una etapa de enfriamiento, todo lo contrario, el cambio clim\u00e1tico evidencia que \u201clos extremos clim\u00e1ticos c\u00e1lidos van a ser m\u00e1s frecuentes\u201d y \u201clas esperanzas de supervivencia de los glaciares del Pirineo son pr\u00e1cticamente nulas\u201d.<\/p>\n\n\n\n<h2 class=\"wp-block-heading\">Los glaciares se extinguen&nbsp;<\/h2>\n\n\n\n<p>En los veranos de 2022 y 2023 las p\u00e9rdidas medias de espesor de hielo triplicaron las observaciones de la \u00faltima d\u00e9cada, super\u00e1ndose los 3 metros de espesor en promedio, mientras que en 2024 las p\u00e9rdidas han sido menos acusadas. Seg\u00fan la monitorizaci\u00f3n de los glaciares pirenaicos 2023-2024 realizada por el&nbsp;<strong>Grupo de Investigaci\u00f3n CryoPyr del Instituto Pirenaico de Ecolog\u00eda<\/strong>&nbsp;los glaciares Aneto, Monte Perdido, Ossoue, Llardana e Infiernos tuvieron p\u00e9rdidas de espesor medio de 0.3 metros, aunque el descenso ha sido muy variable entre ellos.<\/p>\n\n\n\n<blockquote class=\"wp-block-quote is-layout-flow wp-block-quote-is-layout-flow\">\n<p>Las notables acumulaciones de nieve que se produjeron a finales del invierno y en primavera de 2024 han contribuido a que haya sido un a\u00f1o sin un fuerte declive de los glaciares. Pese a ello, hay que destacar que las p\u00e9rdidas observadas en las zonas en las que el hielo quedaba desprotegido (sin nieve) demuestran la enorme vulnerabilidad de los glaciares m\u00e1s meridionales de Europa a las condiciones clim\u00e1ticas actuales\u201d, refiere el estudio.<\/p>\n<\/blockquote>\n\n\n\n<figure class=\"wp-block-image\" id=\"attachment_215117\"><img data-recalc-dims=\"1\" decoding=\"async\" src=\"https:\/\/i0.wp.com\/efeverde.com\/wp-content\/uploads\/2024\/12\/Imagen_2024.jpg?w=640&#038;ssl=1\" alt=\"\" class=\"wp-image-215117\"\/><figcaption class=\"wp-element-caption\">Resultados de la monitorizaci\u00f3n de los glaciares pirenaicos 2023-2024 realizada por los investigadores del Grupo de Investigaci\u00f3n CryoPyr del Instituto Pirenaico de Ecolog\u00eda (CSIC).<\/figcaption><\/figure>\n\n\n\n<p>Asimismo, las investigaciones del Instituto Pirenaico de Ecolog\u00eda han evidenciado que incluso para aquellos que se encuentran en las partes m\u00e1s favorables de las monta\u00f1as, las p\u00e9rdidas tambi\u00e9n se aceleran debido a fen\u00f3menos de retroalimentaci\u00f3n.<\/p>\n\n\n\n<blockquote class=\"wp-block-quote is-layout-flow wp-block-quote-is-layout-flow\">\n<p>Unos cambios hacen que se magnifiquen otros cambios. Al retroceder el hielo cada vez hay m\u00e1s pendientes, se acumula menos nieve y por lo tanto los balances son m\u00e1s negativos, o aparecen grandes afloramientos rocosos que act\u00faan como radiadores y aceleran la fusi\u00f3n. Hemos podido comprobar que lejos de ralentizarse las p\u00e9rdidas se aceleran de forma muy notable. El clima altera el glaciar de una forma que las consecuencias son todav\u00eda peor, apunta L\u00f3pez Moreno.<\/p>\n<\/blockquote>\n\n\n\n<h2 class=\"wp-block-heading\">Car\u00e1cter de alta monta\u00f1a<\/h2>\n\n\n\n<p>En el Pirineo se ubican los \u00fanicos glaciares activos que persisten en la Pen\u00ednsula Ib\u00e9rica, constituyendo una de las reservas de hielo m\u00e1s meridionales de Europa. No obstante, al ser tan peque\u00f1os no representan un recurso h\u00eddrico importante, pero s\u00ed son un paisaje \u00fanico que les da \u201cun car\u00e1cter de alta monta\u00f1a\u201d.<\/p>\n\n\n\n<p>Su p\u00e9rdida tiene repercusiones locales, por ejemplo, con relaci\u00f3n a la biodiversidad existen especies de macroinvertebrados que son \u00fanicos de las aguas de fusi\u00f3n glaciar, adem\u00e1s el hielo contiene un registro microbiol\u00f3gico de bacterias y virus muy espec\u00edfico de estas zonas que ya no se va a poder conocer porque desaparecer\u00e1, comenta.<\/p>\n\n\n\n<p>Aunque estos cambios pudieran parecer poco significativos, L\u00f3pez Moreno asegura que el clima del Pirineo est\u00e1 cambiando y que este cambio va a afectar a muchos procesos ambientales que igual no son tan sencillos de evaluar, como es la cantidad de agua que llega a los r\u00edos porque hay m\u00e1s evaporaci\u00f3n y menos acumulaci\u00f3n de nieve, o la salud de los bosques y plantas de la alta monta\u00f1a que tanto necesitan la nieve.<\/p>\n\n\n\n<p>Los glaciares del Pirineo nos alertan de que algo grave est\u00e1 pasando en nuestras condiciones clim\u00e1ticas y que habr\u00eda que tomar medidas para evitar esos cambios, insiste el investigador con experiencia en el estudios de distintas monta\u00f1as de Espa\u00f1a, los Andes, Norte Am\u00e9rica y zonas \u00e1rticas. EFEverde<\/p>\n","protected":false},"excerpt":{"rendered":"<p>Madrid (EFEverde).- En 1850 hab\u00eda 52 glaciares en los Pirineos, en 2020 quedaban 19 y ahora solo hay 14 activos. En apenas unos a\u00f1os cinco de estas masas de hielo han dejado de ser consideradas glaciares por los investigadores debido a su peque\u00f1o tama\u00f1o y al no tener evidencias de movimiento. El resto sigue el [&hellip;]<\/p>\n","protected":false},"author":1,"featured_media":177769,"comment_status":"closed","ping_status":"closed","sticky":false,"template":"","format":"standard","meta":{"_acf_changed":false,"_jetpack_memberships_contains_paid_content":false,"footnotes":"","jetpack_publicize_message":"","jetpack_publicize_feature_enabled":true,"jetpack_social_post_already_shared":true,"jetpack_social_options":{"image_generator_settings":{"template":"highway","default_image_id":0,"font":"","enabled":false},"version":2}},"categories":[6],"tags":[],"class_list":["post-177768","post","type-post","status-publish","format-standard","has-post-thumbnail","hentry","category-ecologia"],"acf":[],"jetpack_publicize_connections":[],"jetpack_featured_media_url":"https:\/\/i0.wp.com\/sportseco.com\/wp-content\/uploads\/2024\/12\/IMG20240324151749_01.jpg?fit=1920%2C1083&ssl=1","jetpack_sharing_enabled":true,"_links":{"self":[{"href":"https:\/\/sportseco.com\/index.php?rest_route=\/wp\/v2\/posts\/177768","targetHints":{"allow":["GET"]}}],"collection":[{"href":"https:\/\/sportseco.com\/index.php?rest_route=\/wp\/v2\/posts"}],"about":[{"href":"https:\/\/sportseco.com\/index.php?rest_route=\/wp\/v2\/types\/post"}],"author":[{"embeddable":true,"href":"https:\/\/sportseco.com\/index.php?rest_route=\/wp\/v2\/users\/1"}],"replies":[{"embeddable":true,"href":"https:\/\/sportseco.com\/index.php?rest_route=%2Fwp%2Fv2%2Fcomments&post=177768"}],"version-history":[{"count":1,"href":"https:\/\/sportseco.com\/index.php?rest_route=\/wp\/v2\/posts\/177768\/revisions"}],"predecessor-version":[{"id":177770,"href":"https:\/\/sportseco.com\/index.php?rest_route=\/wp\/v2\/posts\/177768\/revisions\/177770"}],"wp:featuredmedia":[{"embeddable":true,"href":"https:\/\/sportseco.com\/index.php?rest_route=\/wp\/v2\/media\/177769"}],"wp:attachment":[{"href":"https:\/\/sportseco.com\/index.php?rest_route=%2Fwp%2Fv2%2Fmedia&parent=177768"}],"wp:term":[{"taxonomy":"category","embeddable":true,"href":"https:\/\/sportseco.com\/index.php?rest_route=%2Fwp%2Fv2%2Fcategories&post=177768"},{"taxonomy":"post_tag","embeddable":true,"href":"https:\/\/sportseco.com\/index.php?rest_route=%2Fwp%2Fv2%2Ftags&post=177768"}],"curies":[{"name":"wp","href":"https:\/\/api.w.org\/{rel}","templated":true}]}}