{"id":177787,"date":"2024-12-26T11:17:30","date_gmt":"2024-12-26T16:17:30","guid":{"rendered":"https:\/\/sportseco.com\/?p=177787"},"modified":"2024-12-26T11:17:36","modified_gmt":"2024-12-26T16:17:36","slug":"la-expansion-humana-sobre-los-andes-pone-en-riesgo-la-cordillera","status":"publish","type":"post","link":"https:\/\/sportseco.com\/?p=177787","title":{"rendered":"La expansi\u00f3n humana sobre los Andes pone en riesgo la cordillera"},"content":{"rendered":"\n<p>La historia de los Andes se ha transformado a la par del inter\u00e9s humano sobre sus elevaciones. Aunque en un principio el objetivo fue su conquista, ahora preocupa su conservaci\u00f3n, el acelerado derretimiento de sus glaciares por el aumento de la temperatura, y la expansi\u00f3n en sus laderas tanto de la frontera agr\u00edcola como de la miner\u00eda.<\/p>\n\n\n\n<p>Jhon Williams Montoya Garay | Ph. D. en Ciencias Geogr\u00e1ficas de la Universidad de Laval (Canad\u00e1). Profesor titular del Departamento de Geograf\u00eda de la Facultad de Ciencias Humanas de la Universidad Nacional de Colombia (UNAL) Sede Bogot\u00e1share<\/p>\n\n\n\n<p><img data-recalc-dims=\"1\" decoding=\"async\" src=\"https:\/\/i0.wp.com\/periodico.unal.edu.co\/uploads\/2024\/diciembre\/PeriodicoUNAL-20241226-AM-01.jpg?w=640&#038;ssl=1\" alt=\"El cambio clim\u00e1tico ha afectado tanto el uso del suelo como los glaciares de la cordillera de los Andes.  Foto: Pablo Porci\u00fancula\/AFP.\"\/>El cambio clim\u00e1tico ha afectado tanto el uso del suelo como los glaciares de la cordillera de los Andes. Foto: Pablo Porci\u00fancula\/AFP.<\/p>\n\n\n\n<p>La historia de los Andes se ha transformado a la par del inter\u00e9s humano sobre sus elevaciones. Aunque en un principio el objetivo fue su conquista, ahora preocupa su conservaci\u00f3n, el acelerado derretimiento de sus glaciares por el aumento de la temperatura, y la expansi\u00f3n en sus laderas tanto de la frontera agr\u00edcola como de la miner\u00eda.<\/p>\n\n\n\n<p>Hasta el siglo XVIII el pensamiento de Occidente consideraba las monta\u00f1as como un obst\u00e1culo, una barrera, un espacio de escaso valor, aunque para algunas culturas siempre han sido lugares m\u00e1gicos o sagrados. Como subrayara el ge\u00f3grafo franc\u00e9s Numa Broc, es en ese momento cuando las monta\u00f1as comienzan a ser valoradas y reconocidas tanto en la literatura como en la ciencia. El cambio de perspectiva frente a ellas fue tan radical que en el siglo XVIII y XIX aparecieron naturalistas y ge\u00f3grafos como Alexander von Humboldt, quien hizo de los Andes su pasi\u00f3n, celebrada con el famoso ascenso al estratovolc\u00e1ndel Chimborazo, considerado en su momento como la m\u00e1xima elevaci\u00f3n del mundo.<\/p>\n\n\n\n<p>Estas preocupaciones dieron lugar al inter\u00e9s por organizar un n\u00famero especial de los&nbsp;<em>Cuadernos de Geograf\u00eda: Revista Colombiana de Geograf\u00eda<\/em>,convocando a cient\u00edficos naturales y ge\u00f3grafos, especialmente de Am\u00e9rica Latina, para someter sus contribuciones y ofrecer as\u00ed un panorama de los Andes. A partir de estas contribuciones es posible hacer un balance sobre de d\u00f3nde viene y para d\u00f3nde va la cadena monta\u00f1osa m\u00e1s extensa del planeta.<\/p>\n\n\n\n<p>A\u00fan antes de Humboldt la cordillera hab\u00eda sido un destino popular por dos razones que la hacen \u00fanica: su secuencia vertical \u2013principalmente en \u00e1reas tropicales, que genera una rica diversidad de climas y ambientes\u2013 y su poblamiento particularmente denso, dif\u00edcilmente encontrado en otros espacios de monta\u00f1a. Ello despert\u00f3 el inter\u00e9s de muchos ge\u00f3grafos y cient\u00edficos, quienes siguiendo la tradici\u00f3n humboldtiana hicieron de los Andes su \u00e1rea de investigaci\u00f3n. Entre ellos encontramos a Carl Troll, Isaiah Bowman, William Denevan, Olivier Dollfus, Thomas van der Hammen, Pierre Usselman, Daniel Gade, Axel Borsdorf y Jean Paul Deler, quienes han hecho contribuciones sustantivas para entender la intrincada relaci\u00f3n entre hombre y naturaleza que se ha formado desde Venezuela hasta la Patagonia en el borde occidental de Suram\u00e9rica.<\/p>\n\n\n\n<p>Dicha complejidad, por ejemplo, es muy bien tratada alrededor de las exploraciones de letrados viajeros, como el diario de don Miguel de Santisteban a mediados del siglo XVIII o la relaci\u00f3n de mando de Basilio Vicente de Oviedo. En ambos se retrata la exuberancia de la naturaleza, la diversidad de los paisajes y las dificultades para la ocupaci\u00f3n humana, en particular la peligrosidad de los caminos descendiendo por las cordilleras a los llanos y valles intramontanos.<\/p>\n\n\n\n<p><img data-recalc-dims=\"1\" decoding=\"async\" src=\"https:\/\/i0.wp.com\/periodico.unal.edu.co\/uploads\/2024\/diciembre\/PeriodicoUNAL-20241226-AM-02.jpg?w=640&#038;ssl=1\" alt=\"Glaciar de Cotopaxi en mayo de 2024. Foto: Jhon Williams Montoya Garay, profesor titular del Departamento de Geograf\u00eda de la Facultad de Ciencias Humanas de la Universidad Nacional de Colombia (UNAL).\"\/>Glaciar de Cotopaxi en mayo de 2024. Foto: Jhon Williams Montoya Garay, profesor titular del Departamento de Geograf\u00eda de la Facultad de Ciencias Humanas de la Universidad Nacional de Colombia (UNAL).<\/p>\n\n\n\n<p>Algunas d\u00e9cadas m\u00e1s tarde los recorridos de Humboldt y de otros viajeros, as\u00ed como pintores y artistas (por ejemplo Bellermann o Appun), retratan unas cordilleras fragmentadas por la nueva realidad geopol\u00edtica de las nuevas naciones y su af\u00e1n por modernizar caminos y actividades econ\u00f3micas, especialmente la miner\u00eda por la que Humboldt ten\u00eda especial inter\u00e9s. Estas representaciones \u2013adem\u00e1s fuertemente influenciadas por el movimiento rom\u00e1ntico\u2013 resaltaban la fuerza ca\u00f3tica de la naturaleza y ten\u00edan en el paisaje una de sus principales herramientas conceptuales y pict\u00f3ricas, como&nbsp;<a href=\"https:\/\/recherche.smb.museum\/detail\/1401509\/die-hochebene-und-sierra-nevada-bei-m%c3%a9rida\">lo ejemplifica la imagen de las monta\u00f1as de M\u00e9rida<\/a>.<\/p>\n\n\n\n<p>Durante el siglo XX las im\u00e1genes de los Andes fueron m\u00faltiples, y frecuentemente se centraron en la relaci\u00f3n del hombre con la tierra. La expedici\u00f3n de Carl Troll (1926-1929), por ejemplo, aparte de un detallado levantamiento bot\u00e1nico y geomorfol\u00f3gico, tambi\u00e9n aplica los principios de la antropogeograf\u00eda del ge\u00f3grafo alem\u00e1n Friedrich Ratzel, con los que desarrolla un an\u00e1lisis de la organizaci\u00f3n del espacio andino, especialmente alrededor de la explotaci\u00f3n de los diferentes pisos bioclim\u00e1ticos y los desarrollos t\u00e9cnicos de los grupos ind\u00edgenas y campesinos, que incluyen la construcci\u00f3n de terrazas en laderas, los sistemas de irrigaci\u00f3n de monta\u00f1a, las selecci\u00f3n y diversificaci\u00f3n del cultivo de tub\u00e9rculos y granos como la quinua, y diferentes pr\u00e1cticas socioculturales como la milpa y el conuco.<\/p>\n\n\n\n<p>Aunque los estudios de finales de siglo XX mantuvieron la tradici\u00f3n sobre la verticalidad en la organizaci\u00f3n espacial de las cordilleras y la compleja interacci\u00f3n entre grupos campesinos e ind\u00edgenas en la explotaci\u00f3n del territorio, tambi\u00e9n exploraron nuevos retos, entre ellos el an\u00e1lisis de riesgos naturales potencializados por la mezcla de una din\u00e1mica geomorfol\u00f3gica, que incluye evidentemente la incidencia de altas precipitaciones en ciertos puntos de las vertientes y una ocupaci\u00f3n cada vez m\u00e1s densa, derivada de la expansi\u00f3n tanto de la agricultura como de las v\u00edas de comunicaci\u00f3n y de la urbanizaci\u00f3n.<\/p>\n\n\n\n<p><img data-recalc-dims=\"1\" decoding=\"async\" src=\"https:\/\/i0.wp.com\/periodico.unal.edu.co\/uploads\/2024\/diciembre\/PeriodicoUNAL-20241226-AM-03.jpg?w=640&#038;ssl=1\" alt=\"Cotopaxi, uno de los volcanes activos m\u00e1s grandes del mundo, perdi\u00f3 el 30 % de su glaciar en dos d\u00e9cadas. Foto: Copotaxi: Rodrigo Buend\u00eda\/AFP.\"\/>Cotopaxi, uno de los volcanes activos m\u00e1s grandes del mundo, perdi\u00f3 el 30 % de su glaciar en dos d\u00e9cadas. Foto: Copotaxi: Rodrigo Buend\u00eda\/AFP.<\/p>\n\n\n\n<p>Esta \u00faltima ha sido no solo significativa sino tambi\u00e9n particular. Como resalta Olivier Dollfus, uno de los andinistas m\u00e1s destacados de finales del siglo XX, los Andes es el \u00fanico espacio de monta\u00f1a en el mundo prolijo en ciudades de todos los tama\u00f1os, desde grandes aglomeraciones como La Paz, Bogot\u00e1 y Quito, hasta una red de ciudades medias que incluye asentamientos muy importantes como Arequipa, Cochabamba, M\u00e9rida, Manizales\u2026 y tambi\u00e9n numerosas ciudades peque\u00f1as, las cuales se han venido expandiendo especialmente cerca de las grandes \u00e1reas metropolitanas.<\/p>\n\n\n\n<p>Esta creciente urbanizaci\u00f3n es quiz\u00e1 uno de los mayores retos de los Andes entrado el siglo XXI. La metropolizaci\u00f3n y modernizaci\u00f3n de las ciudades andinas, acelerada en las \u00faltimas d\u00e9cadas, ha implicado importantes impactos sobre los ecosistemas de monta\u00f1a en la medida en que se requiere aumentar la producci\u00f3n de energ\u00eda y materias primas para el desarrollo industrial y el suministro de diferentes bienes a las ciudades (ver mapa 1).<\/p>\n\n\n\n<p>Este crecimiento urbano y econ\u00f3mico se ha desarrollado en gran medida a trav\u00e9s de la explotaci\u00f3n intensiva de los abundantes recursos mineros, localizados especialmente en los Andes centrales (Chile, Bolivia y Per\u00fa), ricos en yacimientos de cobre, oro, plata y zinc, y m\u00e1s dispersos en los Andes del norte (Colombia, Ecuador y Venezuela).<\/p>\n\n\n\n<p>Esto tambi\u00e9n implica mayores costos ambientales, frente a los cuales existe en la regi\u00f3n una dura discusi\u00f3n entre la demanda de riqueza para resolver las crecientes demandas de la poblaci\u00f3n en salud, educaci\u00f3n y bienestar, versus la presi\u00f3n por considerar la afectaci\u00f3n no solo de la fauna, la flora y las corrientes de agua, sino tambi\u00e9n de las comunidades locales que reclaman mayor participaci\u00f3n en los beneficios, y en algunos casos la exclusi\u00f3n de los territorios en las actividades extractivas.<\/p>\n\n\n\n<p>El debate corre de norte a sur de manera \u00e1lgida aunado a particularidades geopol\u00edticas que implican, por ejemplo, un avance importante de la miner\u00eda ilegal en los Andes del norte, contrastando con las grandes corporaciones que dominan la explotaci\u00f3n en Per\u00fa y Chile.<\/p>\n\n\n\n<p><img data-recalc-dims=\"1\" decoding=\"async\" src=\"https:\/\/i0.wp.com\/periodico.unal.edu.co\/uploads\/2024\/diciembre\/PeriodicoUNAL-20241226-AM-04.jpg?w=640&#038;ssl=1\" alt=\"&amp;nbsp; Mapa 1. Ciudades en los pa\u00edses andinos mayores a 300.000 habitantes y tasas de crecimiento 1990-2018.&amp;nbsp; Fuente: elaboraci\u00f3n propia a partir de datos del&amp;nbsp;World Urbanization Prospects, 2018.&amp;nbsp;&amp;nbsp;\"\/>&amp;nbsp; Mapa 1. Ciudades en los pa\u00edses andinos mayores a 300.000 habitantes y tasas de crecimiento 1990-2018.&amp;nbsp; Fuente: elaboraci\u00f3n propia a partir de datos del&amp;nbsp;World Urbanization Prospects, 2018.&amp;nbsp;&amp;nbsp;<\/p>\n\n\n\n<p>Esta mayor demanda de recursos se combina con otro fen\u00f3meno de particular inter\u00e9s en la regi\u00f3n: el cambio clim\u00e1tico. Efectivamente hay una preocupaci\u00f3n creciente de c\u00f3mo el ascenso de las temperaturas \u2013calculado por&nbsp;<a href=\"https:\/\/www.sciencedirect.com\/science\/article\/abs\/pii\/S0012825208000408?via%3Dihub\">Mathias Vuille&nbsp;<\/a><a href=\"https:\/\/www.sciencedirect.com\/science\/article\/abs\/pii\/S0012825208000408?via%3Dihub\"><em>et al<\/em><\/a><a href=\"https:\/\/www.sciencedirect.com\/science\/article\/abs\/pii\/S0012825208000408?via%3Dihub\">.<\/a>&nbsp;en 0,68<sup>o<\/sup>C en los \u00faltimos 39 a\u00f1os\u2013 ha modificado la cobertura del suelo y afectado los diferentes espacios de cordillera, en especial la llamada alta monta\u00f1a (por encima de los 3.000 msnm promedio), que incluye geosistemas de p\u00e1ramo en los Andes del norte y la puna en los Andes centrales, as\u00ed como los espacios subnivales y nivales en toda la cordillera.<\/p>\n\n\n\n<p>Adem\u00e1s, estas zonas son de importancia estrat\u00e9gica en varios aspectos, desde las comunicaciones hasta la provisi\u00f3n de agua para las ciudades, un asunto que se ha tornado cr\u00edtico por cuanto la masa de los glaciares \u2013parte importante del suministro de agua a las cuencas andinas\u2013 ha decrecido significativamente en las \u00faltimas d\u00e9cadas; por ejemplo para el Cotopaxi la p\u00e9rdida entre&nbsp;<a href=\"https:\/\/www.sciencedirect.com\/science\/article\/abs\/pii\/S0012825208000408?via%3Dihub\">1976 y 1997 se calcul\u00f3 hasta en un 30%<\/a>; y en Colombia, del \u00e1rea que en 1850 alcanz\u00f3 los 349 km<sup>2<\/sup>, en&nbsp;<a href=\"https:\/\/www.cambridge.org\/core\/journals\/annals-of-glaciology\/article\/fast-shrinkage-of-tropical-glaciers-in-colombia\/DB4B9909C04C044061C399A266E07430\">2003 solo le quedaban 55,4km<\/a>.<\/p>\n\n\n\n<p>En ese sentido, la comunidad cient\u00edfica en general, y los andin\u00f3logos en particular, insisten en la necesidad de tomar diferentes medidas de conservaci\u00f3n, y adem\u00e1s de prevenci\u00f3n e infraestructura para responder a los retos del cambio clim\u00e1tico, ambiental y social en los Andes.<\/p>\n\n\n\n<p>Solo resta subrayar la importancia de continuar con una vieja tradici\u00f3n de investigaci\u00f3n sobre los Andes, que incluye no solo a virtuosos investigadores europeos y norteamericanos, sino tambi\u00e9n a cient\u00edficos locales como Antonio Fl\u00f3rez o Alcides Ames M\u00e1rquez, pioneros en el monitoreo de los glaciares colombianos y peruanos respectivamente; y tambi\u00e9n a Pedro Cunill Grau, eminente ge\u00f3grafo venezolano fallecido en 2023 y a quien se le rinde especial homenaje en el mencionado especial sobre los Andes publicado en los&nbsp;<em>Cuadernos de Geograf\u00eda<\/em>,&nbsp;<a href=\"https:\/\/revistas.unal.edu.co\/index.php\/rcg\">de acceso libre en este enlace.<\/a><\/p>\n\n\n\n<p><\/p>\n\n\n\n<p>periodico.una.edu.co<\/p>\n\n\n\n<h3 class=\"wp-block-heading\"><\/h3>\n","protected":false},"excerpt":{"rendered":"<p>La historia de los Andes se ha transformado a la par del inter\u00e9s humano sobre sus elevaciones. Aunque en un principio el objetivo fue su conquista, ahora preocupa su conservaci\u00f3n, el acelerado derretimiento de sus glaciares por el aumento de la temperatura, y la expansi\u00f3n en sus laderas tanto de la frontera agr\u00edcola como de [&hellip;]<\/p>\n","protected":false},"author":1,"featured_media":177788,"comment_status":"closed","ping_status":"closed","sticky":false,"template":"","format":"standard","meta":{"_acf_changed":false,"_jetpack_memberships_contains_paid_content":false,"footnotes":"","jetpack_publicize_message":"","jetpack_publicize_feature_enabled":true,"jetpack_social_post_already_shared":true,"jetpack_social_options":{"image_generator_settings":{"template":"highway","default_image_id":0,"font":"","enabled":false},"version":2}},"categories":[6],"tags":[],"class_list":["post-177787","post","type-post","status-publish","format-standard","has-post-thumbnail","hentry","category-ecologia"],"acf":[],"jetpack_publicize_connections":[],"jetpack_featured_media_url":"https:\/\/i0.wp.com\/sportseco.com\/wp-content\/uploads\/2024\/12\/PeriodicoUNAL-20241226-AM-01.jpg?fit=1400%2C786&ssl=1","jetpack_sharing_enabled":true,"_links":{"self":[{"href":"https:\/\/sportseco.com\/index.php?rest_route=\/wp\/v2\/posts\/177787","targetHints":{"allow":["GET"]}}],"collection":[{"href":"https:\/\/sportseco.com\/index.php?rest_route=\/wp\/v2\/posts"}],"about":[{"href":"https:\/\/sportseco.com\/index.php?rest_route=\/wp\/v2\/types\/post"}],"author":[{"embeddable":true,"href":"https:\/\/sportseco.com\/index.php?rest_route=\/wp\/v2\/users\/1"}],"replies":[{"embeddable":true,"href":"https:\/\/sportseco.com\/index.php?rest_route=%2Fwp%2Fv2%2Fcomments&post=177787"}],"version-history":[{"count":1,"href":"https:\/\/sportseco.com\/index.php?rest_route=\/wp\/v2\/posts\/177787\/revisions"}],"predecessor-version":[{"id":177789,"href":"https:\/\/sportseco.com\/index.php?rest_route=\/wp\/v2\/posts\/177787\/revisions\/177789"}],"wp:featuredmedia":[{"embeddable":true,"href":"https:\/\/sportseco.com\/index.php?rest_route=\/wp\/v2\/media\/177788"}],"wp:attachment":[{"href":"https:\/\/sportseco.com\/index.php?rest_route=%2Fwp%2Fv2%2Fmedia&parent=177787"}],"wp:term":[{"taxonomy":"category","embeddable":true,"href":"https:\/\/sportseco.com\/index.php?rest_route=%2Fwp%2Fv2%2Fcategories&post=177787"},{"taxonomy":"post_tag","embeddable":true,"href":"https:\/\/sportseco.com\/index.php?rest_route=%2Fwp%2Fv2%2Ftags&post=177787"}],"curies":[{"name":"wp","href":"https:\/\/api.w.org\/{rel}","templated":true}]}}