{"id":177822,"date":"2024-12-27T10:19:04","date_gmt":"2024-12-27T15:19:04","guid":{"rendered":"https:\/\/sportseco.com\/?p=177822"},"modified":"2024-12-27T10:19:08","modified_gmt":"2024-12-27T15:19:08","slug":"colombianos-presentes-en-la-proxima-edicion-del-rally-dakar","status":"publish","type":"post","link":"https:\/\/sportseco.com\/?p=177822","title":{"rendered":"Colombianos presentes en la pr\u00f3xima edici\u00f3n del Rally Dakar"},"content":{"rendered":"\n<figure class=\"wp-block-image\"><img data-recalc-dims=\"1\" decoding=\"async\" src=\"https:\/\/i0.wp.com\/olimpicocol.co\/web\/wp-content\/uploads\/2024\/12\/Francisco-Alvarez-Rally-du-Maroc-2024-motociclismo-Rally-Dakar-2025.jpg?w=640&#038;ssl=1\" alt=\"\"\/><\/figure>\n\n\n\n<p><strong>Javier V\u00e9lez<\/strong>, en auto, y&nbsp;<strong>Francisco \u00c1lvarez<\/strong>, en moto, son los dos colombianos confirmados para participar en las 12 etapas del pr\u00f3ximo&nbsp;<strong>Rally Dakar<\/strong>, que se desarrollar\u00e1 en&nbsp;<strong>Arabia Saudita<\/strong>&nbsp;del 3 al 17 de enero de 2025, con inicio en la ciudad de&nbsp;<strong>Bisha<\/strong>&nbsp;y cierre en<strong>&nbsp;Shaybah<\/strong>.<br \/><br \/>Comenzando con el automovilismo, el primero de los representantes colombianos corresponde a<strong>&nbsp;Javier V\u00e9lez<\/strong>&nbsp;con el Equipo ADT Motowear \u2013 Bosi \u2013 Drink Pers\u00e9 y con un auto en la categor\u00eda&nbsp;<strong>T3.1<\/strong>&nbsp;(Lightweight Prototype Cross-Country).<br \/><br \/>La preparaci\u00f3n del colombiano para este reto abarca desde la parte f\u00edsica hasta la mental, por lo que, durante los \u00faltimos meses, adem\u00e1s de planificar rutas y condiciones clim\u00e1ticas para el evento del pr\u00f3ximo a\u00f1o,&nbsp;<strong>Javier V\u00e9lez&nbsp;<\/strong>se ha preparado en dichos aspectos y en competencias internacionales como el&nbsp;<strong>Rally de T\u00e0rrega<\/strong>&nbsp;y el&nbsp;<strong>South American Rally Race<\/strong>&nbsp;(SARR).<\/p>\n\n\n\n<figure class=\"wp-block-image\"><img data-recalc-dims=\"1\" decoding=\"async\" src=\"https:\/\/i0.wp.com\/olimpicocol.co\/web\/wp-content\/uploads\/2024\/12\/Javier-Velez-Automovilismo-deportivo-Rally-Dakar-2025.jpg?w=640&#038;ssl=1\" alt=\"\" class=\"wp-image-34276\"\/><figcaption class=\"wp-element-caption\">El colombiano&nbsp;<strong>Javier V\u00e9lez<\/strong>. Foto cortes\u00eda Federaci\u00f3n Colombiana de Automovilismo.<\/figcaption><\/figure>\n\n\n\n<p>Por otro lado, en las motocicletas, nuestro pa\u00eds tendr\u00e1 la participaci\u00f3n del piloto de 34 a\u00f1os&nbsp;<strong>Francisco \u00c1lvarez<\/strong>. El colombiano debutar\u00e1 en el<strong>&nbsp;Rally Dakar en el 2025<\/strong>, luego de declinar su participaci\u00f3n en la edici\u00f3n del presente a\u00f1o al considerar que necesitaba una mejor preparaci\u00f3n.<br \/><br \/>El colombiano, que se subi\u00f3 por primera vez a una moto a los cuatro a\u00f1os, se adjudic\u00f3 su tiquete a la competici\u00f3n del pr\u00f3ximo a\u00f1o gracias a su participaci\u00f3n, durante 2023, en el&nbsp;<strong>W2RC Sonora Rally de M\u00e9xico<\/strong>, lo que le signific\u00f3 el premio \u201cRoad to Dakar\u201d.<br \/><br \/>Recientemente, el representante colombiano ocup\u00f3 la&nbsp;<strong>casilla 35<\/strong>&nbsp;en Rally 2 durante el \u00faltimo&nbsp;<strong>Rallye du Maroc<\/strong>&nbsp;que finaliz\u00f3 en&nbsp;<strong>Marruecos&nbsp;<\/strong>durante el pasado mes de octubre. Adem\u00e1s,&nbsp;<strong>Francisco<\/strong>&nbsp;ostenta algunos reconocimientos como el del campe\u00f3n nacional de la categor\u00eda Enduro E1 2022, Campe\u00f3n Nacional de Enduro E1 y Campe\u00f3n Latinoamericano de Enduro en 2020.<\/p>\n\n\n\n<figure class=\"wp-block-image\"><img data-recalc-dims=\"1\" height=\"533\" width=\"640\" decoding=\"async\" src=\"https:\/\/i0.wp.com\/olimpicocol.co\/web\/wp-content\/uploads\/2024\/12\/Francisco-Alvarez-Rally-du-Maroc-2024-motociclismo-843x702.jpg?resize=640%2C533&#038;ssl=1\" alt=\"\" class=\"wp-image-34278\"\/><figcaption class=\"wp-element-caption\">El colombiano&nbsp;<strong>Francisco \u00c1lvarez<\/strong>&nbsp;en el Rally du Maroc 2024. Foto cortes\u00eda Francisco \u00c1lvarez.<\/figcaption><\/figure>\n\n\n\n<p><\/p>\n\n\n\n<p><\/p>\n\n\n\n<p>olimpicocol.co<\/p>\n","protected":false},"excerpt":{"rendered":"<p>Javier V\u00e9lez, en auto, y&nbsp;Francisco \u00c1lvarez, en moto, son los dos colombianos confirmados para participar en las 12 etapas del pr\u00f3ximo&nbsp;Rally Dakar, que se desarrollar\u00e1 en&nbsp;Arabia Saudita&nbsp;del 3 al 17 de enero de 2025, con inicio en la ciudad de&nbsp;Bisha&nbsp;y cierre en&nbsp;Shaybah. Comenzando con el automovilismo, el primero de los representantes colombianos corresponde a&nbsp;Javier V\u00e9lez&nbsp;con [&hellip;]<\/p>\n","protected":false},"author":1,"featured_media":177824,"comment_status":"closed","ping_status":"closed","sticky":false,"template":"","format":"standard","meta":{"_acf_changed":false,"_jetpack_memberships_contains_paid_content":false,"footnotes":"","jetpack_publicize_message":"","jetpack_publicize_feature_enabled":true,"jetpack_social_post_already_shared":true,"jetpack_social_options":{"image_generator_settings":{"template":"highway","default_image_id":0,"font":"","enabled":false},"version":2}},"categories":[36],"tags":[],"class_list":["post-177822","post","type-post","status-publish","format-standard","has-post-thumbnail","hentry","category-extremos"],"acf":[],"jetpack_publicize_connections":[],"jetpack_featured_media_url":"https:\/\/i0.wp.com\/sportseco.com\/wp-content\/uploads\/2024\/12\/Francisco-Alvarez-Rally-du-Maroc-2024-motociclismo.jpg?fit=1080%2C899&ssl=1","jetpack_sharing_enabled":true,"_links":{"self":[{"href":"https:\/\/sportseco.com\/index.php?rest_route=\/wp\/v2\/posts\/177822","targetHints":{"allow":["GET"]}}],"collection":[{"href":"https:\/\/sportseco.com\/index.php?rest_route=\/wp\/v2\/posts"}],"about":[{"href":"https:\/\/sportseco.com\/index.php?rest_route=\/wp\/v2\/types\/post"}],"author":[{"embeddable":true,"href":"https:\/\/sportseco.com\/index.php?rest_route=\/wp\/v2\/users\/1"}],"replies":[{"embeddable":true,"href":"https:\/\/sportseco.com\/index.php?rest_route=%2Fwp%2Fv2%2Fcomments&post=177822"}],"version-history":[{"count":1,"href":"https:\/\/sportseco.com\/index.php?rest_route=\/wp\/v2\/posts\/177822\/revisions"}],"predecessor-version":[{"id":177825,"href":"https:\/\/sportseco.com\/index.php?rest_route=\/wp\/v2\/posts\/177822\/revisions\/177825"}],"wp:featuredmedia":[{"embeddable":true,"href":"https:\/\/sportseco.com\/index.php?rest_route=\/wp\/v2\/media\/177824"}],"wp:attachment":[{"href":"https:\/\/sportseco.com\/index.php?rest_route=%2Fwp%2Fv2%2Fmedia&parent=177822"}],"wp:term":[{"taxonomy":"category","embeddable":true,"href":"https:\/\/sportseco.com\/index.php?rest_route=%2Fwp%2Fv2%2Fcategories&post=177822"},{"taxonomy":"post_tag","embeddable":true,"href":"https:\/\/sportseco.com\/index.php?rest_route=%2Fwp%2Fv2%2Ftags&post=177822"}],"curies":[{"name":"wp","href":"https:\/\/api.w.org\/{rel}","templated":true}]}}