{"id":177838,"date":"2024-12-27T13:23:28","date_gmt":"2024-12-27T18:23:28","guid":{"rendered":"https:\/\/sportseco.com\/?p=177838"},"modified":"2024-12-27T13:23:33","modified_gmt":"2024-12-27T18:23:33","slug":"el-ano-2025-traera-nuevas-obligaciones-medioambientales-en-varios-sectores","status":"publish","type":"post","link":"https:\/\/sportseco.com\/?p=177838","title":{"rendered":"El a\u00f1o 2025 traer\u00e1 nuevas obligaciones medioambientales en varios sectores"},"content":{"rendered":"\n<p><strong>Madrid, (EFEverde).- El c\u00e1lculo de la huella de carbono para las empresas m\u00e1s grandes, la recogida selectiva de residuos textiles y la nueva normativa para etiquetar envases son algunas de las obligaciones que entrar\u00e1n en vigor en Espa\u00f1a el pr\u00f3ximo 1 de enero de 2025, dentro del proceso de transici\u00f3n ecol\u00f3gica.<\/strong><\/p>\n\n\n\n<p>La huella de carbono, uno de los conceptos fundamentales de esta transici\u00f3n, hace referencia a la cantidad de gases de efecto invernadero (GEI) emitidos en este caso por las compa\u00f1\u00edas, de manera directa o indirecta, y su medici\u00f3n se lleva a cabo de acuerdo con est\u00e1ndares internacionales, con intenci\u00f3n de aplicar planes de reducci\u00f3n o compensaci\u00f3n que permita alinearlas con las pol\u00edticas ambientales.<\/p>\n\n\n\n<p>Hasta ahora, el c\u00e1lculo de la huella de carbono en actividades empresariales era voluntario en Espa\u00f1a pero la Ley 7\/2021 estableci\u00f3 la obligatoriedad a partir del pr\u00f3ximo 1 de enero para determinadas compa\u00f1\u00edas que, adem\u00e1s, estar\u00e1n tambi\u00e9n forzadas a desarrollar y hacer p\u00fablico un plan concreto de reducci\u00f3n de GEI.<\/p>\n\n\n\n<h2 class=\"wp-block-heading\">Pasos hacia adelante<\/h2>\n\n\n\n<p>De acuerdo con la informaci\u00f3n facilitada por la C\u00e1mara de Industria y Comercio de Madrid, las empresas obligadas ser\u00e1n las que tengan una media de empleados superior a 500, que sean consideradas entidades de inter\u00e9s p\u00fablico seg\u00fan la legislaci\u00f3n de auditor\u00eda de cuentas o que durante dos a\u00f1os consecutivos cumplan dos de estos criterios al cierre del ejercicio: un total activo consolidado superior a 20 millones de euros, una cifra de negocio consolidada anual superior a los 40 millones de euros o una media de empleados mayor a 250 durante el a\u00f1o.<\/p>\n\n\n\n<p>Estos son los puntos a nivel nacional, porque los requisitos a nivel auton\u00f3mico var\u00edan: por ejemplo, en Baleares afecta a empresas desde 50 empleados y 10 millones de euros anuales facturados y en Andaluc\u00eda tambi\u00e9n est\u00e1n obligadas las que consumen m\u00e1s de 1 GWh al a\u00f1o.<\/p>\n\n\n\n<h2 class=\"wp-block-heading\">Textiles<\/h2>\n\n\n\n<p>Los informes de la Conferencia de la ONU sobre Comercio y Desarrollo consideran la moda como la segunda industria m\u00e1s contaminante a nivel mundial -en especial la conocida como \u00abfast fashion\u00bb- pues produce m\u00e1s emisiones de carbono que todos los vuelos y env\u00edos mar\u00edtimos internacionales sumados.<\/p>\n\n\n\n<p>El consumo de agua -producir una simple camiseta de algod\u00f3n precisa 2.700 litros-, la contaminaci\u00f3n -cada a\u00f1o se arroja al mar medio mill\u00f3n de toneladas de microfibra que terminan en forma de micropl\u00e1sticos en el est\u00f3mago de la fauna marina y del ser humano que la consume- y la cada vez menor capacidad de reciclaje por la decreciente calidad de numerosas prendas son algunos de los problemas ambientales a\u00f1adidos.<\/p>\n\n\n\n<p>Las grandes marcas de ropa han comenzado a sumarse a la estela de las marcas ecol\u00f3gicas para mejorar la situaci\u00f3n buscando la creaci\u00f3n de Sistemas Colectivos de Responsabilidad Ampliada del Productor (SCRAP) para reciclar sus productos, como sucede con otros sectores.<\/p>\n\n\n\n<p>A partir del 1 de enero, la recogida de residuos textiles ser\u00e1 obligatoria en todos los pa\u00edses de la UE -que genera 12,6 millones de toneladas al a\u00f1o- para impulsar la econom\u00eda circular: la Comisi\u00f3n Europea quiere fomentar la recogida selectiva, la clasificaci\u00f3n, reutilizaci\u00f3n y reciclaje del textil dentro de su estrategia de circularidad y sostenibilidad para estos productos.<\/p>\n\n\n\n<p>Adem\u00e1s de beneficiar el medioambiente, la medida espera crear puestos de trabajo locales y ahorrar dinero a los consumidores europeos, as\u00ed como promover tecnolog\u00edas innovadoras como el reciclaje fibra a fibra y terminar con la mala pr\u00e1ctica de exportar residuos como si fueran productos reutilizables.<\/p>\n\n\n\n<h2 class=\"wp-block-heading\">Etiquetas<\/h2>\n\n\n\n<p>Tambi\u00e9n el pr\u00f3ximo 1 de enero entrar\u00e1 en vigor la nueva normativa para el etiquetado de envases en Espa\u00f1a: una respuesta al requerimiento de la UE para potenciar la calidad y seguridad en los utilizados para productos alimenticios.<\/p>\n\n\n\n<p>Las etiquetas deber\u00e1n ofrecer informaci\u00f3n detallada sobre la gesti\u00f3n de residuos de los envases, incluyendo su reciclabilidad, adem\u00e1s de incluir s\u00edmbolos de identificaci\u00f3n de los materiales que los componen.<\/p>\n\n\n\n<p>La medida busca promover pr\u00e1cticas m\u00e1s sostenibles en la producci\u00f3n de envases para ajustarla a criterios de la econom\u00eda circular como su durabilidad, su calidad de reparaci\u00f3n y su reciclabilidad. EFEverde<\/p>\n","protected":false},"excerpt":{"rendered":"<p>Madrid, (EFEverde).- El c\u00e1lculo de la huella de carbono para las empresas m\u00e1s grandes, la recogida selectiva de residuos textiles y la nueva normativa para etiquetar envases son algunas de las obligaciones que entrar\u00e1n en vigor en Espa\u00f1a el pr\u00f3ximo 1 de enero de 2025, dentro del proceso de transici\u00f3n ecol\u00f3gica. La huella de carbono, [&hellip;]<\/p>\n","protected":false},"author":1,"featured_media":177839,"comment_status":"closed","ping_status":"closed","sticky":false,"template":"","format":"standard","meta":{"_acf_changed":false,"_jetpack_memberships_contains_paid_content":false,"footnotes":"","jetpack_publicize_message":"","jetpack_publicize_feature_enabled":true,"jetpack_social_post_already_shared":true,"jetpack_social_options":{"image_generator_settings":{"template":"highway","default_image_id":0,"font":"","enabled":false},"version":2}},"categories":[6],"tags":[],"class_list":["post-177838","post","type-post","status-publish","format-standard","has-post-thumbnail","hentry","category-ecologia"],"acf":[],"jetpack_publicize_connections":[],"jetpack_featured_media_url":"https:\/\/i0.wp.com\/sportseco.com\/wp-content\/uploads\/2024\/12\/ImagenPorRuta-1.jpeg?fit=900%2C600&ssl=1","jetpack_sharing_enabled":true,"_links":{"self":[{"href":"https:\/\/sportseco.com\/index.php?rest_route=\/wp\/v2\/posts\/177838","targetHints":{"allow":["GET"]}}],"collection":[{"href":"https:\/\/sportseco.com\/index.php?rest_route=\/wp\/v2\/posts"}],"about":[{"href":"https:\/\/sportseco.com\/index.php?rest_route=\/wp\/v2\/types\/post"}],"author":[{"embeddable":true,"href":"https:\/\/sportseco.com\/index.php?rest_route=\/wp\/v2\/users\/1"}],"replies":[{"embeddable":true,"href":"https:\/\/sportseco.com\/index.php?rest_route=%2Fwp%2Fv2%2Fcomments&post=177838"}],"version-history":[{"count":1,"href":"https:\/\/sportseco.com\/index.php?rest_route=\/wp\/v2\/posts\/177838\/revisions"}],"predecessor-version":[{"id":177840,"href":"https:\/\/sportseco.com\/index.php?rest_route=\/wp\/v2\/posts\/177838\/revisions\/177840"}],"wp:featuredmedia":[{"embeddable":true,"href":"https:\/\/sportseco.com\/index.php?rest_route=\/wp\/v2\/media\/177839"}],"wp:attachment":[{"href":"https:\/\/sportseco.com\/index.php?rest_route=%2Fwp%2Fv2%2Fmedia&parent=177838"}],"wp:term":[{"taxonomy":"category","embeddable":true,"href":"https:\/\/sportseco.com\/index.php?rest_route=%2Fwp%2Fv2%2Fcategories&post=177838"},{"taxonomy":"post_tag","embeddable":true,"href":"https:\/\/sportseco.com\/index.php?rest_route=%2Fwp%2Fv2%2Ftags&post=177838"}],"curies":[{"name":"wp","href":"https:\/\/api.w.org\/{rel}","templated":true}]}}