{"id":177865,"date":"2024-12-27T19:18:17","date_gmt":"2024-12-28T00:18:17","guid":{"rendered":"https:\/\/sportseco.com\/?p=177865"},"modified":"2024-12-27T19:18:22","modified_gmt":"2024-12-28T00:18:22","slug":"el-real-madrid-premio-globe-soccer-al-mejor-club-de-2024","status":"publish","type":"post","link":"https:\/\/sportseco.com\/?p=177865","title":{"rendered":"El Real Madrid, Premio Globe Soccer al mejor club de 2024"},"content":{"rendered":"\n<p>Nuestro equipo conquist\u00f3 la Champions, la Liga, la Supercopa de Europa, la Supercopa de Espa\u00f1a y la Copa Intercontinental.<\/p>\n\n\n\n<figure class=\"wp-block-image\"><img data-recalc-dims=\"1\" decoding=\"async\" src=\"https:\/\/i0.wp.com\/publish-p47754-e237306.adobeaemcloud.com\/adobe\/dynamicmedia\/deliver\/dm-aid--f34cc5af-2fc8-40f0-98e5-a1fe0b909106\/ND_PREMIOS_GLOBE_SOCCER_GRUPO_FF11828.app.webp?w=640&#038;ssl=1\" alt=\"El Real Madrid, Premio Globe Soccer al mejor club de 2024\"\/><\/figure>\n\n\n\n<p>NOTICIA.27\/12\/2024<\/p>\n\n\n\n<p>El&nbsp;<strong>Real Madrid<\/strong>&nbsp;fue reconocido como el mejor club del a\u00f1o en la gala de los Premios Globe Soccer 2024, que se celebr\u00f3 en Dub\u00e1i.&nbsp;<strong>Jos\u00e9 \u00c1ngel S\u00e1nchez<\/strong>, director general del&nbsp;<strong>Real Madrid<\/strong>, recogi\u00f3 un galard\u00f3n que premia el espectacular a\u00f1o firmado por nuestro equipo. \u201cNo hay secretos para el \u00e9xito, hay que trabajar duro. El f\u00fatbol cambia mucho a diario y hay que adaptarse a estos cambios, pero tambi\u00e9n guardando siempre los valores del club\u201d, declar\u00f3.<\/p>\n\n\n\n<p>El primer t\u00edtulo de los cinco logrados en 2024 fue la&nbsp;13\u00aa&nbsp;<strong>Supercopa de Espa\u00f1a<\/strong>, que se gan\u00f3 en enero frente al Barcelona (4-1). En mayo, nuestro equipo levant\u00f3 la&nbsp;<strong>Liga&nbsp;<\/strong>36&nbsp;cuatro jornadas antes de que acabara el campeonato y el 1 de junio conquist\u00f3 la&nbsp;<strong>Decimoquinta&nbsp;<\/strong>en Wembley contra el Borussia Dortmund (0-2). Tres t\u00edtulos a los que hay que sumar los dos del inicio de esta temporada: la&nbsp;<strong>Supercopa de Europa<\/strong>&nbsp;ante el Atalanta (2-0) y la&nbsp;<strong>Copa Intercontinental<\/strong>&nbsp;contra el Pachuca (3-0).<\/p>\n\n\n\n<p>0:00 \/ 3:12<\/p>\n\n\n\n<h3 class=\"wp-block-heading\"><\/h3>\n\n\n\n<figure class=\"wp-block-image\"><img data-recalc-dims=\"1\" decoding=\"async\" src=\"https:\/\/i0.wp.com\/publish-p47754-e237306.adobeaemcloud.com\/adobe\/dynamicmedia\/deliver\/dm-aid--74e1fd36-050c-41c1-af29-d4d289f9817c\/PRESIDENTE_FLORENTINO_PEREZ_PREMIO_GLOBE_SOCCER_MJ18300.app.webp?w=640&#038;ssl=1\" alt=\"undefined\"\/><figcaption class=\"wp-element-caption\">Foto: Real Madrid<\/figcaption><\/figure>\n\n\n\n<figure class=\"wp-block-image\"><img data-recalc-dims=\"1\" decoding=\"async\" src=\"https:\/\/i0.wp.com\/publish-p47754-e237306.adobeaemcloud.com\/adobe\/dynamicmedia\/deliver\/dm-aid--6f3bc9c7-dd25-46c3-91d2-fb4b5aea751c\/ANCELOTTI_PREMIO_DUBAI_GLOBE_SOCCER_MJ15335.app.webp?w=640&#038;ssl=1\" alt=\"undefined\"\/><figcaption class=\"wp-element-caption\">Foto: Real Madrid<\/figcaption><\/figure>\n\n\n\n<figure class=\"wp-block-image\"><img data-recalc-dims=\"1\" decoding=\"async\" src=\"https:\/\/i0.wp.com\/publish-p47754-e237306.adobeaemcloud.com\/adobe\/dynamicmedia\/deliver\/dm-aid--21fe4fe2-dede-4cf7-b34c-818e31daa14b\/_FF11828.app.webp?w=640&#038;ssl=1\" alt=\"undefined\"\/><figcaption class=\"wp-element-caption\">Foto: Real Madrid<\/figcaption><\/figure>\n\n\n\n<figure class=\"wp-block-image\"><img data-recalc-dims=\"1\" decoding=\"async\" src=\"https:\/\/i0.wp.com\/publish-p47754-e237306.adobeaemcloud.com\/adobe\/dynamicmedia\/deliver\/dm-aid--ba7006cb-c5d4-4d8f-80fb-2153349ab706\/_FF11805.app.webp?w=640&#038;ssl=1\" alt=\"undefined\"\/><figcaption class=\"wp-element-caption\">Foto: Real Madrid<\/figcaption><\/figure>\n\n\n\n<figure class=\"wp-block-image\"><img data-recalc-dims=\"1\" decoding=\"async\" src=\"https:\/\/i0.wp.com\/publish-p47754-e237306.adobeaemcloud.com\/adobe\/dynamicmedia\/deliver\/dm-aid--506f7ccc-66a8-4f16-9334-a5ae29a19081\/_FF11792.app.webp?w=640&#038;ssl=1\" alt=\"undefined\"\/><figcaption class=\"wp-element-caption\">Foto: Real Madrid<\/figcaption><\/figure>\n\n\n\n<figure class=\"wp-block-image\"><img data-recalc-dims=\"1\" decoding=\"async\" src=\"https:\/\/i0.wp.com\/publish-p47754-e237306.adobeaemcloud.com\/adobe\/dynamicmedia\/deliver\/dm-aid--ed273b29-64d8-4061-97b9-f012504410a0\/_FF11773.app.webp?w=640&#038;ssl=1\" alt=\"undefined\"\/><figcaption class=\"wp-element-caption\">Foto: Real Madrid<\/figcaption><\/figure>\n\n\n\n<figure class=\"wp-block-image\"><img data-recalc-dims=\"1\" decoding=\"async\" src=\"https:\/\/i0.wp.com\/publish-p47754-e237306.adobeaemcloud.com\/adobe\/dynamicmedia\/deliver\/dm-aid--cbdd795e-90b9-4d93-931f-14552f89c94c\/_FF11788.app.webp?w=640&#038;ssl=1\" alt=\"undefined\"\/><figcaption class=\"wp-element-caption\">Foto: Real Madrid<\/figcaption><\/figure>\n\n\n\n<ul class=\"wp-block-list\">\n<li><\/li>\n<\/ul>\n\n\n\n<p>realmadrid.com<\/p>\n","protected":false},"excerpt":{"rendered":"<p>Nuestro equipo conquist\u00f3 la Champions, la Liga, la Supercopa de Europa, la Supercopa de Espa\u00f1a y la Copa Intercontinental. NOTICIA.27\/12\/2024 El&nbsp;Real Madrid&nbsp;fue reconocido como el mejor club del a\u00f1o en la gala de los Premios Globe Soccer 2024, que se celebr\u00f3 en Dub\u00e1i.&nbsp;Jos\u00e9 \u00c1ngel S\u00e1nchez, director general del&nbsp;Real Madrid, recogi\u00f3 un galard\u00f3n que premia el [&hellip;]<\/p>\n","protected":false},"author":1,"featured_media":177866,"comment_status":"closed","ping_status":"closed","sticky":false,"template":"","format":"standard","meta":{"_acf_changed":false,"_jetpack_memberships_contains_paid_content":false,"footnotes":"","jetpack_publicize_message":"","jetpack_publicize_feature_enabled":true,"jetpack_social_post_already_shared":true,"jetpack_social_options":{"image_generator_settings":{"template":"highway","default_image_id":0,"font":"","enabled":false},"version":2}},"categories":[5],"tags":[],"class_list":["post-177865","post","type-post","status-publish","format-standard","has-post-thumbnail","hentry","category-futbol"],"acf":[],"jetpack_publicize_connections":[],"jetpack_featured_media_url":"https:\/\/i0.wp.com\/sportseco.com\/wp-content\/uploads\/2024\/12\/ND_PREMIOS_GLOBE_SOCCER_GRUPO_FF11828.webp?fit=1440%2C810&ssl=1","jetpack_sharing_enabled":true,"_links":{"self":[{"href":"https:\/\/sportseco.com\/index.php?rest_route=\/wp\/v2\/posts\/177865","targetHints":{"allow":["GET"]}}],"collection":[{"href":"https:\/\/sportseco.com\/index.php?rest_route=\/wp\/v2\/posts"}],"about":[{"href":"https:\/\/sportseco.com\/index.php?rest_route=\/wp\/v2\/types\/post"}],"author":[{"embeddable":true,"href":"https:\/\/sportseco.com\/index.php?rest_route=\/wp\/v2\/users\/1"}],"replies":[{"embeddable":true,"href":"https:\/\/sportseco.com\/index.php?rest_route=%2Fwp%2Fv2%2Fcomments&post=177865"}],"version-history":[{"count":1,"href":"https:\/\/sportseco.com\/index.php?rest_route=\/wp\/v2\/posts\/177865\/revisions"}],"predecessor-version":[{"id":177867,"href":"https:\/\/sportseco.com\/index.php?rest_route=\/wp\/v2\/posts\/177865\/revisions\/177867"}],"wp:featuredmedia":[{"embeddable":true,"href":"https:\/\/sportseco.com\/index.php?rest_route=\/wp\/v2\/media\/177866"}],"wp:attachment":[{"href":"https:\/\/sportseco.com\/index.php?rest_route=%2Fwp%2Fv2%2Fmedia&parent=177865"}],"wp:term":[{"taxonomy":"category","embeddable":true,"href":"https:\/\/sportseco.com\/index.php?rest_route=%2Fwp%2Fv2%2Fcategories&post=177865"},{"taxonomy":"post_tag","embeddable":true,"href":"https:\/\/sportseco.com\/index.php?rest_route=%2Fwp%2Fv2%2Ftags&post=177865"}],"curies":[{"name":"wp","href":"https:\/\/api.w.org\/{rel}","templated":true}]}}