{"id":177891,"date":"2024-12-28T14:03:53","date_gmt":"2024-12-28T19:03:53","guid":{"rendered":"https:\/\/sportseco.com\/?p=177891"},"modified":"2024-12-28T14:03:56","modified_gmt":"2024-12-28T19:03:56","slug":"el-aguila-calva-es-oficialmente-designada-como-el-ave-nacional-de-estados-unidos","status":"publish","type":"post","link":"https:\/\/sportseco.com\/?p=177891","title":{"rendered":"El \u00e1guila calva es oficialmente designada como el ave nacional de Estados Unidos"},"content":{"rendered":"\n<p><strong>Washington, (EFEverde).- El \u00e1guila calva se ha convertido oficialmente en el ave nacional de los Estados Unidos, tras la firma del presidente, Joe Biden, de un proyecto de ley que buscaba reconocer al ave que ha sido utilizada como un s\u00edmbolo estadounidense desde 1782 cuando se incorpor\u00f3 al Gran Sello.<\/strong><\/p>\n\n\n\n<p>Biden firm\u00f3 la v\u00edspera de Navidad la enmienda impulsada por el National Eagle Center y un grupo bipartidista de congresistas que quer\u00edan formalizar la designaci\u00f3n como ave nacional de la Haliaeetus leucocephalus, nombre cient\u00edfico del \u00e1guila americana, tambi\u00e9n conocida como \u00e1guila calva.<\/p>\n\n\n\n<h2 class=\"wp-block-heading\">Vivir en paz con la naturaleza<\/h2>\n\n\n\n<p>Jack Davis, copresidente de la Iniciativa Nacional de Aves del Centro Nacional del \u00c1guila y promotor de la ley, advirti\u00f3 en un comunicado que durante casi 250 a\u00f1os se llam\u00f3 al \u00e1guila calva como ave nacional \u201ccuando no lo era\u00bb.<\/p>\n\n\n\n<p>\u00abAhora el t\u00edtulo es oficial y ninguna ave lo merece m\u00e1s. La hemos empujado dos veces hacia la extinci\u00f3n, pero el \u00e1guila calva resisti\u00f3, demostr\u00e1ndonos en \u00faltima instancia que vivir en paz con la naturaleza enriquece nuestra calidad de vida\u00bb, agreg\u00f3<\/p>\n\n\n\n<p>Reconocida por su cabeza blanca y su pico amarillo, el \u00e1guila calva estuvo a punto de extinguirse a mediados del siglo XX debido a la destrucci\u00f3n y degradaci\u00f3n de su h\u00e1bitat, as\u00ed como por la caza ilegal y la contaminaci\u00f3n de su fuente de alimento por el insecticida conocido como DDT.<\/p>\n\n\n\n<h2 class=\"wp-block-heading\">En peligro de extinci\u00f3n<\/h2>\n\n\n\n<p>Se cree que Estados Unidos pudo haber tenido hasta 100.000 \u00e1guilas anidando, pero para 1963 s\u00f3lo se contabilizaron 417 parejas anidadoras, por lo que la especie fue catalogada como en peligro de extinci\u00f3n.<\/p>\n\n\n\n<p>Los esfuerzos por evitar su desaparici\u00f3n han sido catalogados como una \u201chistoria de \u00e9xito\u201d de las medidas tomadas por el Gobierno estadounidense y ambientalistas.<\/p>\n\n\n\n<p>Las estimaciones de la poblaci\u00f3n de \u00e1guilas calvas en los 48 estados continentales, basadas en datos de 2018 a 2019, totalizan 316.700 aves, seg\u00fan el Servicio de Pesca y Vida Silvestre de EE.UU.<\/p>\n\n\n\n<p>\u00abLa designaci\u00f3n oficial del \u00e1guila calva como nuestra ave nacional reafirma el compromiso de nuestra naci\u00f3n con la conservaci\u00f3n y honra un s\u00edmbolo querido por los estadounidenses de todo el pa\u00eds\u00bb, indic\u00f3 John Wodele, copresidente de la Iniciativa Nacional de las Aves. EFEverde<\/p>\n","protected":false},"excerpt":{"rendered":"<p>Washington, (EFEverde).- El \u00e1guila calva se ha convertido oficialmente en el ave nacional de los Estados Unidos, tras la firma del presidente, Joe Biden, de un proyecto de ley que buscaba reconocer al ave que ha sido utilizada como un s\u00edmbolo estadounidense desde 1782 cuando se incorpor\u00f3 al Gran Sello. Biden firm\u00f3 la v\u00edspera de [&hellip;]<\/p>\n","protected":false},"author":1,"featured_media":177892,"comment_status":"closed","ping_status":"closed","sticky":false,"template":"","format":"standard","meta":{"_acf_changed":false,"_jetpack_memberships_contains_paid_content":false,"footnotes":"","jetpack_publicize_message":"","jetpack_publicize_feature_enabled":true,"jetpack_social_post_already_shared":true,"jetpack_social_options":{"image_generator_settings":{"template":"highway","default_image_id":0,"font":"","enabled":false},"version":2}},"categories":[6],"tags":[],"class_list":["post-177891","post","type-post","status-publish","format-standard","has-post-thumbnail","hentry","category-ecologia"],"acf":[],"jetpack_publicize_connections":[],"jetpack_featured_media_url":"https:\/\/i0.wp.com\/sportseco.com\/wp-content\/uploads\/2024\/12\/ImagenPorRuta.jpeg?fit=900%2C600&ssl=1","jetpack_sharing_enabled":true,"_links":{"self":[{"href":"https:\/\/sportseco.com\/index.php?rest_route=\/wp\/v2\/posts\/177891","targetHints":{"allow":["GET"]}}],"collection":[{"href":"https:\/\/sportseco.com\/index.php?rest_route=\/wp\/v2\/posts"}],"about":[{"href":"https:\/\/sportseco.com\/index.php?rest_route=\/wp\/v2\/types\/post"}],"author":[{"embeddable":true,"href":"https:\/\/sportseco.com\/index.php?rest_route=\/wp\/v2\/users\/1"}],"replies":[{"embeddable":true,"href":"https:\/\/sportseco.com\/index.php?rest_route=%2Fwp%2Fv2%2Fcomments&post=177891"}],"version-history":[{"count":1,"href":"https:\/\/sportseco.com\/index.php?rest_route=\/wp\/v2\/posts\/177891\/revisions"}],"predecessor-version":[{"id":177893,"href":"https:\/\/sportseco.com\/index.php?rest_route=\/wp\/v2\/posts\/177891\/revisions\/177893"}],"wp:featuredmedia":[{"embeddable":true,"href":"https:\/\/sportseco.com\/index.php?rest_route=\/wp\/v2\/media\/177892"}],"wp:attachment":[{"href":"https:\/\/sportseco.com\/index.php?rest_route=%2Fwp%2Fv2%2Fmedia&parent=177891"}],"wp:term":[{"taxonomy":"category","embeddable":true,"href":"https:\/\/sportseco.com\/index.php?rest_route=%2Fwp%2Fv2%2Fcategories&post=177891"},{"taxonomy":"post_tag","embeddable":true,"href":"https:\/\/sportseco.com\/index.php?rest_route=%2Fwp%2Fv2%2Ftags&post=177891"}],"curies":[{"name":"wp","href":"https:\/\/api.w.org\/{rel}","templated":true}]}}