{"id":177951,"date":"2024-12-29T12:06:45","date_gmt":"2024-12-29T17:06:45","guid":{"rendered":"https:\/\/sportseco.com\/?p=177951"},"modified":"2024-12-29T12:06:51","modified_gmt":"2024-12-29T17:06:51","slug":"el-mejor-del-mundo-vini-jr-es-homenajeado-en-la-fachada-de-la-sede-de-la-cbf","status":"publish","type":"post","link":"https:\/\/sportseco.com\/?p=177951","title":{"rendered":"El mejor del mundo: Vini Jr. es homenajeado en la fachada de la sede de la CBF"},"content":{"rendered":"\n<p>La entidad felicita al delantero del Real Madrid y la Selecci\u00f3n Brasile\u00f1a y protagonista de la lucha antirracista<\/p>\n\n\n\n<p>Este domingo (29), la CBF inaugur\u00f3 un homenaje a Vinicius Junior, elegido mejor jugador del mundo por la FIFA. En la fachada de la sede de la entidad, en R\u00edo de Janeiro, luce la foto del delantero del Real Madrid y de la selecci\u00f3n brasile\u00f1a y el trofeo al principal honor individual, recibido en la ceremonia del FIFA The Best, en Doha, Qatar. Tambi\u00e9n est\u00e1 la frase \u201cLo mejor del mundo es nuestro\u201d.<\/p>\n\n\n\n<p>El mejor del mundo: Vini Jr. es homenajeado en la fachada de la sede de la CBF<br \/>Cr\u00e9ditos: Joilson Marcone\/CBF<\/p>\n\n\n\n<p>Despu\u00e9s de ganar, se convirti\u00f3 en el primer brasile\u00f1o en ganar el premio en los distintos formatos de los premios FIFA desde la votaci\u00f3n ganada por Kak\u00e1, en 2007, y se uni\u00f3 a un selecto grupo, formado por grandes nombres de la historia del f\u00fatbol brasile\u00f1o. Ronaldo Fen\u00f4meno fue elegido tres veces, Ronaldinho Ga\u00facho, dos veces, adem\u00e1s de Rom\u00e1rio y Rivaldo, ambos con una.<\/p>\n\n\n\n<figure class=\"wp-block-image size-large\"><img data-recalc-dims=\"1\" loading=\"lazy\" decoding=\"async\" width=\"640\" height=\"347\" src=\"https:\/\/i0.wp.com\/sportseco.com\/wp-content\/uploads\/2024\/12\/IMG_4371.jpeg?resize=640%2C347&#038;ssl=1\" alt=\"\" class=\"wp-image-177953\" srcset=\"https:\/\/i0.wp.com\/sportseco.com\/wp-content\/uploads\/2024\/12\/IMG_4371-scaled.jpeg?resize=1030%2C559&amp;ssl=1 1030w, https:\/\/i0.wp.com\/sportseco.com\/wp-content\/uploads\/2024\/12\/IMG_4371-scaled.jpeg?resize=300%2C163&amp;ssl=1 300w, https:\/\/i0.wp.com\/sportseco.com\/wp-content\/uploads\/2024\/12\/IMG_4371-scaled.jpeg?resize=768%2C416&amp;ssl=1 768w, https:\/\/i0.wp.com\/sportseco.com\/wp-content\/uploads\/2024\/12\/IMG_4371-scaled.jpeg?resize=1536%2C833&amp;ssl=1 1536w, https:\/\/i0.wp.com\/sportseco.com\/wp-content\/uploads\/2024\/12\/IMG_4371-scaled.jpeg?resize=2048%2C1111&amp;ssl=1 2048w, https:\/\/i0.wp.com\/sportseco.com\/wp-content\/uploads\/2024\/12\/IMG_4371-scaled.jpeg?w=1280&amp;ssl=1 1280w, https:\/\/i0.wp.com\/sportseco.com\/wp-content\/uploads\/2024\/12\/IMG_4371-scaled.jpeg?w=1920&amp;ssl=1 1920w\" sizes=\"auto, (max-width: 640px) 100vw, 640px\" \/><\/figure>\n\n\n\n<p>Vini Jr.: El mejor del mundo es homenajeado en la fachada de la sede de la CBF<br \/>Cr\u00e9ditos: Joilson Marcone\/CBF<\/p>\n\n\n\n<p>En la temporada 23\/24, el jugador nacido en R\u00edo de Janeiro se proclam\u00f3 campe\u00f3n de La Liga (Campeonato de Espa\u00f1a) y de la UEFA Champions League. En el torneo continental, de hecho, marc\u00f3 en la decisi\u00f3n ganada por los merengues sobre el Borussia Dortmund por 2-0, en Wembley &#8211; Vini ya hab\u00eda marcado el gol del t\u00edtulo de la Liga de Campeones contra el Liverpool, en 2022. Sumando todas las competiciones, jug\u00f3 39 partidos y particip\u00f3 en 35 goles (24 goles y 11 asistencias).<\/p>\n\n\n\n<p>En la actual temporada, el n\u00famero 7 disput\u00f3 21 partidos, marc\u00f3 14 goles y dio siete asistencias. Adem\u00e1s de los grandes n\u00fameros, Vini ya levant\u00f3 la Supercopa de Europa y la Copa Intercontinental.<\/p>\n\n\n\n<p>Vini Jr.: El mejor del mundo es homenajeado en la fachada de la sede de la CBF<br \/>Cr\u00e9ditos: Joilson Marcone\/CBF<\/p>\n\n\n\n<p>El impacto del atacante, sin embargo, supera las cuatro l\u00edneas. Fuera del terreno de juego, Vinicius es uno de los principales protagonistas de la lucha antirracista y trabaja para que m\u00e1s j\u00f3venes negros como \u00e9l, criados en lugares de inestabilidad social, puedan ascender en la vida y hacer realidad sus sue\u00f1os.<\/p>\n\n\n\n<p>Vini Jr.: El mejor del mundo es homenajeado en la fachada de la sede de la CBF<br \/>Cr\u00e9ditos: Joilson Marcone\/CBF<\/p>\n\n\n\n<p><\/p>\n\n\n\n<p>cbf.com.br<\/p>\n","protected":false},"excerpt":{"rendered":"<p>La entidad felicita al delantero del Real Madrid y la Selecci\u00f3n Brasile\u00f1a y protagonista de la lucha antirracista Este domingo (29), la CBF inaugur\u00f3 un homenaje a Vinicius Junior, elegido mejor jugador del mundo por la FIFA. En la fachada de la sede de la entidad, en R\u00edo de Janeiro, luce la foto del delantero [&hellip;]<\/p>\n","protected":false},"author":1,"featured_media":177952,"comment_status":"closed","ping_status":"closed","sticky":false,"template":"","format":"standard","meta":{"_acf_changed":false,"_jetpack_memberships_contains_paid_content":false,"footnotes":"","jetpack_publicize_message":"","jetpack_publicize_feature_enabled":true,"jetpack_social_post_already_shared":true,"jetpack_social_options":{"image_generator_settings":{"template":"highway","default_image_id":0,"font":"","enabled":false},"version":2}},"categories":[5],"tags":[],"class_list":["post-177951","post","type-post","status-publish","format-standard","has-post-thumbnail","hentry","category-futbol"],"acf":[],"jetpack_publicize_connections":[],"jetpack_featured_media_url":"https:\/\/i0.wp.com\/sportseco.com\/wp-content\/uploads\/2024\/12\/IMG_4374-scaled.jpeg?fit=2560%2C1710&ssl=1","jetpack_sharing_enabled":true,"_links":{"self":[{"href":"https:\/\/sportseco.com\/index.php?rest_route=\/wp\/v2\/posts\/177951","targetHints":{"allow":["GET"]}}],"collection":[{"href":"https:\/\/sportseco.com\/index.php?rest_route=\/wp\/v2\/posts"}],"about":[{"href":"https:\/\/sportseco.com\/index.php?rest_route=\/wp\/v2\/types\/post"}],"author":[{"embeddable":true,"href":"https:\/\/sportseco.com\/index.php?rest_route=\/wp\/v2\/users\/1"}],"replies":[{"embeddable":true,"href":"https:\/\/sportseco.com\/index.php?rest_route=%2Fwp%2Fv2%2Fcomments&post=177951"}],"version-history":[{"count":1,"href":"https:\/\/sportseco.com\/index.php?rest_route=\/wp\/v2\/posts\/177951\/revisions"}],"predecessor-version":[{"id":177954,"href":"https:\/\/sportseco.com\/index.php?rest_route=\/wp\/v2\/posts\/177951\/revisions\/177954"}],"wp:featuredmedia":[{"embeddable":true,"href":"https:\/\/sportseco.com\/index.php?rest_route=\/wp\/v2\/media\/177952"}],"wp:attachment":[{"href":"https:\/\/sportseco.com\/index.php?rest_route=%2Fwp%2Fv2%2Fmedia&parent=177951"}],"wp:term":[{"taxonomy":"category","embeddable":true,"href":"https:\/\/sportseco.com\/index.php?rest_route=%2Fwp%2Fv2%2Fcategories&post=177951"},{"taxonomy":"post_tag","embeddable":true,"href":"https:\/\/sportseco.com\/index.php?rest_route=%2Fwp%2Fv2%2Ftags&post=177951"}],"curies":[{"name":"wp","href":"https:\/\/api.w.org\/{rel}","templated":true}]}}