{"id":177967,"date":"2024-12-29T18:03:34","date_gmt":"2024-12-29T23:03:34","guid":{"rendered":"https:\/\/sportseco.com\/?p=177967"},"modified":"2024-12-29T18:03:40","modified_gmt":"2024-12-29T23:03:40","slug":"el-mundo-esta-muy-mal-preparado-para-la-proxima-pandemia-es-urgente-construir-sistemas-de-salud-publica-resilientes","status":"publish","type":"post","link":"https:\/\/sportseco.com\/?p=177967","title":{"rendered":"El mundo est\u00e1 muy mal preparado para la pr\u00f3xima pandemia, es urgente construir sistemas de salud p\u00fablica resilientes"},"content":{"rendered":"\n<p>El titular de la ONU llama a no desatender las ense\u00f1anzas que dej\u00f3 el COVID-19, que se cobr\u00f3 millones de vidas y colaps\u00f3 la econom\u00eda mundial, y pugna por avanzar hacia la cobertura de sanitaria universal.<\/p>\n\n\n\n<p>\u201cLa pandemia de&nbsp;<strong><a href=\"https:\/\/news.un.org\/es\/events\/cobertura-especial-de-noticias-onu-sobre-el-coronavirus\">COVID-19<\/a>&nbsp;fue un llamado de atenci\u00f3n para el mundo<\/strong>: se cobr\u00f3 millones de vidas, destroz\u00f3 las econom\u00edas, llev\u00f3 a los sistemas de salud al borde del abismo y perturb\u00f3 la vida cotidiana de toda la humanidad\u201d, record\u00f3 este viernes el&nbsp;<a href=\"https:\/\/www.un.org\/sg\/es\">Secretario General<\/a>&nbsp;de la ONU en su mensaje con motivo del&nbsp;<a href=\"https:\/\/www.un.org\/es\/observances\/epidemic-preparedness-day\" target=\"_blank\" rel=\"noreferrer noopener\">D\u00eda Internacional de Preparaci\u00f3n ante las Pandemias<\/a>.<\/p>\n\n\n\n<p>Ant\u00f3nio Guterres dijo que si bien la crisis del COVID-19 puede haber pasado,&nbsp;<strong>sus ense\u00f1anzas fueron dolorosas<\/strong>.<\/p>\n\n\n\n<p><strong>\u201cEl mundo est\u00e1 muy mal preparado para la pr\u00f3xima pandemia<\/strong>\u201d, afirm\u00f3 Guterres en la jornada designada por la&nbsp;<a href=\"https:\/\/www.un.org\/es\/ga\/about\/index.shtml\">Asamblea General<\/a>&nbsp;en diciembre de 2020, cuando la humanidad atravesaba la peor emergencia de saluda registrada en la historia.<\/p>\n\n\n\n<h2 class=\"wp-block-heading\">Recordatorios alarmantes<\/h2>\n\n\n\n<p>El titular de la ONU dijo que los brotes de viruela s\u00edmica, c\u00f3lera, poliomielitis y la enfermedad por el virus de Marburgo son \u201crecordatorios alarmantes\u201d de que<strong>&nbsp;las enfermedades infecciosas son, a\u00fan hoy, un peligro real para todos los pa\u00edses.<\/strong><\/p>\n\n\n\n<p>En este D\u00eda Internacional, llam\u00f3 a los pa\u00edses a tener en cuenta las ense\u00f1anzas de las emergencias sanitarias del pasado para&nbsp;<strong>preparar al mundo<\/strong>&nbsp;de cara a las que puedan venir en el futuro.<\/p>\n\n\n\n<p>Para ello, argument\u00f3, \u201chay que construir sistemas de salud p\u00fablica y atenci\u00f3n primaria de salud que sean resilientes y&nbsp;<strong>cumplir la promesa de la cobertura sanitaria universal\u201d.<\/strong><\/p>\n\n\n\n<p>Guterres inst\u00f3 a los gobiernos a&nbsp;<strong>invertir con audacia en la vigilancia y la detecci\u00f3n de las pandemias<\/strong>&nbsp;y la respuesta a ellas.<\/p>\n\n\n\n<h2 class=\"wp-block-heading\">Promover la solidaridad<\/h2>\n\n\n\n<p>Asimismo, abog\u00f3 por&nbsp;<strong>garantizar el acceso equitativo a los recursos que salvan vidas<\/strong>, como las vacunas, los tratamientos y los medios de diagn\u00f3stico.<\/p>\n\n\n\n<p>Pero, m\u00e1s que nada, exhort\u00f3 a promover la solidaridad mundial, conminando a los pa\u00edses a cumplir el hist\u00f3rico Acuerdo sobre Pandemias a fin de&nbsp;<strong>velar por que todo el mundo mejore la colaboraci\u00f3n para prevenir y contener<\/strong>&nbsp;las pr\u00f3ximas emergencias sanitarias.<\/p>\n\n\n\n<p>\u201cHoy, y todos los d\u00edas,&nbsp;<strong>compromet\u00e1monos a trabajar juntos por un mundo m\u00e1s seguro y saludable<\/strong>&nbsp;para todos, en todas partes\u201d, concluy\u00f3 el Secretario General.<\/p>\n\n\n\n<h2 class=\"wp-block-heading\">Priorizar la inclusi\u00f3n<\/h2>\n\n\n\n<p>El Alto Comisionado de la ONU para los Derechos Humanos hizo eco de las palabras de Ant\u00f3nio Guterres aseverando que la pandemia de COVID-19 \u201crevel\u00f3 duras verdades: los&nbsp;<strong>sistemas de atenci\u00f3n sanitaria excluyentes hacen que todas las personas sean vulnerables<\/strong>\u201d.<\/p>\n\n\n\n<p>Voker T\u00fcrk subray\u00f3 en su cuenta de X que la preparaci\u00f3n para las epidemias \u201cdebe&nbsp;<strong>priorizar la inclusi\u00f3n<\/strong>, los sistemas de salud resilientes y el acceso equitativo a las vacunas\u201d.&nbsp;<\/p>\n\n\n\n<p><\/p>\n\n\n\n<p>news.un.org<\/p>\n","protected":false},"excerpt":{"rendered":"<p>El titular de la ONU llama a no desatender las ense\u00f1anzas que dej\u00f3 el COVID-19, que se cobr\u00f3 millones de vidas y colaps\u00f3 la econom\u00eda mundial, y pugna por avanzar hacia la cobertura de sanitaria universal. \u201cLa pandemia de&nbsp;COVID-19&nbsp;fue un llamado de atenci\u00f3n para el mundo: se cobr\u00f3 millones de vidas, destroz\u00f3 las econom\u00edas, llev\u00f3 [&hellip;]<\/p>\n","protected":false},"author":1,"featured_media":177968,"comment_status":"closed","ping_status":"closed","sticky":false,"template":"","format":"standard","meta":{"_acf_changed":false,"_jetpack_memberships_contains_paid_content":false,"footnotes":"","jetpack_publicize_message":"","jetpack_publicize_feature_enabled":true,"jetpack_social_post_already_shared":true,"jetpack_social_options":{"image_generator_settings":{"template":"highway","default_image_id":0,"font":"","enabled":false},"version":2}},"categories":[6],"tags":[],"class_list":["post-177967","post","type-post","status-publish","format-standard","has-post-thumbnail","hentry","category-ecologia"],"acf":[],"jetpack_publicize_connections":[],"jetpack_featured_media_url":"https:\/\/i0.wp.com\/sportseco.com\/wp-content\/uploads\/2024\/12\/image1170x530cropped-10.jpg?fit=1170%2C530&ssl=1","jetpack_sharing_enabled":true,"_links":{"self":[{"href":"https:\/\/sportseco.com\/index.php?rest_route=\/wp\/v2\/posts\/177967","targetHints":{"allow":["GET"]}}],"collection":[{"href":"https:\/\/sportseco.com\/index.php?rest_route=\/wp\/v2\/posts"}],"about":[{"href":"https:\/\/sportseco.com\/index.php?rest_route=\/wp\/v2\/types\/post"}],"author":[{"embeddable":true,"href":"https:\/\/sportseco.com\/index.php?rest_route=\/wp\/v2\/users\/1"}],"replies":[{"embeddable":true,"href":"https:\/\/sportseco.com\/index.php?rest_route=%2Fwp%2Fv2%2Fcomments&post=177967"}],"version-history":[{"count":1,"href":"https:\/\/sportseco.com\/index.php?rest_route=\/wp\/v2\/posts\/177967\/revisions"}],"predecessor-version":[{"id":177969,"href":"https:\/\/sportseco.com\/index.php?rest_route=\/wp\/v2\/posts\/177967\/revisions\/177969"}],"wp:featuredmedia":[{"embeddable":true,"href":"https:\/\/sportseco.com\/index.php?rest_route=\/wp\/v2\/media\/177968"}],"wp:attachment":[{"href":"https:\/\/sportseco.com\/index.php?rest_route=%2Fwp%2Fv2%2Fmedia&parent=177967"}],"wp:term":[{"taxonomy":"category","embeddable":true,"href":"https:\/\/sportseco.com\/index.php?rest_route=%2Fwp%2Fv2%2Fcategories&post=177967"},{"taxonomy":"post_tag","embeddable":true,"href":"https:\/\/sportseco.com\/index.php?rest_route=%2Fwp%2Fv2%2Ftags&post=177967"}],"curies":[{"name":"wp","href":"https:\/\/api.w.org\/{rel}","templated":true}]}}