{"id":177976,"date":"2024-12-30T08:22:46","date_gmt":"2024-12-30T13:22:46","guid":{"rendered":"https:\/\/sportseco.com\/?p=177976"},"modified":"2024-12-30T08:22:56","modified_gmt":"2024-12-30T13:22:56","slug":"2024-es-uno-de-los-peores-anos-de-la-historia-para-los-ninos-en-conflicto","status":"publish","type":"post","link":"https:\/\/sportseco.com\/?p=177976","title":{"rendered":"2024 es uno de los peores a\u00f1os de la historia para los ni\u00f1os en conflicto"},"content":{"rendered":"\n<p>De Palestina a Myanmar, de Hait\u00ed a Sud\u00e1n, el mundo est\u00e1 sufriendo el mayor n\u00famero de conflictos desde la Segunda Guerra Mundial. Casi el 19% de los ni\u00f1os (m\u00e1s de 473 millones) vive ahora en zonas de conflicto, y 47,2 millones han sido desplazados por los \u00e9stos y la violencia.<\/p>\n\n\n\n<p>El impacto de los conflictos armados en los ni\u00f1os de todo el mundo alcanz\u00f3 niveles devastadores y probablemente sin precedentes en 2024, seg\u00fan una evaluaci\u00f3n del&nbsp;<a href=\"https:\/\/www.unicef.org\/es\" target=\"_blank\" rel=\"noreferrer noopener\">Fondo de las Naciones Unidas para la Infancia<\/a>&nbsp;(<a href=\"https:\/\/www.unicef.org\/es\" target=\"_blank\" rel=\"noreferrer noopener\">UNICEF<\/a>).<\/p>\n\n\n\n<p>El estudio, publicado el viernes, concluye que se est\u00e1n violando los derechos de un n\u00famero r\u00e9cord de ni\u00f1os, entre otras cosas porque mueren y resultan heridos, no van a la escuela ni reciben vacunas vitales y sufren desnutrici\u00f3n grave; y se prev\u00e9 que la cifra no haga m\u00e1s que aumentar.<\/p>\n\n\n\n<p>De Palestina a Myanmar, de&nbsp;<a href=\"https:\/\/news.un.org\/es\/search\/Hait%C3%AD\">Hait\u00ed<\/a>&nbsp;a Sud\u00e1n,&nbsp;<strong>el mundo est\u00e1 sufriendo el mayor n\u00famero de conflictos desde la Segunda Guerra Mundial<\/strong>. Casi el 19% de los ni\u00f1os del mundo (m\u00e1s de 473 millones) viven ahora en zonas de conflicto, y 47,2 millones han sido desplazados por los \u00e9stos y la violencia.<\/p>\n\n\n\n<p>Miles de ni\u00f1os han muerto y han resultado heridos en&nbsp;<a href=\"https:\/\/news.un.org\/es\/events\/israel-palestina\">Gaza<\/a>, y en Ucrania, la ONU verific\u00f3 m\u00e1s v\u00edctimas infantiles durante los primeros nueve meses de 2024 que durante todo 2023.<\/p>\n\n\n\n<p>Ha habido informes generalizados de violaciones y violencia sexual contra mujeres y ni\u00f1as en situaciones de conflicto.<\/p>\n\n\n\n<p>En Hait\u00ed, en lo que va de a\u00f1o, se ha producido un aumento del 1000% en las denuncias de incidentes de violencia sexual contra ni\u00f1os. En situaciones de conflicto armado, los menores con discapacidad tambi\u00e9n tienden a estar desproporcionadamente expuestos a la violencia y a la violaci\u00f3n de sus derechos.<\/p>\n\n\n\n<h2 class=\"wp-block-heading\">Educaci\u00f3n gravemente perturbada<\/h2>\n\n\n\n<p>Se calcula que en los pa\u00edses afectados por conflictos hay m\u00e1s de 52 millones de ni\u00f1os sin escolarizar.<\/p>\n\n\n\n<p>Los menores de la Franja de Gaza y una parte significativa de los de Sud\u00e1n han perdido m\u00e1s de un a\u00f1o de educaci\u00f3n, mientras que, en pa\u00edses como Ucrania, la Rep\u00fablica Democr\u00e1tica del Congo y Siria, las escuelas han sido da\u00f1adas, destruidas o reutilizadas, dejando a millones de infancias sin acceso al aprendizaje.<\/p>\n\n\n\n<p>La destrucci\u00f3n de las infraestructuras educativas y la inseguridad cerca de las escuelas han agravado una situaci\u00f3n ya de por s\u00ed grave para su educaci\u00f3n en estas regiones.<\/p>\n\n\n\n<figure class=\"wp-block-image\"><img data-recalc-dims=\"1\" decoding=\"async\" src=\"https:\/\/i0.wp.com\/global.unitednations.entermediadb.net\/assets\/mediadb\/services\/module\/asset\/downloads\/preset\/Collections\/Embargoed\/26-12-2024-UNICEF-Afghanistan.jpg\/image1170x530cropped.jpg?w=640&#038;ssl=1\" alt=\"Farzan, de 9 a\u00f1os, en las ruinas de su casa en la provincia de Ghor, al oeste de Afganist\u00e1n (mayo de 2024).\" title=\"Farzan, de 9 a\u00f1os, en las ruinas de su casa en la provincia de Ghor, al oeste de Afganist\u00e1n (mayo de 2024).\"\/><\/figure>\n\n\n\n<p>UNICEF\/Naftalin<\/p>\n\n\n\n<p>Farzan, de 9 a\u00f1os, en las ruinas de su casa en la provincia de Ghor, al oeste de Afganist\u00e1n (mayo de 2024).<\/p>\n\n\n\n<h2 class=\"wp-block-heading\">Malnutrici\u00f3n y hambruna<\/h2>\n\n\n\n<p>La desnutrici\u00f3n entre los ni\u00f1os de las zonas de conflicto tambi\u00e9n ha aumentado hasta niveles alarmantes, ya que el conflicto y la violencia armada siguen siendo los principales causantes del hambre en numerosos puntos conflictivos, perturbando los sistemas alimentarios, desplazando a las poblaciones y obstruyendo el acceso de la ayuda humanitaria.<\/p>\n\n\n\n<p>Por ejemplo, en Sud\u00e1n, se declar\u00f3 la hambruna en el norte de Darfur, la primera desde 2017. En 2024, se estima que m\u00e1s de medio mill\u00f3n de personas en cinco pa\u00edses afectados por conflictos vivir\u00e1n en las situaciones m\u00e1s extremas de inseguridad alimentaria.<\/p>\n\n\n\n<h2 class=\"wp-block-heading\">La sanidad amenazada<\/h2>\n\n\n\n<p>Los conflictos tambi\u00e9n est\u00e1n teniendo efectos devastadores en el acceso a la atenci\u00f3n sanitaria cr\u00edtica. Alrededor del 40% de los menores no vacunados o insuficientemente vacunados viven en pa\u00edses parcial o totalmente afectados por \u00e9stos.<\/p>\n\n\n\n<p>Esos ni\u00f1os suelen ser los m\u00e1s vulnerables a brotes de enfermedades como el sarampi\u00f3n y la poliomielitis, debido a las perturbaciones y la falta de acceso a la seguridad, la nutrici\u00f3n y los servicios sanitarios.<\/p>\n\n\n\n<p>El impacto en la salud mental tambi\u00e9n es enorme; la exposici\u00f3n a la violencia, la destrucci\u00f3n y la p\u00e9rdida de seres queridos puede provocar reacciones como depresi\u00f3n, pesadillas y dificultad para dormir, comportamiento agresivo o retra\u00eddo, tristeza y miedo, entre otras.<\/p>\n\n\n\n<h2 class=\"wp-block-heading\">Esta no debe ser la nueva normalidad<\/h2>\n\n\n\n<p>\u201cDesde casi todos los puntos de vista, 2024 ha sido uno de los peores a\u00f1os registrados para los ni\u00f1os en conflicto en la historia de UNICEF, tanto por el n\u00famero de ni\u00f1os afectados como por el nivel de impacto en sus vidas\u201d, afirm\u00f3 la directora ejecutiva de UNICEF, Catherine Russell.<\/p>\n\n\n\n<p>\u201cUn ni\u00f1o que crece en una zona de conflicto tiene muchas m\u00e1s probabilidades de no ir a la escuela, estar desnutrido o verse obligado a abandonar su hogar, con demasiada frecuencia de forma repetida, en comparaci\u00f3n con un ni\u00f1o que vive en lugares de paz. Esta no debe ser la nueva normalidad. No podemos permitir que una generaci\u00f3n de ni\u00f1os se convierta en un da\u00f1o colateral de las guerras sin control del mundo\u201d.<\/p>\n\n\n\n<p><\/p>\n\n\n\n<p>news.un.org<\/p>\n","protected":false},"excerpt":{"rendered":"<p>De Palestina a Myanmar, de Hait\u00ed a Sud\u00e1n, el mundo est\u00e1 sufriendo el mayor n\u00famero de conflictos desde la Segunda Guerra Mundial. Casi el 19% de los ni\u00f1os (m\u00e1s de 473 millones) vive ahora en zonas de conflicto, y 47,2 millones han sido desplazados por los \u00e9stos y la violencia. El impacto de los conflictos [&hellip;]<\/p>\n","protected":false},"author":1,"featured_media":177977,"comment_status":"closed","ping_status":"closed","sticky":false,"template":"","format":"standard","meta":{"_acf_changed":false,"_jetpack_memberships_contains_paid_content":false,"footnotes":"","jetpack_publicize_message":"","jetpack_publicize_feature_enabled":true,"jetpack_social_post_already_shared":true,"jetpack_social_options":{"image_generator_settings":{"template":"highway","default_image_id":0,"font":"","enabled":false},"version":2}},"categories":[6],"tags":[],"class_list":["post-177976","post","type-post","status-publish","format-standard","has-post-thumbnail","hentry","category-ecologia"],"acf":[],"jetpack_publicize_connections":[],"jetpack_featured_media_url":"https:\/\/i0.wp.com\/sportseco.com\/wp-content\/uploads\/2024\/12\/image1170x530cropped-1-5.jpg?fit=1170%2C530&ssl=1","jetpack_sharing_enabled":true,"_links":{"self":[{"href":"https:\/\/sportseco.com\/index.php?rest_route=\/wp\/v2\/posts\/177976","targetHints":{"allow":["GET"]}}],"collection":[{"href":"https:\/\/sportseco.com\/index.php?rest_route=\/wp\/v2\/posts"}],"about":[{"href":"https:\/\/sportseco.com\/index.php?rest_route=\/wp\/v2\/types\/post"}],"author":[{"embeddable":true,"href":"https:\/\/sportseco.com\/index.php?rest_route=\/wp\/v2\/users\/1"}],"replies":[{"embeddable":true,"href":"https:\/\/sportseco.com\/index.php?rest_route=%2Fwp%2Fv2%2Fcomments&post=177976"}],"version-history":[{"count":1,"href":"https:\/\/sportseco.com\/index.php?rest_route=\/wp\/v2\/posts\/177976\/revisions"}],"predecessor-version":[{"id":177978,"href":"https:\/\/sportseco.com\/index.php?rest_route=\/wp\/v2\/posts\/177976\/revisions\/177978"}],"wp:featuredmedia":[{"embeddable":true,"href":"https:\/\/sportseco.com\/index.php?rest_route=\/wp\/v2\/media\/177977"}],"wp:attachment":[{"href":"https:\/\/sportseco.com\/index.php?rest_route=%2Fwp%2Fv2%2Fmedia&parent=177976"}],"wp:term":[{"taxonomy":"category","embeddable":true,"href":"https:\/\/sportseco.com\/index.php?rest_route=%2Fwp%2Fv2%2Fcategories&post=177976"},{"taxonomy":"post_tag","embeddable":true,"href":"https:\/\/sportseco.com\/index.php?rest_route=%2Fwp%2Fv2%2Ftags&post=177976"}],"curies":[{"name":"wp","href":"https:\/\/api.w.org\/{rel}","templated":true}]}}