{"id":177993,"date":"2024-12-30T09:18:11","date_gmt":"2024-12-30T14:18:11","guid":{"rendered":"https:\/\/sportseco.com\/?p=177993"},"modified":"2024-12-30T09:18:16","modified_gmt":"2024-12-30T14:18:16","slug":"finaliza-el-ultimo-microciclo-del-ano","status":"publish","type":"post","link":"https:\/\/sportseco.com\/?p=177993","title":{"rendered":"\u00a1Finaliza el \u00faltimo microciclo del a\u00f1o!"},"content":{"rendered":"\n<p>La<strong>&nbsp;Selecci\u00f3n Colombia Masculina Sub-20 concentr\u00f3 desde el 26 de diciembre con el objetivo de continuar enfocados en lo que ser\u00e1 el CONMEBOL Sudamericano<\/strong>&nbsp;de la categor\u00eda en 2025.<\/p>\n\n\n\n<p>Los&nbsp;<strong><a href=\"https:\/\/fcf.com.co\/2024\/12\/11\/convocatoria-de-la-seleccion-colombia-masculina-sub-20-para-microciclo-de-trabajo-diciembre-2024\/\">27 convocados por C\u00e9sar Torres llegaron a la capital del pa\u00eds&nbsp;<\/a>y realizaron tres jornadas de pr\u00e1ctica en campo en la sede deportiva de la FCF<\/strong>&nbsp;e hicieron trabajos complementarios en el hotel de concentraci\u00f3n.<\/p>\n\n\n\n<p>En general,&nbsp;<strong>se reforz\u00f3 la idea de juego, trabajando en la alta intensidad y los comportamientos colectivos.&nbsp;<\/strong>Asimismo, se consolidaron aspectos t\u00e9cnico t\u00e1cticos en defensa y en ataque.&nbsp;<strong>A continuaci\u00f3n las declaraciones del DT y el arquero Jordan Garc\u00eda tras el cierre del a\u00f1o.<\/strong><\/p>\n\n\n\n<figure class=\"wp-block-embed is-type-video is-provider-youtube wp-block-embed-youtube wp-embed-aspect-16-9 wp-has-aspect-ratio\"><div class=\"wp-block-embed__wrapper\">\n<iframe loading=\"lazy\" title=\"Voces | Entrenamiento Selecci\u00f3n Colombia Masculina Sub20 en Bogot\u00e1 | 29 de diciembre\" width=\"640\" height=\"360\" src=\"https:\/\/www.youtube.com\/embed\/ioVP6lnYvXo?feature=oembed\" frameborder=\"0\" allow=\"accelerometer; autoplay; clipboard-write; encrypted-media; gyroscope; picture-in-picture; web-share\" referrerpolicy=\"strict-origin-when-cross-origin\" allowfullscreen><\/iframe>\n<\/div><\/figure>\n\n\n\n<p><\/p>\n\n\n\n<p>fcf.com.co<\/p>\n","protected":false},"excerpt":{"rendered":"<p>La&nbsp;Selecci\u00f3n Colombia Masculina Sub-20 concentr\u00f3 desde el 26 de diciembre con el objetivo de continuar enfocados en lo que ser\u00e1 el CONMEBOL Sudamericano&nbsp;de la categor\u00eda en 2025. Los&nbsp;27 convocados por C\u00e9sar Torres llegaron a la capital del pa\u00eds&nbsp;y realizaron tres jornadas de pr\u00e1ctica en campo en la sede deportiva de la FCF&nbsp;e hicieron trabajos complementarios [&hellip;]<\/p>\n","protected":false},"author":1,"featured_media":177995,"comment_status":"closed","ping_status":"closed","sticky":false,"template":"","format":"standard","meta":{"_acf_changed":false,"_jetpack_memberships_contains_paid_content":false,"footnotes":"","jetpack_publicize_message":"","jetpack_publicize_feature_enabled":true,"jetpack_social_post_already_shared":true,"jetpack_social_options":{"image_generator_settings":{"template":"highway","default_image_id":0,"font":"","enabled":false},"version":2}},"categories":[5],"tags":[],"class_list":["post-177993","post","type-post","status-publish","format-standard","has-post-thumbnail","hentry","category-futbol"],"acf":[],"jetpack_publicize_connections":[],"jetpack_featured_media_url":"https:\/\/i0.wp.com\/sportseco.com\/wp-content\/uploads\/2024\/12\/FCF8360-2048x1365-1.jpg?fit=2048%2C1365&ssl=1","jetpack_sharing_enabled":true,"_links":{"self":[{"href":"https:\/\/sportseco.com\/index.php?rest_route=\/wp\/v2\/posts\/177993","targetHints":{"allow":["GET"]}}],"collection":[{"href":"https:\/\/sportseco.com\/index.php?rest_route=\/wp\/v2\/posts"}],"about":[{"href":"https:\/\/sportseco.com\/index.php?rest_route=\/wp\/v2\/types\/post"}],"author":[{"embeddable":true,"href":"https:\/\/sportseco.com\/index.php?rest_route=\/wp\/v2\/users\/1"}],"replies":[{"embeddable":true,"href":"https:\/\/sportseco.com\/index.php?rest_route=%2Fwp%2Fv2%2Fcomments&post=177993"}],"version-history":[{"count":1,"href":"https:\/\/sportseco.com\/index.php?rest_route=\/wp\/v2\/posts\/177993\/revisions"}],"predecessor-version":[{"id":177996,"href":"https:\/\/sportseco.com\/index.php?rest_route=\/wp\/v2\/posts\/177993\/revisions\/177996"}],"wp:featuredmedia":[{"embeddable":true,"href":"https:\/\/sportseco.com\/index.php?rest_route=\/wp\/v2\/media\/177995"}],"wp:attachment":[{"href":"https:\/\/sportseco.com\/index.php?rest_route=%2Fwp%2Fv2%2Fmedia&parent=177993"}],"wp:term":[{"taxonomy":"category","embeddable":true,"href":"https:\/\/sportseco.com\/index.php?rest_route=%2Fwp%2Fv2%2Fcategories&post=177993"},{"taxonomy":"post_tag","embeddable":true,"href":"https:\/\/sportseco.com\/index.php?rest_route=%2Fwp%2Fv2%2Ftags&post=177993"}],"curies":[{"name":"wp","href":"https:\/\/api.w.org\/{rel}","templated":true}]}}