{"id":178018,"date":"2024-12-30T17:31:50","date_gmt":"2024-12-30T22:31:50","guid":{"rendered":"https:\/\/sportseco.com\/?p=178018"},"modified":"2024-12-30T17:31:56","modified_gmt":"2024-12-30T22:31:56","slug":"el-028-de-los-plasticos-que-acaban-en-el-mar-proceden-de-la-ue-afirma-experto","status":"publish","type":"post","link":"https:\/\/sportseco.com\/?p=178018","title":{"rendered":"El 0,28 % de los pl\u00e1sticos que acaban en el mar proceden de la UE, afirma experto"},"content":{"rendered":"\n<p><strong>Madrid, (EFEverde).- El 0,28 % de los pl\u00e1sticos que acaban en el mar proceden de la Uni\u00f3n Europea, aunque esta genera el 15 % a nivel mundial, por lo que la \u00abgran esperanza es el \u00e9xito de las negociaciones impulsadas por la ONU\u00bb para lograr un pacto global que afronte el problema.<\/strong><\/p>\n\n\n\n<p>As\u00ed lo ha explicado a EFE el director de negocio del Instituto Tecnol\u00f3gico del Pl\u00e1stico (Aimplas), Sergio Gim\u00e9nez, quien lamenta que \u00abahora mismo Europa est\u00e1 sola\u00bb en la lucha contra esta contaminaci\u00f3n \u00abque procede en un 80 % de Asia\u00bb, donde no existen las regulaciones europeas ni sus sistemas de gesti\u00f3n, por no hablar de otras sustancias contaminantes.<\/p>\n\n\n\n<p>Si todos los pa\u00edses del planeta adoptaran las medidas europeas se reducir\u00edan en \u00abal menos un 96 % los vertidos pl\u00e1sticos al mar\u00bb pero para ello es preciso que avancen las negociaciones para conseguir lo que la propia ONU califica en su web como \u00abun tratado mundial ambicioso\u00bb que esperaba haber firmado este mismo a\u00f1o.<\/p>\n\n\n\n<p>No ha sido as\u00ed: \u00abLa \u00faltima reuni\u00f3n fue en noviembre y las negociaciones no van tan r\u00e1pidas como desear\u00edamos, aunque esperamos lograr ese acuerdo en los pr\u00f3ximos meses\u00bb, precisa Gim\u00e9nez, quien insiste en que si no se logra la colaboraci\u00f3n del resto del mundo, no se podr\u00e1 resolver esto.<\/p>\n\n\n\n<h2 class=\"wp-block-heading\">Cuatro focos<\/h2>\n\n\n\n<p>La gesti\u00f3n del pl\u00e1stico, tanto en Europa como en Espa\u00f1a, \u00abse centra en la econom\u00eda circular a partir de cuatro focos: ecodise\u00f1o, nuevos modelos de negocio, gesti\u00f3n del residuo y reciclado\u00bb.<\/p>\n\n\n\n<p>El ecodise\u00f1o es \u00abespecialmente importante\u00bb porque \u00abpermite reducir el material utilizado, introducir nuevos pl\u00e1sticos biodegradables y facilitar el reciclaje posterior\u00bb pero tambi\u00e9n es vital impulsar nuevos modelos de negocio orientados a utilizar el producto durante el mayor tiempo posible a trav\u00e9s de dos v\u00edas: la reutilizaci\u00f3n, \u00abun modelo que est\u00e1 yendo a m\u00e1s cada d\u00eda como ha sucedido con las bolsas de la compra en los supermercados\u00bb, y la reparaci\u00f3n \u00abespecialmente en construcci\u00f3n\u00bb.<\/p>\n\n\n\n<p>En cuanto al manejo del residuo \u00abaunque parezca incre\u00edble faltan modelos de gesti\u00f3n para muchos productos como los textiles, aparejos de pesca, envases industriales&#8230;\u00bb que solo ahora est\u00e1n empezando a dise\u00f1arse, como en el caso del pl\u00e1stico, pese a constituir un paso vital para ir al reciclado del cien por cien de la producci\u00f3n.&nbsp;<\/p>\n\n\n\n<h2 class=\"wp-block-heading\">Legislaci\u00f3n y percepci\u00f3n social<\/h2>\n\n\n\n<p>En lo relativo a la legislaci\u00f3n, Gim\u00e9nez ha se\u00f1alado la duplicidad legal entre la normativa espa\u00f1ola y la europea y ha pedido \u00abarmonizar m\u00e1s\u00bb ambas, adem\u00e1s de denunciar que el impuesto a los envases no reutilizables -0,45 euros por kilo- es \u00abun porcentaje alto que solo se ha gravado en Espa\u00f1a, no en otros pa\u00edses europeos\u00bb, lo que encarece la producci\u00f3n espa\u00f1ola.<\/p>\n\n\n\n<p>Las autoridades espa\u00f1olas \u00abest\u00e1n muy obsesionadas con el pl\u00e1stico\u00bb por lo que las leyes que esta aplicando, \u00abm\u00e1s que racionalizar su uso lo que van a conseguir es provocar su sustituci\u00f3n por otros materiales cuyo proceso de fabricaci\u00f3n, almacenamiento, etc\u00e9tera es m\u00e1s contaminante\u00bb con lo que \u00abal final el impacto ambiental puede ser mucho mayor\u00bb.<\/p>\n\n\n\n<p>A su juicio, \u00abla sociedad necesita mucha m\u00e1s informaci\u00f3n sobre el pl\u00e1stico\u00bb porque \u00abmuchas personas desconocen sus m\u00faltiples usos: sanitarios, telefon\u00eda, construcci\u00f3n, movilidad&#8230;\u00bb frente a \u00abun problema: el de gesti\u00f3n\u00bb.<\/p>\n\n\n\n<p>El principal reto en Europa \u00ablo tenemos en el vertedero porque recogemos mucho pero no reciclamos todo lo que querr\u00edamos y es ah\u00ed donde hay que incidir\u00bb, ha se\u00f1alado.<\/p>\n\n\n\n<h2 class=\"wp-block-heading\">Proyectos<\/h2>\n\n\n\n<p>Mejoras en la calidad del aire gracias a recubrimientos activos, materiales seguros y sostenibles para construcci\u00f3n y movilidad y garant\u00edas de seguridad en los art\u00edculos pl\u00e1sticos reutilizables en contacto con alimentos son algunos de los proyectos con los que trabaja Aimplas en la actualidad para ofrecer mayor sostenibilidad en el sector.<\/p>\n\n\n\n<p>As\u00ed, el proyecto Deconwaste est\u00e1 orientado a conseguir m\u00e9todos de descontaminaci\u00f3n eficaces para un tipo de pol\u00edmeros conocido como poliolefinas, el proyecto Bioencapsulaci\u00f3 desarrollar\u00e1 hidrogeles para aumentar la humedad del suelo y controlar plagas, y el proyecto Extractor permitir\u00e1 desarrollar una metodolog\u00eda para extraer contaminantes emergentes como los micropl\u00e1sticos. EFEverde<\/p>\n","protected":false},"excerpt":{"rendered":"<p>Madrid, (EFEverde).- El 0,28 % de los pl\u00e1sticos que acaban en el mar proceden de la Uni\u00f3n Europea, aunque esta genera el 15 % a nivel mundial, por lo que la \u00abgran esperanza es el \u00e9xito de las negociaciones impulsadas por la ONU\u00bb para lograr un pacto global que afronte el problema. As\u00ed lo ha [&hellip;]<\/p>\n","protected":false},"author":1,"featured_media":178019,"comment_status":"closed","ping_status":"closed","sticky":false,"template":"","format":"standard","meta":{"_acf_changed":false,"_jetpack_memberships_contains_paid_content":false,"footnotes":"","jetpack_publicize_message":"","jetpack_publicize_feature_enabled":true,"jetpack_social_post_already_shared":true,"jetpack_social_options":{"image_generator_settings":{"template":"highway","default_image_id":0,"font":"","enabled":false},"version":2}},"categories":[6],"tags":[],"class_list":["post-178018","post","type-post","status-publish","format-standard","has-post-thumbnail","hentry","category-ecologia"],"acf":[],"jetpack_publicize_connections":[],"jetpack_featured_media_url":"https:\/\/i0.wp.com\/sportseco.com\/wp-content\/uploads\/2024\/12\/GRAF7593-ESPANA-LEY-RESIDUOS.jpg?fit=1920%2C1280&ssl=1","jetpack_sharing_enabled":true,"_links":{"self":[{"href":"https:\/\/sportseco.com\/index.php?rest_route=\/wp\/v2\/posts\/178018","targetHints":{"allow":["GET"]}}],"collection":[{"href":"https:\/\/sportseco.com\/index.php?rest_route=\/wp\/v2\/posts"}],"about":[{"href":"https:\/\/sportseco.com\/index.php?rest_route=\/wp\/v2\/types\/post"}],"author":[{"embeddable":true,"href":"https:\/\/sportseco.com\/index.php?rest_route=\/wp\/v2\/users\/1"}],"replies":[{"embeddable":true,"href":"https:\/\/sportseco.com\/index.php?rest_route=%2Fwp%2Fv2%2Fcomments&post=178018"}],"version-history":[{"count":1,"href":"https:\/\/sportseco.com\/index.php?rest_route=\/wp\/v2\/posts\/178018\/revisions"}],"predecessor-version":[{"id":178020,"href":"https:\/\/sportseco.com\/index.php?rest_route=\/wp\/v2\/posts\/178018\/revisions\/178020"}],"wp:featuredmedia":[{"embeddable":true,"href":"https:\/\/sportseco.com\/index.php?rest_route=\/wp\/v2\/media\/178019"}],"wp:attachment":[{"href":"https:\/\/sportseco.com\/index.php?rest_route=%2Fwp%2Fv2%2Fmedia&parent=178018"}],"wp:term":[{"taxonomy":"category","embeddable":true,"href":"https:\/\/sportseco.com\/index.php?rest_route=%2Fwp%2Fv2%2Fcategories&post=178018"},{"taxonomy":"post_tag","embeddable":true,"href":"https:\/\/sportseco.com\/index.php?rest_route=%2Fwp%2Fv2%2Ftags&post=178018"}],"curies":[{"name":"wp","href":"https:\/\/api.w.org\/{rel}","templated":true}]}}