{"id":178070,"date":"2024-12-31T13:41:37","date_gmt":"2024-12-31T18:41:37","guid":{"rendered":"https:\/\/sportseco.com\/?p=178070"},"modified":"2024-12-31T13:41:42","modified_gmt":"2024-12-31T18:41:42","slug":"orquidea-un-viaje-cinematografico-a-la-colombia-ecologica-y-politica","status":"publish","type":"post","link":"https:\/\/sportseco.com\/?p=178070","title":{"rendered":"Orqu\u00eddea: un viaje cinematogr\u00e1fico a la Colombia ecol\u00f3gica y pol\u00edtica"},"content":{"rendered":"\n<p>Las investigaciones cient\u00edficas inspiran a m\u00e1s investigadores, no solo a formular nuevas preguntas para profundizar en las complejidades de la realidad, sino adem\u00e1s a buscar lenguajes que permitan comprendernos a nosotros mismos. As\u00ed, las indagaciones sobre la historia natural de los polinizadores de orqu\u00eddeas en el sur del pa\u00eds adelantadas por la Universidad Nacional de Colombia (UNAL) Sede Palmira han sido un impulso para una cineasta que ampl\u00eda el panorama alrededor de estas plantas, sumando comunidades y conflictos.<\/p>\n\n\n\n<p>Andrea Pe\u00f1aloza Acosta | Periodista Unimedios- Sede Palmira<\/p>\n\n\n\n<p><img data-recalc-dims=\"1\" decoding=\"async\" src=\"https:\/\/i0.wp.com\/periodico.unal.edu.co\/uploads\/2024\/diciembre\/PeriodicoUNAL-20241231-AM-01.jpg?w=640&#038;ssl=1\" alt=\"Detr\u00e1s de escena durante una filmaci\u00f3n de orqu\u00eddeas con bi\u00f3logos en la Reserva Natural La Planada. Fotos: Emily Cohen Ph. D.\"\/>Detr\u00e1s de escena durante una filmaci\u00f3n de orqu\u00eddeas con bi\u00f3logos en la Reserva Natural La Planada. Fotos: Emily Cohen Ph. D.<\/p>\n\n\n\n<p>En el coraz\u00f3n de los Andes colombianos, donde la biodiversidad desborda cada rinc\u00f3n, un nuevo proyecto cinematogr\u00e1fico pone en el centro de la escena a uno de los s\u00edmbolos m\u00e1s emblem\u00e1ticos del pa\u00eds: la orqu\u00eddea. Esta majestuosa flor protagonizar\u00e1 una pel\u00edcula que busca explorar no solo su papel ecol\u00f3gico, sino adem\u00e1s su capacidad \u00fanica para resistir, adaptarse y renacer.<\/p>\n\n\n\n<p>En un mundo donde las fronteras parecen diluirse -ya sea por la migraci\u00f3n, los conflictos, o incluso por el cambio clim\u00e1tico-, hay quienes se empe\u00f1an en contar historias que revelan las conexiones invisibles entre lo humano y lo natural. La antrop\u00f3loga y cineasta Emily Cohen Ib\u00e1\u00f1ez, radicada en Estados Unidos, es una de esas personas que ha dedicado su vida a combinar la antropolog\u00eda con el cine independiente para contar historias que cuestionan las narrativas que perpet\u00faan visiones, relatos y estructuras de poder heredadas del colonialismo.<\/p>\n\n\n\n<p>Su m\u00e1s reciente proyecto,&nbsp;<em>Orqu\u00eddea<\/em>, filmado en Colombia, se adentra en los paisajes de la biodiversidad, la pol\u00edtica y la historia emocional de una naci\u00f3n marcada por el conflicto y la resistencia, y a la vez por la esperanza, tal como lo hace esta especie de planta que, aunque crece en condiciones dif\u00edciles y a menudo inh\u00f3spitas, florece con una belleza \u00fanica y resiliente. Al igual que la planta, el documental revela las complejidades de un pa\u00eds que, a pesar de las adversidades, sigue mostrando su capacidad para regenerarse y encontrar nuevas formas de florecer.<\/p>\n\n\n\n<p>\u201cYo tengo mi coraz\u00f3n en Colombia\u201d, afirma la antrop\u00f3loga al mencionar su profunda conexi\u00f3n con el pa\u00eds que siempre ha querido retratar, pues aunque su familia emigr\u00f3 a Estados Unidos en la d\u00e9cada de 1970, su mam\u00e1 es coste\u00f1a y su pap\u00e1 paisa, el doctor Rafael Cohen, quien fue profesor de la Facultad de Medicina de la UNAL. Para ella, \u201cla orqu\u00eddea no es solo la flor nacional\u201d, pues en su pel\u00edcula deja de ser solo una planta para convertirse en un s\u00edmbolo de la compleja relaci\u00f3n que los seres humanos mantienen con la naturaleza.<\/p>\n\n\n\n<p><img data-recalc-dims=\"1\" decoding=\"async\" src=\"https:\/\/i0.wp.com\/periodico.unal.edu.co\/uploads\/2024\/diciembre\/PeriodicoUNAL-20241231-AM-02.jpg?w=640&#038;ssl=1\" alt=\"La directora y productora Emily Cohen Ib\u00e1\u00f1ez en plena grabaci\u00f3n.\"\/>La directora y productora Emily Cohen Ib\u00e1\u00f1ez en plena grabaci\u00f3n.<\/p>\n\n\n\n<p>Emily sembr\u00f3 la semilla de esta pel\u00edcula hace a\u00f1os, cuando durante sus estudios de doctorado en Nueva York realiz\u00f3 la tesis sobre minas antipersona en Colombia, un tema que la conect\u00f3 en 2011 con la degradaci\u00f3n del conflicto que ha marcado el pa\u00eds. Su trabajo la llev\u00f3 a reflexionar sobre la relaci\u00f3n entre la naturaleza y los derechos de las personas, especialmente tras ver que, en 2016, la Corte Constitucional reconoci\u00f3 por primera vez al r\u00edo Atrato como sujeto de derechos.<\/p>\n\n\n\n<p>\u201cYo quer\u00eda hacer algo en Colombia, y al pensar en la orqu\u00eddea, pens\u00e9 en un experimento narrativo, \u00bfqu\u00e9 pasar\u00eda si le diera a una planta el rol protag\u00f3nico?\u201d. As\u00ed comenz\u00f3 a trabajar en su visi\u00f3n de un mundo m\u00e1s relacional, uno en el que los humanos est\u00e1n siempre conectados con los dem\u00e1s organismos y con las ecolog\u00edas.<\/p>\n\n\n\n<h3 class=\"wp-block-heading\">Rodaje por el sur del pa\u00eds<\/h3>\n\n\n\n<p>Uno de los primeros lugares que eligieron para filmar fue el volc\u00e1n Cumbal en Nari\u00f1o, un lugar imponente entre las monta\u00f1as andinas donde los glaciares se han derretido, en parte debido al calentamiento clim\u00e1tico. \u201cEs un lugar impresionante\u201d, dice la cineasta recordando c\u00f3mo el equipo subi\u00f3 a m\u00e1s de 5.000m de altura para capturar la esencia de ese paisaje \u00fanico, en donde reina el silencio y la atm\u00f3sfera est\u00e1 cargada de azufre. All\u00ed, en compa\u00f1\u00eda de la comunidad ind\u00edgena, comienza la pel\u00edcula con un giro que conecta la historia de los glaciares con el futuro incierto del planeta.<\/p>\n\n\n\n<p>A medida que descienden hacia las tierras bajas, llegan a la Reserva Natural La Planada, un lugar vital para la conservaci\u00f3n ecol\u00f3gica y la protecci\u00f3n de especies de orqu\u00eddeas, custodiado por los ind\u00edgenas aw\u00e1, quienes formar\u00e1n parte del filme. Fue aqu\u00ed donde Emily se encontr\u00f3 con el profesor Joel Tupac Otero Ospina y el estudiante Diego Andr\u00e9s Rodr\u00edguez Leyton, de la Maestr\u00eda en Ciencias Biol\u00f3gicas, investigadores del Grupo de Investigaci\u00f3n en Orqu\u00eddeas, Ecolog\u00eda y Sistem\u00e1tica Vegetal, y tambi\u00e9n con Mayra Osirys Rosas, estudiante de Ingenier\u00eda Ambiental de la UNAL Sede Palmira.<\/p>\n\n\n\n<p><img data-recalc-dims=\"1\" decoding=\"async\" src=\"https:\/\/i0.wp.com\/periodico.unal.edu.co\/uploads\/2024\/diciembre\/PeriodicoUNAL-20241231-AM-03.jpg?w=640&#038;ssl=1\" alt=\"El profesor Otero asesora a la investigadora Rosas, quien observa un esp\u00e9cimen de orqu\u00eddea por microscopia durante el rodaje.\"\/>El profesor Otero asesora a la investigadora Rosas, quien observa un esp\u00e9cimen de orqu\u00eddea por microscopia durante el rodaje.<\/p>\n\n\n\n<p>Una de las inspiraciones para este filme fue el libro&nbsp;<em>Abejas euglosinas de Nari\u00f1o y Putumayo<\/em>, del profesor Otero -publicado por la Editorial UNAL- quien ha trabajado durante a\u00f1os en la investigaci\u00f3n y preservaci\u00f3n de la biodiversidad de la regi\u00f3n, particularmente de las abejas de orqu\u00eddea y su relaci\u00f3n con las plantas, un trabajo que ha sido clave en la restauraci\u00f3n de la flora y fauna local. De ah\u00ed se origin\u00f3 la conexi\u00f3n entre la UNAL con esta propuesta audiovisual.<\/p>\n\n\n\n<p>Otra importante motivaci\u00f3n para realizar este documental fue un art\u00edculo que explora la conexi\u00f3n entre el oso andino, la comunidad aw\u00e1, las orqu\u00eddeas y el agua potable, de Jorge Orejuela Gartner, exdirector del Jard\u00edn Bot\u00e1nico de Cali, quien forma parte del repertorio. Este texto, que entrelazaba de manera brillante la biodiversidad con la vida de las comunidades locales, despert\u00f3 en ella un profundo inter\u00e9s por venir a Colombia y ahondar en estas historias.<\/p>\n\n\n\n<p>\u201cLa Planada es un lugar \u00fanico\u201d, manifiesta el profesor Otero, quien recuerda con cari\u00f1o los d\u00edas en que estudi\u00f3 las abejas de las orqu\u00eddeas y la importancia del equilibrio ecol\u00f3gico en ese santuario natural.<\/p>\n\n\n\n<p><img data-recalc-dims=\"1\" decoding=\"async\" src=\"https:\/\/i0.wp.com\/periodico.unal.edu.co\/uploads\/2024\/diciembre\/PeriodicoUNAL-20241231-AM-04.jpg?w=640&#038;ssl=1\" alt=\"Espec\u00edmenes de orqu\u00eddeas coleccionadas por el profesor Otero y sus estudiantes.\"\/>Espec\u00edmenes de orqu\u00eddeas coleccionadas por el profesor Otero y sus estudiantes.<\/p>\n\n\n\n<p>El equipo de producci\u00f3n tambi\u00e9n ha filmado en contextos dif\u00edciles como Caquet\u00e1, donde la deforestaci\u00f3n ha aumentado dram\u00e1ticamente desde el acuerdo de paz, una regi\u00f3n que, lamentablemente, se ha visto afectada por desplazamientos debido a la violencia y al conflicto armado. La pel\u00edcula reflejar\u00e1 c\u00f3mo, a pesar de las adversidades, las comunidades contin\u00faan luchando por su supervivencia, su tierra y su cultura.<\/p>\n\n\n\n<p>La trama se inspira en las tensiones que surgen cuando las monta\u00f1as y tierras ancestrales est\u00e1n en peligro de ser explotadas. A trav\u00e9s de la figura de Mam\u00e1 Juana, quien simboliza la resistencia cultural de su comunidad, la pel\u00edcula explora la profunda relaci\u00f3n entre las personas, la tierra y el esp\u00edritu que las conecta.<\/p>\n\n\n\n<h3 class=\"wp-block-heading\">Un documental imperdible de Colombia para el mundo<\/h3>\n\n\n\n<p><em>Orqu\u00eddea<\/em>&nbsp;tiene una estructura documental, pero no sigue un guion r\u00edgido. Emily, junto con su equipo de producci\u00f3n, dej\u00f3 espacio para la improvisaci\u00f3n y la interacci\u00f3n con las comunidades ind\u00edgenas locales, investigadores y exguerrilleros, personajes que har\u00e1n que la historia se desarrolle de manera org\u00e1nica.<\/p>\n\n\n\n<p>La pel\u00edcula en desarrollo, que combina elementos de magia realista, juega con la ficci\u00f3n y la no ficci\u00f3n en su narrativa. En su proceso creativo, Emily se ha rodeado de un equipo excepcional y ha tenido la oportunidad de trabajar con figuras como la antrop\u00f3loga ind\u00edgena Lily Aza Caramuel, nieta de Mam\u00e1 Rosa, una de las protagonistas de la historia.<\/p>\n\n\n\n<p><img data-recalc-dims=\"1\" decoding=\"async\" src=\"https:\/\/i0.wp.com\/periodico.unal.edu.co\/uploads\/2024\/diciembre\/PeriodicoUNAL-20241231-AM-05.jpg?w=640&#038;ssl=1\" alt=\"Emily Cohen Ib\u00e1\u00f1ez, directora\/productora de la pel\u00edcula Orqu\u00eddea.\"\/>Emily Cohen Ib\u00e1\u00f1ez, directora\/productora de la pel\u00edcula Orqu\u00eddea.<\/p>\n\n\n\n<p>En el rodaje a\u00fan falta grabar en Bogot\u00e1 escenas clave como entrevistas con expertos y tomas en entornos urbanos que reflejen la conexi\u00f3n entre biodiversidad y vida cotidiana. Para estas \u00faltimas filmaciones es necesario gestionar recursos adicionales que permitan completar con \u00e9xito esta etapa.<\/p>\n\n\n\n<p>El proceso de producci\u00f3n ha sido un desaf\u00edo desde hace m\u00e1s de 3 a\u00f1os, pero Emily y su equipo siguen adelante con pasi\u00f3n y dedicaci\u00f3n, a pesar de las dificultades inherentes al cine independiente. A medida que la grabaci\u00f3n finaliza y se acerca la fase de posproducci\u00f3n, la meta es lanzar el filme en 2026, con una distribuci\u00f3n internacional y una fuerte campa\u00f1a de impacto social que lleve la pel\u00edcula a las comunidades que han formado parte del proyecto.<\/p>\n\n\n\n<p><\/p>\n\n\n\n<p>periodico.unal.edu.co<\/p>\n","protected":false},"excerpt":{"rendered":"<p>Las investigaciones cient\u00edficas inspiran a m\u00e1s investigadores, no solo a formular nuevas preguntas para profundizar en las complejidades de la realidad, sino adem\u00e1s a buscar lenguajes que permitan comprendernos a nosotros mismos. As\u00ed, las indagaciones sobre la historia natural de los polinizadores de orqu\u00eddeas en el sur del pa\u00eds adelantadas por la Universidad Nacional de [&hellip;]<\/p>\n","protected":false},"author":1,"featured_media":178071,"comment_status":"closed","ping_status":"closed","sticky":false,"template":"","format":"standard","meta":{"_acf_changed":false,"_jetpack_memberships_contains_paid_content":false,"footnotes":"","jetpack_publicize_message":"","jetpack_publicize_feature_enabled":true,"jetpack_social_post_already_shared":true,"jetpack_social_options":{"image_generator_settings":{"template":"highway","default_image_id":0,"font":"","enabled":false},"version":2}},"categories":[6],"tags":[],"class_list":["post-178070","post","type-post","status-publish","format-standard","has-post-thumbnail","hentry","category-ecologia"],"acf":[],"jetpack_publicize_connections":[],"jetpack_featured_media_url":"https:\/\/i0.wp.com\/sportseco.com\/wp-content\/uploads\/2024\/12\/PeriodicoUNAL-20241231-AM-01.jpg?fit=1400%2C933&ssl=1","jetpack_sharing_enabled":true,"_links":{"self":[{"href":"https:\/\/sportseco.com\/index.php?rest_route=\/wp\/v2\/posts\/178070","targetHints":{"allow":["GET"]}}],"collection":[{"href":"https:\/\/sportseco.com\/index.php?rest_route=\/wp\/v2\/posts"}],"about":[{"href":"https:\/\/sportseco.com\/index.php?rest_route=\/wp\/v2\/types\/post"}],"author":[{"embeddable":true,"href":"https:\/\/sportseco.com\/index.php?rest_route=\/wp\/v2\/users\/1"}],"replies":[{"embeddable":true,"href":"https:\/\/sportseco.com\/index.php?rest_route=%2Fwp%2Fv2%2Fcomments&post=178070"}],"version-history":[{"count":1,"href":"https:\/\/sportseco.com\/index.php?rest_route=\/wp\/v2\/posts\/178070\/revisions"}],"predecessor-version":[{"id":178072,"href":"https:\/\/sportseco.com\/index.php?rest_route=\/wp\/v2\/posts\/178070\/revisions\/178072"}],"wp:featuredmedia":[{"embeddable":true,"href":"https:\/\/sportseco.com\/index.php?rest_route=\/wp\/v2\/media\/178071"}],"wp:attachment":[{"href":"https:\/\/sportseco.com\/index.php?rest_route=%2Fwp%2Fv2%2Fmedia&parent=178070"}],"wp:term":[{"taxonomy":"category","embeddable":true,"href":"https:\/\/sportseco.com\/index.php?rest_route=%2Fwp%2Fv2%2Fcategories&post=178070"},{"taxonomy":"post_tag","embeddable":true,"href":"https:\/\/sportseco.com\/index.php?rest_route=%2Fwp%2Fv2%2Ftags&post=178070"}],"curies":[{"name":"wp","href":"https:\/\/api.w.org\/{rel}","templated":true}]}}