{"id":178100,"date":"2025-01-01T10:53:14","date_gmt":"2025-01-01T15:53:14","guid":{"rendered":"https:\/\/sportseco.com\/?p=178100"},"modified":"2025-01-01T10:53:18","modified_gmt":"2025-01-01T15:53:18","slug":"2025-un-ano-para-promover-la-conservacion-de-los-glaciares","status":"publish","type":"post","link":"https:\/\/sportseco.com\/?p=178100","title":{"rendered":"2025: un a\u00f1o para promover la conservaci\u00f3n de los glaciares"},"content":{"rendered":"\n<p><strong>Sheila Noda Alonso<\/strong><\/p>\n\n\n\n<p><strong>Madrid (EFEverde).-&nbsp; En los \u00faltimos cinco decenios,&nbsp;<a href=\"https:\/\/wmo.int\/es\/news\/media-centre\/un-informe-de-la-organizacion-meteorologica-mundial-omm-pone-de-relieve-la-creciente-escasez-y\" target=\"_blank\" rel=\"noreferrer noopener\">los glaciares sufrieron la mayor p\u00e9rdida de masa registrada hasta la fecha<\/a>&nbsp;y 2023 fue el segundo a\u00f1o consecutivo en el que todas las regiones del mundo que cuentan con glaciares experimentaron p\u00e9rdidas de hielo, seg\u00fan un informe coordinado por la Organizaci\u00f3n Meteorol\u00f3gica Mundial (OMM).<\/strong><\/p>\n\n\n\n<p>De igual forma, en 2024 la extensi\u00f3n del hielo marino fue la segunda m\u00e1s baja jam\u00e1s observada en la Ant\u00e1rtida y se aceler\u00f3 el retroceso de los glaciares en un a\u00f1o marcado por el aumento de la temperatura media global,&nbsp;<a href=\"https:\/\/wmo.int\/es\/news\/media-centre\/el-ano-2024-va-camino-de-ser-el-mas-calido-jamas-registrado-en-un-momento-en-que-el-calentamiento\" target=\"_blank\" rel=\"noreferrer noopener\">que entre enero y septiembre de 2024 super\u00f3 en 1,54&nbsp;<\/a>(\u00b10,13) \u00b0C el valor de referencia de la era preindustrial, indica la propia OMM.<\/p>\n\n\n\n<p>Conservar estas grandes masas de hielo es determinante para garantizar el ciclo hidrol\u00f3gico, regular el clima, los niveles del mar y suministrar agua dulce. Sin embargo, el cambio clim\u00e1tico y su repercusi\u00f3n en el retroceso acelerado de los glaciares amenaza el medio ambiente y a las poblaciones, principalmente de las regiones monta\u00f1osas.<\/p>\n\n\n\n<h2 class=\"wp-block-heading\">Aumentar la conciencia global para proteger los glaciares<\/h2>\n\n\n\n<p>Con el prop\u00f3sito de \u201csensibilizar a la opini\u00f3n p\u00fablica sobre el papel fundamental de los glaciares, la nieve y el hielo en el sistema clim\u00e1tico y el ciclo hidrol\u00f3gico, as\u00ed como sobre las repercusiones econ\u00f3micas, sociales y medioambientales de los cambios inminentes en la criosfera de la Tierra\u201d, Naciones Unidas ha designado&nbsp;<strong>2025 A\u00f1o Internacional de la Conservaci\u00f3n de los Glaciares<\/strong>&nbsp;y ha establecido al<strong>&nbsp;21 de marzo como D\u00eda Mundial de los Glaciares.<\/strong><\/p>\n\n\n\n<p>Asimismo, el Gobierno de la Rep\u00fablica de Tayikist\u00e1n -un pa\u00eds donde los glaciares cubren el 6% de la superficie total y ofrecen importantes reservas de agua dulce- acoger\u00e1&nbsp; la&nbsp;<strong>Conferencia Internacional dedicada a la conservaci\u00f3n de los glaciares<\/strong>, que se llevar\u00e1 a cabo del 29 de mayo al 1 de junio de 2025 en Dusamb\u00e9.<\/p>\n\n\n\n<p>Otra de las iniciativas impulsadas para este a\u00f1o representa la declaraci\u00f3n del per\u00edodo de&nbsp;<strong>2025 a 2034 como el \u00abDecenio de Acci\u00f3n para las Ciencias Criosf\u00e9ricas\u00bb<\/strong>, adoptada por la Asamblea General de las Naciones Unidas. Esta iniciativa estuvo liderada por la Rep\u00fablica de Francia y la Rep\u00fablica de Tayikist\u00e1n y tiene a la UNESCO como agencia l\u00edder para su coordinaci\u00f3n.<\/p>\n\n\n\n<p>La resoluci\u00f3n sobre el Decenio, seg\u00fan Naciones Unidas, llega en un momento cr\u00edtico debido a que la cri\u00f3sfera -que incluye glaciares, nieve, hielo y permafrost- juega un papel importante en la regulaci\u00f3n del clima de la Tierra y en la estabilidad de los ecosistemas, y a medida que se derrite, los efectos se extienden por todo el mundo, ponen en peligro los suministros de agua, aumentan el riesgo de eventos naturales catastr\u00f3ficos y liberan grandes cantidades de gases de efecto invernadero atrapados en el permafrost.<\/p>\n\n\n\n<figure class=\"wp-block-embed\"><div class=\"wp-block-embed__wrapper\">\nhttps:\/\/efeverde.com\/deshielo-glaciares-frontera-suiza-e-italia\/embed\/#?secret=zJSYqA9Epz#?secret=1mzxmjoNUC\n<\/div><\/figure>\n\n\n\n<h2 class=\"wp-block-heading\">\u00bfC\u00f3mo proteger a los glaciares?<\/h2>\n\n\n\n<p>Para&nbsp;<strong>Juan Ignacio L\u00f3pez Moreno, doctor en Geograf\u00eda e investigador del Instituto Pirenaico de Ecolog\u00eda, perteneciente al CSIC<\/strong>, estas fechas posibilitan concienciar a la poblaci\u00f3n y a los gobernantes de la importancia que tiene el cambio clim\u00e1tico y utilizan a los glaciares como un s\u00edmbolo muy visible.<\/p>\n\n\n\n<blockquote class=\"wp-block-quote is-layout-flow wp-block-quote-is-layout-flow\">\n<p>\u201cEs un llamamiento a todos a decir que el cambio clim\u00e1tico est\u00e1 aqu\u00ed, que est\u00e1 afectando a los glaciares y a otros muchos sectores y que tenemos que tomar medidas para reducir y mitigar sus efectos\u201d, asegura en di\u00e1logo con EFEverde.com.<\/p>\n<\/blockquote>\n\n\n\n<p>En zonas como los Alpes, los Andes y Asia Central las consecuencias de la p\u00e9rdida de los glaciares son determinantes en la disponibilidad de agua, adem\u00e1s, al derretirse forman lagos muy grandes que se rompen y ponen en riesgo a las poblaciones de las zonas bajas de las monta\u00f1as, afirma el experto.<\/p>\n\n\n\n<figure class=\"wp-block-embed\"><div class=\"wp-block-embed__wrapper\">\nhttps:\/\/efeverde.com\/glaciares-del-pirineo-un-paisaje-unico-condenado-a-desaparecer\/embed\/#?secret=PAonh1GTGi#?secret=vzTpA0WYTm\n<\/div><\/figure>\n\n\n\n<p>Ante la emergencia clim\u00e1tica&nbsp;<strong>el \u00fanico camino para salvar a los glaciares y a la biodiversidad que depende de ellos es la reducci\u00f3n de las emisiones de CO2<\/strong>.<\/p>\n\n\n\n<p>Si se reducen las emisiones y aunque el clima se calentara m\u00e1s durante las pr\u00f3ximas dos d\u00e9cadas, aproximadamente para finales del siglo tendr\u00edamos una peque\u00f1a estabilizaci\u00f3n que podr\u00eda garantizar que los grandes glaciares sigan existiendo, aunque bastante mermados. \u00abSe est\u00e1 a tiempo de no perderlos\u00bb, insiste L\u00f3pez Moreno. EFEverde<\/p>\n","protected":false},"excerpt":{"rendered":"<p>Sheila Noda Alonso Madrid (EFEverde).-&nbsp; En los \u00faltimos cinco decenios,&nbsp;los glaciares sufrieron la mayor p\u00e9rdida de masa registrada hasta la fecha&nbsp;y 2023 fue el segundo a\u00f1o consecutivo en el que todas las regiones del mundo que cuentan con glaciares experimentaron p\u00e9rdidas de hielo, seg\u00fan un informe coordinado por la Organizaci\u00f3n Meteorol\u00f3gica Mundial (OMM). De igual [&hellip;]<\/p>\n","protected":false},"author":1,"featured_media":178101,"comment_status":"closed","ping_status":"closed","sticky":false,"template":"","format":"standard","meta":{"_acf_changed":false,"_jetpack_memberships_contains_paid_content":false,"footnotes":"","jetpack_publicize_message":"","jetpack_publicize_feature_enabled":true,"jetpack_social_post_already_shared":true,"jetpack_social_options":{"image_generator_settings":{"template":"highway","default_image_id":0,"font":"","enabled":false},"version":2}},"categories":[6],"tags":[],"class_list":["post-178100","post","type-post","status-publish","format-standard","has-post-thumbnail","hentry","category-ecologia"],"acf":[],"jetpack_publicize_connections":[],"jetpack_featured_media_url":"https:\/\/i0.wp.com\/sportseco.com\/wp-content\/uploads\/2025\/01\/88465d0d1cac43dd9c9a4d3a146c7d906a25b82ew-e1679053909814.jpg?fit=1220%2C813&ssl=1","jetpack_sharing_enabled":true,"_links":{"self":[{"href":"https:\/\/sportseco.com\/index.php?rest_route=\/wp\/v2\/posts\/178100","targetHints":{"allow":["GET"]}}],"collection":[{"href":"https:\/\/sportseco.com\/index.php?rest_route=\/wp\/v2\/posts"}],"about":[{"href":"https:\/\/sportseco.com\/index.php?rest_route=\/wp\/v2\/types\/post"}],"author":[{"embeddable":true,"href":"https:\/\/sportseco.com\/index.php?rest_route=\/wp\/v2\/users\/1"}],"replies":[{"embeddable":true,"href":"https:\/\/sportseco.com\/index.php?rest_route=%2Fwp%2Fv2%2Fcomments&post=178100"}],"version-history":[{"count":1,"href":"https:\/\/sportseco.com\/index.php?rest_route=\/wp\/v2\/posts\/178100\/revisions"}],"predecessor-version":[{"id":178102,"href":"https:\/\/sportseco.com\/index.php?rest_route=\/wp\/v2\/posts\/178100\/revisions\/178102"}],"wp:featuredmedia":[{"embeddable":true,"href":"https:\/\/sportseco.com\/index.php?rest_route=\/wp\/v2\/media\/178101"}],"wp:attachment":[{"href":"https:\/\/sportseco.com\/index.php?rest_route=%2Fwp%2Fv2%2Fmedia&parent=178100"}],"wp:term":[{"taxonomy":"category","embeddable":true,"href":"https:\/\/sportseco.com\/index.php?rest_route=%2Fwp%2Fv2%2Fcategories&post=178100"},{"taxonomy":"post_tag","embeddable":true,"href":"https:\/\/sportseco.com\/index.php?rest_route=%2Fwp%2Fv2%2Ftags&post=178100"}],"curies":[{"name":"wp","href":"https:\/\/api.w.org\/{rel}","templated":true}]}}