{"id":178114,"date":"2025-01-02T08:43:48","date_gmt":"2025-01-02T13:43:48","guid":{"rendered":"https:\/\/sportseco.com\/?p=178114"},"modified":"2025-01-02T08:43:53","modified_gmt":"2025-01-02T13:43:53","slug":"convocatoria-de-la-seleccion-colombia-masculina-sub-20-amistosos-internacionales-previos-al-conmebol-sudamericano","status":"publish","type":"post","link":"https:\/\/sportseco.com\/?p=178114","title":{"rendered":"Convocatoria de la Selecci\u00f3n Colombia Masculina Sub-20: amistosos internacionales previos al CONMEBOL Sudamericano"},"content":{"rendered":"\n<p>El director t\u00e9cnico de la Selecci\u00f3n Colombia Masculina Sub-20, C\u00e9sar Torres,&nbsp;<strong>dio a conocer la lista de 25 jugadores que concentrar\u00e1n del 3 al 19 de enero&nbsp;<\/strong>en la Sede Deportiva de la Federaci\u00f3n Colombiana de F\u00fatbol&nbsp;<strong>en Barranquilla.<\/strong><\/p>\n\n\n\n<p>El microciclo corresponder\u00e1 a&nbsp;<strong>la fase previa al inicio del CONMEBOL Sudamericano de la categor\u00eda.&nbsp;<\/strong>Los juveniles tendr\u00e1n dos partidos amistosos frente a su similar de Per\u00fa los d\u00edas 9 y 12 de enero.<\/p>\n\n\n\n<p>Posterior a ello,<strong>&nbsp;el 15 de enero, el cuerpo t\u00e9cnico dar\u00e1 a conocer la lista final de 23 jugadores que representar\u00e1n a Colombia en el campeonato Sudamericano Sub-20<\/strong>, que se disputar\u00e1 en Venezuela del 23 de enero al 16 de febrero del presente a\u00f1o.<\/p>\n\n\n\n<p>A continuaci\u00f3n la lista de convocados:<\/p>\n\n\n\n<p>Royner Andr\u00e9s Ben\u00edtez Hern\u00e1ndez \u2013 \u00c1guilas Doradas<\/p>\n\n\n\n<p>Alexei Rojas Fedorushchenko \u2013 Arsenal FC (ING)<\/p>\n\n\n\n<p>Sim\u00f3n Garc\u00eda Valero \u2013 Atl\u00e9tico Nacional<\/p>\n\n\n\n<p>Juan David Arizala Micolta \u2013 Independiente Medell\u00edn<\/p>\n\n\n\n<p>Andr\u00e9s Felipe Tovar Escalante \u2013 Envigado FC<\/p>\n\n\n\n<p>Jordan Javier Garc\u00eda Bonnet \u2013 Fortaleza CEIF<\/p>\n\n\n\n<p>Sebasti\u00e1n Ram\u00edrez Maya \u2013 Fortaleza CEIF<\/p>\n\n\n\n<p>Andy Duv\u00e1n Batioja Renter\u00eda \u2013 Houston Dynamo (USA)<\/p>\n\n\n\n<p>\u00d3scar Perea Abonce \u2013 Racing Club de Strasbourg Alsace (FRA)<\/p>\n\n\n\n<p>Neiser Villarreal Qui\u00f1ones \u2013 Millonarios FC<\/p>\n\n\n\n<p>Kener Gonz\u00e1lez Mosquera \u2013 Internacional F.C. de Palmira<\/p>\n\n\n\n<p>Keimer Sandoval Rodr\u00edguez \u2013 Real Betis Balompi\u00e9 (ESP)<\/p>\n\n\n\n<p>Yeimar Mosquera Mosquera \u2013 Real Uni\u00f3n Club (ESP)<\/p>\n\n\n\n<p>Juli\u00e1n Andr\u00e9s Baz\u00e1n Medina \u2013 Deportivo Pereira F.C. S.A<\/p>\n\n\n\n<p>Alejandro Ararat D\u00edaz \u2013 Atl\u00e9tico Huila<\/p>\n\n\n\n<p>Luis Land\u00e1zuri Cuenu \u2013 Atl\u00e9tico Nacional<\/p>\n\n\n\n<p>Jordan Barrera Herrera \u2013 Barranquilla FC<\/p>\n\n\n\n<p>Jhon Edwin Monta\u00f1o Preciado \u2013 Independiente Medell\u00edn<\/p>\n\n\n\n<p>Nilzo Ronaldo Ram\u00edrez Orozco \u2013 Envigado FC<\/p>\n\n\n\n<p>Joel Canchimbo Morales \u2013 Junior FC<\/p>\n\n\n\n<p>Elkin Qui\u00f1ones Bonilla \u2013 Orsomarso S.C<\/p>\n\n\n\n<p>Alejandro Villarreal Zuluaga \u2013 Santos SP (BRA)<\/p>\n\n\n\n<p>Carlos Eduardo Sarabia Barrios \u2013 Millonarios FC<\/p>\n\n\n\n<p>Jefrei Stiven Rodr\u00edguez Sinisterra \u2013 Internacional F.C. de Palmira<\/p>\n\n\n\n<p>Luis Eduardo Renter\u00eda Rodr\u00edguez \u2013 Independiente Santa Fe<\/p>\n\n\n\n<p><strong>CUERPO T\u00c9CNICO<\/strong><\/p>\n\n\n\n<p>C\u00e9sar Torres Ram\u00edrez \u2013 Director T\u00e9cnico<\/p>\n\n\n\n<p>Yeisson Galvis Torres \u2013 Asistente T\u00e9cnico<\/p>\n\n\n\n<p>Marbin Sandoval Bola\u00f1os \u2013 Asistente T\u00e9cnico<\/p>\n\n\n\n<p>Christian Juliao Camacho \u2013 Preparador F\u00edsico<\/p>\n\n\n\n<p>Hugo Guzm\u00e1n Pinto \u2013 Preparador de Arqueros<\/p>\n\n\n\n<p>Rafael Sabara\u00edn Pinto \u2013 Psic\u00f3logo<\/p>\n\n\n\n<p>Mauricio Serrato Roa \u2013 M\u00e9dico<\/p>\n\n\n\n<p>Heinar Zorrilla Manzano \u2013 Fisioterapeuta<\/p>\n\n\n\n<p>Jorge Mejia Castro \u2013 Fisioterapeuta<\/p>\n\n\n\n<p>Jafeth Orejuela \u2013 Kinesi\u00f3logo<\/p>\n\n\n\n<p>Juan Camilo Gut\u00ederrez Panneflek \u2013 Video Analista<\/p>\n\n\n\n<p>Manuel Dolores D\u00edaz \u2013 Utilero<\/p>\n\n\n\n<figure class=\"wp-block-image\"><img data-recalc-dims=\"1\" height=\"800\" width=\"640\" decoding=\"async\" src=\"https:\/\/i0.wp.com\/fcf.com.co\/wp-content\/uploads\/2025\/01\/CONVOCATORIA-SUB-20-POST--819x1024.jpeg?resize=640%2C800&#038;ssl=1\" alt=\"\" class=\"wp-image-117267\"\/><\/figure>\n\n\n\n<p>fcf.com.co<\/p>\n","protected":false},"excerpt":{"rendered":"<p>El director t\u00e9cnico de la Selecci\u00f3n Colombia Masculina Sub-20, C\u00e9sar Torres,&nbsp;dio a conocer la lista de 25 jugadores que concentrar\u00e1n del 3 al 19 de enero&nbsp;en la Sede Deportiva de la Federaci\u00f3n Colombiana de F\u00fatbol&nbsp;en Barranquilla. El microciclo corresponder\u00e1 a&nbsp;la fase previa al inicio del CONMEBOL Sudamericano de la categor\u00eda.&nbsp;Los juveniles tendr\u00e1n dos partidos amistosos [&hellip;]<\/p>\n","protected":false},"author":1,"featured_media":178115,"comment_status":"closed","ping_status":"closed","sticky":false,"template":"","format":"standard","meta":{"_acf_changed":false,"_jetpack_memberships_contains_paid_content":false,"footnotes":"","jetpack_publicize_message":"","jetpack_publicize_feature_enabled":true,"jetpack_social_post_already_shared":true,"jetpack_social_options":{"image_generator_settings":{"template":"highway","default_image_id":0,"font":"","enabled":false},"version":2}},"categories":[5],"tags":[],"class_list":["post-178114","post","type-post","status-publish","format-standard","has-post-thumbnail","hentry","category-futbol"],"acf":[],"jetpack_publicize_connections":[],"jetpack_featured_media_url":"https:\/\/i0.wp.com\/sportseco.com\/wp-content\/uploads\/2025\/01\/CONVOCATORIA-SUB-20-PAGINA-WEB-2048x1152-1.jpeg?fit=2048%2C1152&ssl=1","jetpack_sharing_enabled":true,"_links":{"self":[{"href":"https:\/\/sportseco.com\/index.php?rest_route=\/wp\/v2\/posts\/178114","targetHints":{"allow":["GET"]}}],"collection":[{"href":"https:\/\/sportseco.com\/index.php?rest_route=\/wp\/v2\/posts"}],"about":[{"href":"https:\/\/sportseco.com\/index.php?rest_route=\/wp\/v2\/types\/post"}],"author":[{"embeddable":true,"href":"https:\/\/sportseco.com\/index.php?rest_route=\/wp\/v2\/users\/1"}],"replies":[{"embeddable":true,"href":"https:\/\/sportseco.com\/index.php?rest_route=%2Fwp%2Fv2%2Fcomments&post=178114"}],"version-history":[{"count":1,"href":"https:\/\/sportseco.com\/index.php?rest_route=\/wp\/v2\/posts\/178114\/revisions"}],"predecessor-version":[{"id":178116,"href":"https:\/\/sportseco.com\/index.php?rest_route=\/wp\/v2\/posts\/178114\/revisions\/178116"}],"wp:featuredmedia":[{"embeddable":true,"href":"https:\/\/sportseco.com\/index.php?rest_route=\/wp\/v2\/media\/178115"}],"wp:attachment":[{"href":"https:\/\/sportseco.com\/index.php?rest_route=%2Fwp%2Fv2%2Fmedia&parent=178114"}],"wp:term":[{"taxonomy":"category","embeddable":true,"href":"https:\/\/sportseco.com\/index.php?rest_route=%2Fwp%2Fv2%2Fcategories&post=178114"},{"taxonomy":"post_tag","embeddable":true,"href":"https:\/\/sportseco.com\/index.php?rest_route=%2Fwp%2Fv2%2Ftags&post=178114"}],"curies":[{"name":"wp","href":"https:\/\/api.w.org\/{rel}","templated":true}]}}