{"id":178141,"date":"2025-01-02T12:05:52","date_gmt":"2025-01-02T17:05:52","guid":{"rendered":"https:\/\/sportseco.com\/?p=178141"},"modified":"2025-01-02T12:05:57","modified_gmt":"2025-01-02T17:05:57","slug":"desde-este-jueves-2-de-enero-rige-en-cali-el-pico-y-placa-e-inicia-con-rotacion","status":"publish","type":"post","link":"https:\/\/sportseco.com\/?p=178141","title":{"rendered":"Desde este jueves 2 de enero rige en Cali, el pico y placa e inicia con rotaci\u00f3n"},"content":{"rendered":"\n<figure class=\"wp-block-image\"><img data-recalc-dims=\"1\" decoding=\"async\" src=\"https:\/\/i0.wp.com\/www.cali.gov.co\/movilidad\/publicaciones\/184321\/desde-este-jueves-2-de-enero-rige-el-pico-y-placa-e-inicia-con-rotacion\/info\/principal\/media\/pubInt\/thumbs\/thpub_700X400_184321.jpg?w=640&#038;ssl=1\" alt=\"Desde este jueves 2 de enero rige el pico y placa e inicia con rotaci\u00f3n\"\/><\/figure>\n\n\n\n<blockquote class=\"wp-block-quote is-layout-flow wp-block-quote-is-layout-flow\">\n<ul class=\"wp-block-list\">\n<li><em>El decreto que restringe la movilidad para veh\u00edculos particulares fue firmado por el alcalde Alejandro Eder el pasado 31 de diciembre y entr\u00f3 a regir este jueves 2 de enero.<\/em><br \/>\u00a0<\/li>\n\n\n\n<li><em>La rotaci\u00f3n de placas para este jueves corresponde a los veh\u00edculos particulares cuyo \u00faltimo d\u00edgito de las placas sea 1 y 2.<\/em><br \/>\u00a0<\/li>\n\n\n\n<li><em>El horario de restricci\u00f3n contin\u00faa de 6:00 a.m. a 7:00 p.m. de lunes a viernes con algunas excepciones.<\/em><\/li>\n<\/ul>\n<\/blockquote>\n\n\n\n<p><strong>Santiago de Cali, 2 de enero de 2025<\/strong><br \/><br \/>La medida que restringe la movilizaci\u00f3n vehicular en Cali, conocida como pico y placa para veh\u00edculos particulares tiene rotaci\u00f3n de placas, desde este jueves 2 de enero hasta el pr\u00f3ximo 30 de junio.<br \/><br \/>As\u00ed las cosas, la medida restrictiva comprendida entre las 6:00 de la ma\u00f1ana y las 7:00 de la noche queda as\u00ed, seg\u00fan el \u00faltimo d\u00edgito:<br \/><br \/><strong>Jueves:<\/strong>&nbsp;placas terminadas en 1 y 2.<br \/><br \/><strong>Viernes:<\/strong>&nbsp;&nbsp;&nbsp;&nbsp;3 y 4<br \/><br \/><strong>Lunes: &nbsp;<\/strong>&nbsp;&nbsp;&nbsp;&nbsp;5 y 6<br \/><br \/><strong>Martes: &nbsp;<\/strong>&nbsp;&nbsp;&nbsp;7 y 8<br \/><br \/><strong>Mi\u00e9rcoles:<\/strong>&nbsp;9 y 0.<br \/><br \/>\u201cHasta el 10 de enero se tendr\u00e1n comparendos pedag\u00f3gicos, es decir, se impondr\u00e1n comparendos educativos para aquellas personas que incumplan el decreto. Deben asistir al curso en los siguientes 5 d\u00edas porque de lo contrario se har\u00eda efectiva la sanci\u00f3n\u201d, explic\u00f3 Wilmer Tabares, secretario de Movilidad.<br \/><br \/>A partir del lunes 13 de enero inician las sanciones contempladas en el C\u00f3digo Nacional de Tr\u00e1nsito para los que hagan caso omiso de la medida. Adicionalmente, la autoridad de tr\u00e1nsito en el Distrito inform\u00f3 que no hay restricci\u00f3n a la movilizaci\u00f3n vehicular los fines de semana y d\u00edas festivos.<br \/><br \/>\u201cTenemos continuidad en las excepciones. Los veh\u00edculos el\u00e9ctricos e h\u00edbridos est\u00e1n exentos de la medida al igual que los veh\u00edculos de servicio p\u00fablico y las motocicletas. Tampoco tienen pico y placa los veh\u00edculos de servicio oficial y aquellos veh\u00edculos que sean conducidos por personas con movilidad reducida\u201d, recalc\u00f3 Wilmer Tabares, secretario de Movilidad.<br \/><br \/>Para estos \u00faltimos, deben solicitar antes del 5 de enero la extensi\u00f3n de la excepci\u00f3n. Aquellas personas que deban recurrir a la exenci\u00f3n deben cumplir con los requisitos contemplados en el decreto 4112.010.20.1233 del 31 de diciembre de 2024.<br \/><br \/>Es necesario recalcar que la restricci\u00f3n del pico y placa tambi\u00e9n aplica para aquellos veh\u00edculos que deban ingresar o salir del per\u00edmetro urbano del Distrito hacia el resto del pa\u00eds.<\/p>\n\n\n\n<p><\/p>\n\n\n\n<p><\/p>\n\n\n\n<p>cali.gov.co<\/p>\n","protected":false},"excerpt":{"rendered":"<p>Santiago de Cali, 2 de enero de 2025 La medida que restringe la movilizaci\u00f3n vehicular en Cali, conocida como pico y placa para veh\u00edculos particulares tiene rotaci\u00f3n de placas, desde este jueves 2 de enero hasta el pr\u00f3ximo 30 de junio. As\u00ed las cosas, la medida restrictiva comprendida entre las 6:00 de la ma\u00f1ana y [&hellip;]<\/p>\n","protected":false},"author":1,"featured_media":178142,"comment_status":"closed","ping_status":"closed","sticky":false,"template":"","format":"standard","meta":{"_acf_changed":false,"_jetpack_memberships_contains_paid_content":false,"footnotes":"","jetpack_publicize_message":"","jetpack_publicize_feature_enabled":true,"jetpack_social_post_already_shared":true,"jetpack_social_options":{"image_generator_settings":{"template":"highway","default_image_id":0,"font":"","enabled":false},"version":2}},"categories":[6],"tags":[],"class_list":["post-178141","post","type-post","status-publish","format-standard","has-post-thumbnail","hentry","category-ecologia"],"acf":[],"jetpack_publicize_connections":[],"jetpack_featured_media_url":"https:\/\/i0.wp.com\/sportseco.com\/wp-content\/uploads\/2025\/01\/thgaleria_1200X400_315136.jpg?fit=957%2C400&ssl=1","jetpack_sharing_enabled":true,"_links":{"self":[{"href":"https:\/\/sportseco.com\/index.php?rest_route=\/wp\/v2\/posts\/178141","targetHints":{"allow":["GET"]}}],"collection":[{"href":"https:\/\/sportseco.com\/index.php?rest_route=\/wp\/v2\/posts"}],"about":[{"href":"https:\/\/sportseco.com\/index.php?rest_route=\/wp\/v2\/types\/post"}],"author":[{"embeddable":true,"href":"https:\/\/sportseco.com\/index.php?rest_route=\/wp\/v2\/users\/1"}],"replies":[{"embeddable":true,"href":"https:\/\/sportseco.com\/index.php?rest_route=%2Fwp%2Fv2%2Fcomments&post=178141"}],"version-history":[{"count":1,"href":"https:\/\/sportseco.com\/index.php?rest_route=\/wp\/v2\/posts\/178141\/revisions"}],"predecessor-version":[{"id":178143,"href":"https:\/\/sportseco.com\/index.php?rest_route=\/wp\/v2\/posts\/178141\/revisions\/178143"}],"wp:featuredmedia":[{"embeddable":true,"href":"https:\/\/sportseco.com\/index.php?rest_route=\/wp\/v2\/media\/178142"}],"wp:attachment":[{"href":"https:\/\/sportseco.com\/index.php?rest_route=%2Fwp%2Fv2%2Fmedia&parent=178141"}],"wp:term":[{"taxonomy":"category","embeddable":true,"href":"https:\/\/sportseco.com\/index.php?rest_route=%2Fwp%2Fv2%2Fcategories&post=178141"},{"taxonomy":"post_tag","embeddable":true,"href":"https:\/\/sportseco.com\/index.php?rest_route=%2Fwp%2Fv2%2Ftags&post=178141"}],"curies":[{"name":"wp","href":"https:\/\/api.w.org\/{rel}","templated":true}]}}