{"id":178150,"date":"2025-01-02T13:33:21","date_gmt":"2025-01-02T18:33:21","guid":{"rendered":"https:\/\/sportseco.com\/?p=178150"},"modified":"2025-01-02T13:34:04","modified_gmt":"2025-01-02T18:34:04","slug":"la-crisis-climatica-cinco-aspectos-para-tener-en-cuenta-en-2025","status":"publish","type":"post","link":"https:\/\/sportseco.com\/?p=178150","title":{"rendered":"La crisis clim\u00e1tica: cinco aspectos para tener en cuenta en 2025"},"content":{"rendered":"\n<p>La ciudad amaz\u00f3nica de Bel\u00e9m, en Brasil, ser\u00e1 el centro de atenci\u00f3n mundial de los esfuerzos para abordar la crisis clim\u00e1tica este 2025, cuando albergar\u00e1 una de las conferencias clim\u00e1ticas m\u00e1s importantes de la ONU en los \u00faltimos a\u00f1os.&nbsp;<\/p>\n\n\n\n<p>El evento tendr\u00e1 lugar en noviembre de 2025, pero desde antes habr\u00e1 muchas oportunidades para avances importantes en varias cuestiones relacionadas con el clima, desde los asombrosos niveles de contaminaci\u00f3n por pl\u00e1stico hasta el financiamiento de la transici\u00f3n hacia una econom\u00eda global m\u00e1s limpia.<\/p>\n\n\n\n<h2 class=\"wp-block-heading\">1. \u00bfPodemos mantener vivo el objetivo de 1,5?<\/h2>\n\n\n\n<p>\u201cMantener vivo el objetivo de 1,5\u00ba\u201d ha sido el lema de la ONU durante varios a\u00f1os, una referencia al objetivo de garantizar que las temperaturas globales promedio no superen en m\u00e1s de 1,5 grados Celsius los niveles preindustriales para fin de siglo. El consenso cient\u00edfico es que la falta de acci\u00f3n tendr\u00eda consecuencias catastr\u00f3ficas, sobre todo para los llamados \u201cEstados de primera l\u00ednea\u201d, como las naciones insulares en desarrollo que podr\u00edan desaparecer bajo el agua a medida que suba el nivel del mar.<\/p>\n\n\n\n<figure class=\"wp-block-image\"><img data-recalc-dims=\"1\" decoding=\"async\" src=\"https:\/\/i0.wp.com\/global.unitednations.entermediadb.net\/assets\/mediadb\/services\/module\/asset\/downloads\/preset\/Collections\/Embargoed\/07-08-2024-UNICEF-Tuvalu-04.jpg\/image1170x530cropped.jpg?w=640&#038;ssl=1\" alt=\"Un hombre pesca sentado sobre sacos de arena que protegen a Tuvalu, una naci\u00f3n insular del Oc\u00e9ano Pac\u00edfico, contra la erosi\u00f3n marina.\" title=\"Un hombre pesca sentado sobre sacos de arena que protegen a Tuvalu, una naci\u00f3n insular del Oc\u00e9ano Pac\u00edfico, contra la erosi\u00f3n marina.\"\/><\/figure>\n\n\n\n<p>\u00a9 UNICEF\/Lasse Bak Mejlvang<\/p>\n\n\n\n<p>Un hombre pesca sentado sobre sacos de arena que protegen a Tuvalu, una naci\u00f3n insular del Oc\u00e9ano Pac\u00edfico, contra la erosi\u00f3n marina.<\/p>\n\n\n\n<p>En la COP30, la conferencia clim\u00e1tica de la ONU programada para realizarse entre el 10 y el 21 de noviembre de 2025, la mitigaci\u00f3n (en otras palabras, las acciones y pol\u00edticas dise\u00f1adas para reducir las emisiones de gases de efecto invernadero que contribuyen al aumento de las temperaturas) ser\u00e1 un tema clave.<\/p>\n\n\n\n<p>Las naciones del mundo llegar\u00e1n con compromisos mejorados y m\u00e1s ambiciosos para reducir los gases de efecto invernadero. Esto es tanto un reconocimiento de que las promesas existentes son totalmente inadecuadas, en t\u00e9rminos de reducir las temperaturas, como el cumplimiento de parte del acuerdo que los Estados miembros firmaron en 2015 en la COP de Par\u00eds (se espera que las naciones \u00abaumenten\u00bb sus compromisos cada cinco a\u00f1os. La \u00faltima vez que esto sucedi\u00f3 fue en la COP de Glasgow de 2021, retrasada un a\u00f1o debido a la pandemia de&nbsp;<a href=\"https:\/\/news.un.org\/es\/events\/cobertura-especial-de-noticias-onu-sobre-el-coronavirus\">COVID-19<\/a>).<\/p>\n\n\n\n<h2 class=\"wp-block-heading\">2. Proteger la naturaleza<\/h2>\n\n\n\n<p>La celebraci\u00f3n de la COP30 en la regi\u00f3n de la selva amaz\u00f3nica de Brasil tiene una importancia simb\u00f3lica. El evento evoca los primeros d\u00edas de los intentos internacionales de proteger el medio ambiente: la crucial \u201cCumbre de la Tierra\u201d, que condujo al establecimiento de tres tratados ambientales sobre&nbsp;<a href=\"https:\/\/news.un.org\/es\/news\/topic\/climate-change\">cambio clim\u00e1tico<\/a>, biodiversidad y desertificaci\u00f3n, tuvo lugar en la ciudad brasile\u00f1a de R\u00edo de Janeiro en 1992.<\/p>\n\n\n\n<figure class=\"wp-block-image\"><img data-recalc-dims=\"1\" decoding=\"async\" src=\"https:\/\/i0.wp.com\/global.unitednations.entermediadb.net\/assets\/mediadb\/services\/module\/asset\/downloads\/preset\/Collections\/Embargoed\/22-01-2024_Unsplash_parrot.jpg\/image1170x530cropped.jpg?w=640&#038;ssl=1\" alt=\"Un loro posado en la rama de un \u00e1rbol en Maharashtra, India.\" title=\"Un loro posado en la rama de un \u00e1rbol en Maharashtra, India.\"\/><\/figure>\n\n\n\n<p>\u00a9 Unsplash\/Sreenivas<\/p>\n\n\n\n<p>Un loro posado en la rama de un \u00e1rbol en Maharashtra, India.<\/p>\n\n\n\n<p>El lugar tambi\u00e9n pone de relieve el papel que tiene que desempe\u00f1ar la naturaleza en la crisis clim\u00e1tica. La selva tropical es un enorme \u201csumidero de carbono\u201d, un sistema que absorbe y almacena CO2, un gas de efecto invernadero, y evita que entre en la atm\u00f3sfera, donde contribuye al calentamiento.<\/p>\n\n\n\n<p>Lamentablemente, las selvas tropicales y otras \u201csoluciones basadas en la naturaleza\u201d enfrentan amenazas del desarrollo humano, como la tala ilegal que ha devastado enormes franjas de la regi\u00f3n. La ONU continuar\u00e1 los esfuerzos iniciados en 2024 para mejorar la protecci\u00f3n de la selva tropical y otros ecosistemas, en las conversaciones sobre biodiversidad que se reanudar\u00e1n en Roma en febrero.<\/p>\n\n\n\n<h2 class=\"wp-block-heading\">3. \u00bfQui\u00e9n va a pagar todo esto?<\/h2>\n\n\n\n<p>El financiamiento ha sido durante mucho tiempo un tema espinoso en las negociaciones internacionales sobre el clima. Los pa\u00edses en desarrollo sostienen que las naciones ricas deber\u00edan contribuir mucho m\u00e1s a proyectos e iniciativas que les permitan alejarse de los combustibles f\u00f3siles y alimentar sus econom\u00edas con fuentes de energ\u00eda limpia. La resistencia de los pa\u00edses ricos es que las econom\u00edas de r\u00e1pido crecimiento como China, que ahora es el mayor emisor de gases de efecto invernadero del mundo, tambi\u00e9n deber\u00edan pagar su parte.<\/p>\n\n\n\n<figure class=\"wp-block-image\"><img data-recalc-dims=\"1\" decoding=\"async\" src=\"https:\/\/i0.wp.com\/global.unitednations.entermediadb.net\/assets\/mediadb\/services\/module\/asset\/downloads\/preset\/Libraries\/Production%20Library\/15-11-2024-UNFCCC-COP29-Civil-Society-03.jpg\/image1170x530cropped.jpg?w=640&#038;ssl=1\" alt=\"Activistas en una protesta contra los combustibles f\u00f3siles durante la COP29 en Bak\u00fa, Azerbaiy\u00e1n.\" title=\"Activistas en una protesta contra los combustibles f\u00f3siles durante la COP29 en Bak\u00fa, Azerbaiy\u00e1n.\"\/><\/figure>\n\n\n\n<p>\u00a9 UNFCCC\/Habib Samadov<\/p>\n\n\n\n<p>Activistas en una protesta contra los combustibles f\u00f3siles durante la COP29 en Bak\u00fa, Azerbaiy\u00e1n.<\/p>\n\n\n\n<p>En la&nbsp;<a href=\"https:\/\/news.un.org\/es\/events\/cop29\">COP29<\/a>&nbsp;en Bak\u00fa, Azerbaiy\u00e1n, se logr\u00f3 un gran avance con la adopci\u00f3n de un acuerdo para triplicar la cantidad de financiamiento clim\u00e1tico pagado a los pa\u00edses en desarrollo, a 300.000 millones de d\u00f3lares por a\u00f1o, para 2035. El acuerdo es un avance definitivo, pero la suma final es mucho menor que los 1,3 billones de d\u00f3lares que los expertos en clima dicen que estos pa\u00edses necesitan para adaptarse a la crisis.<\/p>\n\n\n\n<p>Es de esperar que se logren m\u00e1s avances en materia de financiamiento en 2025, en una cumbre en Espa\u00f1a a fines de junio. Las conferencias sobre Financiamiento para el Desarrollo solo se realizan una vez cada diez a\u00f1os, y la edici\u00f3n del pr\u00f3ximo a\u00f1o se anuncia como una oportunidad para realizar cambios radicales en la arquitectura financiera internacional. Se plantear\u00e1n cuestiones ambientales y clim\u00e1ticas, y se pondr\u00e1n sobre la mesa posibles soluciones como la tributaci\u00f3n verde, la fijaci\u00f3n de precios del carbono y los subsidios.<\/p>\n\n\n\n<h2 class=\"wp-block-heading\">4. Sentar las bases<\/h2>\n\n\n\n<p>Cuando la atenci\u00f3n de la&nbsp;<a href=\"https:\/\/www.icj-cij.org\/es\" target=\"_blank\" rel=\"noreferrer noopener\">Corte Internacional de Justicia<\/a>&nbsp;(<a href=\"https:\/\/www.icj-cij.org\/es\" target=\"_blank\" rel=\"noreferrer noopener\">CIJ<\/a>) se centr\u00f3 en el cambio clim\u00e1tico en diciembre pasado, el momento se aclam\u00f3 como hist\u00f3rico en lo que respecta a las obligaciones jur\u00eddicas de los Estados en virtud del derecho internacional.<\/p>\n\n\n\n<figure class=\"wp-block-image\"><img data-recalc-dims=\"1\" decoding=\"async\" src=\"https:\/\/i0.wp.com\/global.unitednations.entermediadb.net\/assets\/mediadb\/services\/module\/asset\/downloads\/preset\/Collections\/Embargoed\/12-10-2023-WHO-Vanuatu-01.jpg\/image1170x530cropped.jpg?w=640&#038;ssl=1\" alt=\"Vanuatu sufre a menudo fen\u00f3menos meteorol\u00f3gicos extremos destructivos, como tifones, que se ven agravados por el cambio clim\u00e1tico.\" title=\"Vanuatu sufre a menudo fen\u00f3menos meteorol\u00f3gicos extremos destructivos, como tifones, que se ven agravados por el cambio clim\u00e1tico.\"\/><\/figure>\n\n\n\n<p>\u00a9 UNDP\/Silke von Brockhausen<\/p>\n\n\n\n<p>Vanuatu sufre a menudo fen\u00f3menos meteorol\u00f3gicos extremos destructivos, como tifones, que se ven agravados por el cambio clim\u00e1tico.<\/p>\n\n\n\n<p>Vanuatu, un Estado insular del Pac\u00edfico particularmente vulnerable a la crisis, solicit\u00f3 a la Corte una posici\u00f3n consultiva para aclarar las obligaciones de los Estados con respecto al cambio clim\u00e1tico y orientar cualquier procedimiento judicial futuro.<\/p>\n\n\n\n<p>Durante un periodo de dos semanas, 96 pa\u00edses y once organizaciones regionales participaron en audiencias p\u00fablicas ante la Corte, incluidos Vanuatu y un grupo de otros Estados insulares del Pac\u00edfico, y econom\u00edas importantes como China y Estados Unidos.<\/p>\n\n\n\n<p>La Corte deliberar\u00e1 durante varios meses antes de emitir su opini\u00f3n consultiva sobre el tema. Aunque esta opini\u00f3n no ser\u00e1 vinculante, se espera que oriente el futuro derecho internacional del clima.<\/p>\n\n\n\n<h2 class=\"wp-block-heading\">5. Contaminaci\u00f3n pl\u00e1stica<\/h2>\n\n\n\n<p>Las conversaciones convocadas por la ONU para abordar la epidemia mundial de contaminaci\u00f3n pl\u00e1stica se acercaron a un acuerdo durante las negociaciones en Busan, Corea del Sur.<\/p>\n\n\n\n<p>Se lograron algunos avances clave durante las conversaciones de noviembre de 2024, la quinta ronda de negociaciones tras la resoluci\u00f3n de 2022 de la&nbsp;<a href=\"https:\/\/www.un.org\/es\/ga\/about\/index.shtml\">Asamblea General<\/a>&nbsp;de la ONU para el Medio Ambiente, que pide un instrumento internacional jur\u00eddicamente vinculante sobre la contaminaci\u00f3n por pl\u00e1sticos, incluso en el medio marino.<\/p>\n\n\n\n<p>Es necesario llegar a un acuerdo sobre tres \u00e1reas fundamentales: productos pl\u00e1sticos, incluida la cuesti\u00f3n de los productos qu\u00edmicos; producci\u00f3n y consumo sostenibles; y financiamiento.<\/p>\n\n\n\n<figure class=\"wp-block-image\"><img data-recalc-dims=\"1\" decoding=\"async\" src=\"https:\/\/i0.wp.com\/global.unitednations.entermediadb.net\/assets\/mediadb\/services\/module\/asset\/downloads\/preset\/Libraries\/Production%20Library\/16-04-24_India_Plastic_Waste_Segregation.jpg\/image1170x530cropped.jpg?w=640&#038;ssl=1\" alt=\"En India, las botellas pl\u00e1sticas se colectan para reciclarlas.\" title=\"En India, las botellas pl\u00e1sticas se colectan para reciclarlas.\"\/><\/figure>\n\n\n\n<p>PNUD India<\/p>\n\n\n\n<p>En India, las botellas pl\u00e1sticas se colectan para reciclarlas.<\/p>\n\n\n\n<p>Los Estados miembros tienen ahora la tarea de encontrar soluciones pol\u00edticas a sus diferencias antes de que comience la reanudaci\u00f3n de la sesi\u00f3n y de llegar a un acuerdo final que aborde el ciclo de vida completo de los pl\u00e1sticos y aproveche el creciente impulso mundial para poner fin a la contaminaci\u00f3n por pl\u00e1sticos.<\/p>\n\n\n\n<p>\u201cEst\u00e1 claro que el mundo todav\u00eda quiere y exige que se ponga fin a la contaminaci\u00f3n por pl\u00e1sticos\u201d, dijo la directora ejecutiva del Programa de las Naciones Unidas para el Medio Ambiente (<a href=\"https:\/\/www.unenvironment.org\/es\" target=\"_blank\" rel=\"noreferrer noopener\">PNUMA<\/a>), Inger Andersen. \u201cTenemos que asegurarnos de elaborar un instrumento que ataque con fuerza el problema en lugar de golpear por debajo de su potencial. Hago un llamamiento a todos los Estados miembros para que se involucren\u201d.&nbsp;<\/p>\n\n\n\n<p><\/p>\n\n\n\n<p>news.un.org<\/p>\n","protected":false},"excerpt":{"rendered":"<p>La ciudad amaz\u00f3nica de Bel\u00e9m, en Brasil, ser\u00e1 el centro de atenci\u00f3n mundial de los esfuerzos para abordar la crisis clim\u00e1tica este 2025, cuando albergar\u00e1 una de las conferencias clim\u00e1ticas m\u00e1s importantes de la ONU en los \u00faltimos a\u00f1os.&nbsp; El evento tendr\u00e1 lugar en noviembre de 2025, pero desde antes habr\u00e1 muchas oportunidades para avances [&hellip;]<\/p>\n","protected":false},"author":1,"featured_media":178151,"comment_status":"closed","ping_status":"closed","sticky":false,"template":"","format":"standard","meta":{"_acf_changed":false,"_jetpack_memberships_contains_paid_content":false,"footnotes":"","jetpack_publicize_message":"","jetpack_publicize_feature_enabled":true,"jetpack_social_post_already_shared":true,"jetpack_social_options":{"image_generator_settings":{"template":"highway","default_image_id":0,"font":"","enabled":false},"version":2}},"categories":[6],"tags":[],"class_list":["post-178150","post","type-post","status-publish","format-standard","has-post-thumbnail","hentry","category-ecologia"],"acf":[],"jetpack_publicize_connections":[],"jetpack_featured_media_url":"https:\/\/i0.wp.com\/sportseco.com\/wp-content\/uploads\/2025\/01\/image1170x530cropped.jpg?fit=1170%2C530&ssl=1","jetpack_sharing_enabled":true,"_links":{"self":[{"href":"https:\/\/sportseco.com\/index.php?rest_route=\/wp\/v2\/posts\/178150","targetHints":{"allow":["GET"]}}],"collection":[{"href":"https:\/\/sportseco.com\/index.php?rest_route=\/wp\/v2\/posts"}],"about":[{"href":"https:\/\/sportseco.com\/index.php?rest_route=\/wp\/v2\/types\/post"}],"author":[{"embeddable":true,"href":"https:\/\/sportseco.com\/index.php?rest_route=\/wp\/v2\/users\/1"}],"replies":[{"embeddable":true,"href":"https:\/\/sportseco.com\/index.php?rest_route=%2Fwp%2Fv2%2Fcomments&post=178150"}],"version-history":[{"count":2,"href":"https:\/\/sportseco.com\/index.php?rest_route=\/wp\/v2\/posts\/178150\/revisions"}],"predecessor-version":[{"id":178153,"href":"https:\/\/sportseco.com\/index.php?rest_route=\/wp\/v2\/posts\/178150\/revisions\/178153"}],"wp:featuredmedia":[{"embeddable":true,"href":"https:\/\/sportseco.com\/index.php?rest_route=\/wp\/v2\/media\/178151"}],"wp:attachment":[{"href":"https:\/\/sportseco.com\/index.php?rest_route=%2Fwp%2Fv2%2Fmedia&parent=178150"}],"wp:term":[{"taxonomy":"category","embeddable":true,"href":"https:\/\/sportseco.com\/index.php?rest_route=%2Fwp%2Fv2%2Fcategories&post=178150"},{"taxonomy":"post_tag","embeddable":true,"href":"https:\/\/sportseco.com\/index.php?rest_route=%2Fwp%2Fv2%2Ftags&post=178150"}],"curies":[{"name":"wp","href":"https:\/\/api.w.org\/{rel}","templated":true}]}}