{"id":178157,"date":"2025-01-02T18:12:18","date_gmt":"2025-01-02T23:12:18","guid":{"rendered":"https:\/\/sportseco.com\/?p=178157"},"modified":"2025-01-02T18:12:23","modified_gmt":"2025-01-02T23:12:23","slug":"lamine-yamal-y-hector-fort-hacen-parte-de-trabajo-con-el-grupo","status":"publish","type":"post","link":"https:\/\/sportseco.com\/?p=178157","title":{"rendered":"Lamine Yamal y H\u00e9ctor Fort hacen parte de trabajo con el grupo"},"content":{"rendered":"\n<p>En la segunda sesi\u00f3n de 2025, el &#8217;19&#8217; i el &#8217;32&#8217; han participado en un entrenamiento que ha servido para continuar preparando el estreno coper<\/p>\n\n\n\n<p>La actividad no se detiene en la Ciudad Deportiva. Los hombres de Hansi Flick se encuentran focalizados en la preparaci\u00f3n del estreno de la Copa del Rey de este s\u00e1bado 4 de enero. En la sesi\u00f3n matinal del segundo d\u00eda del a\u00f1o 2025,\u00a0<a href=\"https:\/\/www.fcbarcelona.es\/es\/futbol\/primer-equipo\/jugadores\/129404\/lamine-yamal-nasraoui-ebana\" target=\"_blank\" rel=\"noreferrer noopener\">Lamine Yamal<\/a>\u00a0y\u00a0<strong>H\u00e9ctor Fort<\/strong>\u00a0han realizado parte de trabajo con el grupo.\u00a0<\/p>\n\n\n\n<p>Es el segundo entrenamiento de este a\u00f1o que apenas arranca. Y lo hace con la noticia que el&nbsp;<strong><em>19&nbsp;<\/em>del FC Barcelona<\/strong>&nbsp;ha hecho parte del trabajo con el grupo, despu\u00e9s de perderse el \u00faltimo partido de 2024. El lateral barcelon\u00e9s tambi\u00e9n ha llevado a cabo parte del trabajo con el grupo, que ha contado con los azulgranas disponibles y la presencia de&nbsp;<a href=\"https:\/\/www.fcbarcelona.cat\/ca\/futbol\/barca-b\/jugadors\/4081771\/dani-rodriguez\" target=\"_blank\" rel=\"noreferrer noopener\">Dani Rodr\u00edguez<\/a>&nbsp;del Bar\u00e7a Atl\u00e8tic en el campo 2 de la Ciudad Deportiva.&nbsp;<a href=\"https:\/\/store.fcbarcelona.com\/es\/collections\/new-kit?ext=OCM_24-25&amp;utm_source=WebBarca&amp;utm_medium=Article&amp;utm_campaign=NewKit_ES_BLM_KITS_WW&amp;utm_term=NewKit\">\u00bfQuieres la camiseta de Lamine Yamal?Luce la equipaci\u00f3n del futbolista de La Masia que es puro desequilibrio y descaro\u00a1C\u00d3MPRALA!<\/a><\/p>\n\n\n\n<p>Todo en una sesi\u00f3n que ha servido para seguir planeando el primer partido de 2025. El&nbsp;<a href=\"https:\/\/www.fcbarcelona.es\/es\/futbol\/primer-equipo\/noticias\/4187529\/cuando-y-donde-ver-el-barbastro--fc-barcelona\" target=\"_blank\" rel=\"noreferrer noopener\">s\u00e1bado 4 de enero<\/a>, el Bar\u00e7a se desplaza hasta Huesca para estrenarse en la&nbsp;<strong>Copa del Rey<\/strong>. El&nbsp;<strong>Barbastro&nbsp;<\/strong>es el rival en estos dieciseisavos de final. Un rival ya conocido para los culers, puesto que el a\u00f1o pasado ya empezaron el camino copera ante los barbastrino. El objetivo es claro: ganar para empezar bien el a\u00f1o y un&nbsp;<a href=\"https:\/\/www.fcbarcelona.es\/es\/futbol\/primer-equipo\/noticias\/4187346\/un-enero-de-alto-voltaje\" target=\"_blank\" rel=\"noreferrer noopener\">enero de alto voltaje<\/a>.&nbsp;<\/p>\n\n\n\n<p><\/p>\n\n\n\n<p>fcbarcelona.es<\/p>\n","protected":false},"excerpt":{"rendered":"<p>En la segunda sesi\u00f3n de 2025, el &#8217;19&#8217; i el &#8217;32&#8217; han participado en un entrenamiento que ha servido para continuar preparando el estreno coper La actividad no se detiene en la Ciudad Deportiva. Los hombres de Hansi Flick se encuentran focalizados en la preparaci\u00f3n del estreno de la Copa del Rey de este s\u00e1bado [&hellip;]<\/p>\n","protected":false},"author":1,"featured_media":178158,"comment_status":"closed","ping_status":"closed","sticky":false,"template":"","format":"standard","meta":{"_acf_changed":false,"_jetpack_memberships_contains_paid_content":false,"footnotes":"","jetpack_publicize_message":"","jetpack_publicize_feature_enabled":true,"jetpack_social_post_already_shared":true,"jetpack_social_options":{"image_generator_settings":{"template":"highway","default_image_id":0,"font":"","enabled":false},"version":2}},"categories":[5],"tags":[],"class_list":["post-178157","post","type-post","status-publish","format-standard","has-post-thumbnail","hentry","category-futbol"],"acf":[],"jetpack_publicize_connections":[],"jetpack_featured_media_url":"https:\/\/i0.wp.com\/sportseco.com\/wp-content\/uploads\/2025\/01\/MGA4477.webp?fit=938%2C1500&ssl=1","jetpack_sharing_enabled":true,"_links":{"self":[{"href":"https:\/\/sportseco.com\/index.php?rest_route=\/wp\/v2\/posts\/178157","targetHints":{"allow":["GET"]}}],"collection":[{"href":"https:\/\/sportseco.com\/index.php?rest_route=\/wp\/v2\/posts"}],"about":[{"href":"https:\/\/sportseco.com\/index.php?rest_route=\/wp\/v2\/types\/post"}],"author":[{"embeddable":true,"href":"https:\/\/sportseco.com\/index.php?rest_route=\/wp\/v2\/users\/1"}],"replies":[{"embeddable":true,"href":"https:\/\/sportseco.com\/index.php?rest_route=%2Fwp%2Fv2%2Fcomments&post=178157"}],"version-history":[{"count":1,"href":"https:\/\/sportseco.com\/index.php?rest_route=\/wp\/v2\/posts\/178157\/revisions"}],"predecessor-version":[{"id":178159,"href":"https:\/\/sportseco.com\/index.php?rest_route=\/wp\/v2\/posts\/178157\/revisions\/178159"}],"wp:featuredmedia":[{"embeddable":true,"href":"https:\/\/sportseco.com\/index.php?rest_route=\/wp\/v2\/media\/178158"}],"wp:attachment":[{"href":"https:\/\/sportseco.com\/index.php?rest_route=%2Fwp%2Fv2%2Fmedia&parent=178157"}],"wp:term":[{"taxonomy":"category","embeddable":true,"href":"https:\/\/sportseco.com\/index.php?rest_route=%2Fwp%2Fv2%2Fcategories&post=178157"},{"taxonomy":"post_tag","embeddable":true,"href":"https:\/\/sportseco.com\/index.php?rest_route=%2Fwp%2Fv2%2Ftags&post=178157"}],"curies":[{"name":"wp","href":"https:\/\/api.w.org\/{rel}","templated":true}]}}