{"id":178161,"date":"2025-01-02T18:16:18","date_gmt":"2025-01-02T23:16:18","guid":{"rendered":"https:\/\/sportseco.com\/?p=178161"},"modified":"2025-01-02T18:16:21","modified_gmt":"2025-01-02T23:16:21","slug":"cedeno-una-aldea-en-el-pacifico-de-honduras-a-la-que-se-traga-el-mar","status":"publish","type":"post","link":"https:\/\/sportseco.com\/?p=178161","title":{"rendered":"Cede\u00f1o, una aldea en el Pac\u00edfico de Honduras a la que se traga el mar"},"content":{"rendered":"\n<p>Germ\u00e1n Reyes<br \/>Cede\u00f1o (Honduras), 31 dic (EFE).- Los habitantes de la aldea de Cede\u00f1o, uno de los sitios tur\u00edsticos a orillas del Golfo de Fonseca (Pac\u00edfico), en el sur de Honduras, libran una lucha que est\u00e1n perdiendo contra el mar, que en los \u00faltimos 30 a\u00f1os se ha tragado centenares de construcciones que estuvieron frente a la playa.<\/p>\n\n\n\n<p>\u00abYo ten\u00eda un negocio all\u00ed, ten\u00eda una cuarter\u00eda (habitaciones de alquiler), ten\u00eda un garaje de carros, ten\u00eda un sal\u00f3n (de baile) y todo eso ya no existe, qued\u00f3 adentro del mar todo, perdimos todo\u00bb, relata a EFE Santos Toru\u00f1o, quien vive en Cede\u00f1o desde hace 45 a\u00f1os.<\/p>\n\n\n\n<p>Agrega que cuando lleg\u00f3 a Cede\u00f1o, jurisdicci\u00f3n de Marcovia, departamento de Choluteca, hab\u00eda varios hoteles, casas y otros edificios frente a la playa, pero que gradualmente el mar se los ha ido tragando, lo que atribuye al cambio clim\u00e1tico.<\/p>\n\n\n\n<p>\u00abAhora no hay playa porque este mar se ha comido tres calles, aqu\u00ed pasaba la \u00faltima\u00bb, comenta Toru\u00f1o, uno de los miles de pescadores artesanales hondure\u00f1os en el Golfo de Fonseca, que Honduras comparte con El Salvador y Nicaragua.<\/p>\n\n\n\n<p>El mar se trag\u00f3 un centro de salud y un campo de f\u00fatbol<\/p>\n\n\n\n<p>Toru\u00f1o afirma que ya se ha adaptado a los cambios que la naturaleza le ha hecho a Cede\u00f1o, cuyos habitantes siempre han vivido de la pesca artesanal y un turismo que ha venido decreciendo a causa de los estragos causados por el mar.<\/p>\n\n\n\n<p>\u00abYa estamos adaptados al lugar. \u00bfY para d\u00f3nde nos vamos a ir?, ah\u00ed tengo un rancho (una modesta casa)\u00bb, expresa Toru\u00f1o se\u00f1alando un extremo de la playa, donde adem\u00e1s estaba \u00abel campo de f\u00fatbol\u00bb, que \u00abtambi\u00e9n se lo trag\u00f3 el mar\u00bb.<\/p>\n\n\n\n<p>El jefe de Gesti\u00f3n de Riesgos de la Alcald\u00eda de Marcovia, Fredy Omar Chavarr\u00eda, dice a EFE en Cede\u00f1o que la situaci\u00f3n en la aldea se agrav\u00f3 tras el paso del hurac\u00e1n Mitch, en 1998, que dej\u00f3 severos da\u00f1os en todo Honduras.<\/p>\n\n\n\n<p>A\u00f1ade que el Mitch \u00abazot\u00f3 fuertemente\u00bb perjudicando \u00abla zona tur\u00edstica de Cede\u00f1o\u00bb, donde \u00abel mar se ha comido cinco cuadras\u00bb, con lo que desaparecieron centenares de casas, restaurantes y hoteles, entre otras construcciones de las que muchas antes estaban frente a la playa.<\/p>\n\n\n\n<p>Los habitantes de Cede\u00f1o recuerdan que, en la playa donde ahora se divisa a lo lejos un tanque de agua potable levantado sobre grandes columnas de cemento, \u00abah\u00ed quedaba el centro de salud\u00bb, tambi\u00e9n tragado por el mar.<\/p>\n\n\n\n<p>El tanque de agua, que fue declarado inoperable a ra\u00edz de que cada a\u00f1o est\u00e1 m\u00e1s adentro del mar, pareciera que tambi\u00e9n correr\u00e1 la misma suerte por el grado de inclinaci\u00f3n que presenta.<\/p>\n\n\n\n<p>El otrora preferido destino tur\u00edstico para muchos hondure\u00f1os del sur y centro de su pa\u00eds, ahora parece un sitio que ha sido bombardeado o destruido parcialmente por un terremoto.<\/p>\n\n\n\n<p>A pesar de que el mar se sigue metiendo en Cede\u00f1o, desde donde se divisan los l\u00edmites con El Salvador y Nicaragua, muchos pobladores no dejan de construir sus negocios como peque\u00f1os restaurantes para atender a los turistas que siguen llegando, aunque en menor cantidad que en el pasado reciente.<\/p>\n\n\n\n<figure class=\"wp-block-image\" id=\"attachment_215308\"><a href=\"https:\/\/efeverde.com\/cedeno-una-aldea-en-el-pacifico-de-honduras-a-la-que-se-traga-el-mar\/cedeno-una-aldea-en-el-pacifico-de-honduras-a-la-que-se-la-traga-el-mar\/\"><img data-recalc-dims=\"1\" height=\"427\" width=\"640\" decoding=\"async\" src=\"https:\/\/i0.wp.com\/efeverde.com\/wp-content\/uploads\/2025\/01\/Cedeno-honduras-crisis-climatica-1-1024x683.jpg?resize=640%2C427&#038;ssl=1\" alt=\"\" class=\"wp-image-215308\"\/><\/a><figcaption class=\"wp-element-caption\">AME7933. CEDE\u00d1O (HONDURAS), 31\/12\/2024.- Fotograf\u00eda del 17 de diciembre de 2024 de una mujer caminando frente a una vivienda afectada en la costa de la comunidad de Cede\u00f1o (Honduras). Los habitantes de la aldea de Cede\u00f1o, uno de los sitios tur\u00edsticos a orillas del Golfo de Fonseca (Pac\u00edfico), en el sur de Honduras, libran una lucha que est\u00e1n perdiendo contra el mar, que en los \u00faltimos 30 a\u00f1os se ha tragado centenares de construcciones que estuvieron frente a la playa. EFE\/ Germ\u00e1n Reyes<\/figcaption><\/figure>\n\n\n\n<p>Las construcciones por lo general son galeras levantadas con troncos de madera, l\u00e1minas de zinc y hojas de cocoteros.<br \/>Chavarr\u00eda indica que la Corporaci\u00f3n Municipal de Marcovia, que preside Na\u00fan C\u00e1lix, en su momento prohibi\u00f3 la construcci\u00f3n de inmuebles con bloques de cemento y otros materiales resistentes en la franja costera de Cede\u00f1o, por los da\u00f1os que causa el mar.<\/p>\n\n\n\n<p>Casi todos los a\u00f1os, en verano, los habitantes de Cede\u00f1o y otras comunidades costeras tambi\u00e9n sufren los efectos de grandes marejadas.<\/p>\n\n\n\n<p>Seg\u00fan se\u00f1ala Chavarr\u00eda, el alcalde de Marcovia tambi\u00e9n est\u00e1 coordinando acciones con la comunidad internacional para buscar soluciones a los problemas que enfrenta Cede\u00f1o derivados del cambio clim\u00e1tico.<\/p>\n\n\n\n<p>La zona sur de Honduras, conformada por los departamentos de Choluteca, fronterizo con Nicaragua, y Valle, con El Salvador, comienza a recuperarse de los severos da\u00f1os causados en noviembre por la tormenta tropical Sara a la pesca, el cultivo de camarones y la producci\u00f3n agr\u00edcola y ganadera, entre otros sectores.<\/p>\n\n\n\n<p>La destrucci\u00f3n que est\u00e1 sufriendo Cede\u00f1o es similar a la de Bajamar y Traves\u00eda, en el departamento de Cort\u00e9s, en el Caribe hondure\u00f1o, donde el mar tambi\u00e9n se ha tragado muchas obras de infraestructura, algunas de cemento, lo que EFE constat\u00f3 en abril de 2023. EFE<br \/>gr\/gf\/icn<\/p>\n","protected":false},"excerpt":{"rendered":"<p>Germ\u00e1n ReyesCede\u00f1o (Honduras), 31 dic (EFE).- Los habitantes de la aldea de Cede\u00f1o, uno de los sitios tur\u00edsticos a orillas del Golfo de Fonseca (Pac\u00edfico), en el sur de Honduras, libran una lucha que est\u00e1n perdiendo contra el mar, que en los \u00faltimos 30 a\u00f1os se ha tragado centenares de construcciones que estuvieron frente a [&hellip;]<\/p>\n","protected":false},"author":1,"featured_media":178162,"comment_status":"closed","ping_status":"closed","sticky":false,"template":"","format":"standard","meta":{"_acf_changed":false,"_jetpack_memberships_contains_paid_content":false,"footnotes":"","jetpack_publicize_message":"","jetpack_publicize_feature_enabled":true,"jetpack_social_post_already_shared":true,"jetpack_social_options":{"image_generator_settings":{"template":"highway","default_image_id":0,"font":"","enabled":false},"version":2}},"categories":[6],"tags":[],"class_list":["post-178161","post","type-post","status-publish","format-standard","has-post-thumbnail","hentry","category-ecologia"],"acf":[],"jetpack_publicize_connections":[],"jetpack_featured_media_url":"https:\/\/i0.wp.com\/sportseco.com\/wp-content\/uploads\/2025\/01\/Cedeno-honduras-crisis-climatica-2.jpg?fit=1200%2C800&ssl=1","jetpack_sharing_enabled":true,"_links":{"self":[{"href":"https:\/\/sportseco.com\/index.php?rest_route=\/wp\/v2\/posts\/178161","targetHints":{"allow":["GET"]}}],"collection":[{"href":"https:\/\/sportseco.com\/index.php?rest_route=\/wp\/v2\/posts"}],"about":[{"href":"https:\/\/sportseco.com\/index.php?rest_route=\/wp\/v2\/types\/post"}],"author":[{"embeddable":true,"href":"https:\/\/sportseco.com\/index.php?rest_route=\/wp\/v2\/users\/1"}],"replies":[{"embeddable":true,"href":"https:\/\/sportseco.com\/index.php?rest_route=%2Fwp%2Fv2%2Fcomments&post=178161"}],"version-history":[{"count":1,"href":"https:\/\/sportseco.com\/index.php?rest_route=\/wp\/v2\/posts\/178161\/revisions"}],"predecessor-version":[{"id":178163,"href":"https:\/\/sportseco.com\/index.php?rest_route=\/wp\/v2\/posts\/178161\/revisions\/178163"}],"wp:featuredmedia":[{"embeddable":true,"href":"https:\/\/sportseco.com\/index.php?rest_route=\/wp\/v2\/media\/178162"}],"wp:attachment":[{"href":"https:\/\/sportseco.com\/index.php?rest_route=%2Fwp%2Fv2%2Fmedia&parent=178161"}],"wp:term":[{"taxonomy":"category","embeddable":true,"href":"https:\/\/sportseco.com\/index.php?rest_route=%2Fwp%2Fv2%2Fcategories&post=178161"},{"taxonomy":"post_tag","embeddable":true,"href":"https:\/\/sportseco.com\/index.php?rest_route=%2Fwp%2Fv2%2Ftags&post=178161"}],"curies":[{"name":"wp","href":"https:\/\/api.w.org\/{rel}","templated":true}]}}