{"id":178198,"date":"2025-01-03T10:04:13","date_gmt":"2025-01-03T15:04:13","guid":{"rendered":"https:\/\/sportseco.com\/?p=178198"},"modified":"2025-01-03T10:04:18","modified_gmt":"2025-01-03T15:04:18","slug":"ruben-y-ederson-mejoran-de-sus-lesiones-pero-no-estaran-ante-el-west-ham-los-planes-de-pep-en-el-mercado-de-enero","status":"publish","type":"post","link":"https:\/\/sportseco.com\/?p=178198","title":{"rendered":"R\u00faben y Ederson mejoran de sus lesiones, pero no estar\u00e1n ante el West Ham.Los planes de Pep en el mercado de enero"},"content":{"rendered":"\n<p>La \u00faltima hora del equipo de cara al estreno en 2025 ante los Hammers<\/p>\n\n\n\n<p><a href=\"https:\/\/es.mancity.com\/players\/ederson-moraes\">Ederson<\/a>, R\u00faben Dias,&nbsp;<a href=\"http:\/\/en.notsupported.com\/meta\/manchester-city-mens-team\/team-members\/matheus-nunes\">Matheus Nunes<\/a>&nbsp;y John&nbsp;<a href=\"https:\/\/www.mancity.com\/players\/john-stones\">Stones<\/a>&nbsp;se perdieron la victoria 0-2 sobre los Foxes, junto con los ausentes de larga duraci\u00f3n&nbsp;<a href=\"http:\/\/en.notsupported.com\/meta\/manchester-city-mens-team\/team-members\/oscar-bobb\">Oscar Bobb<\/a>&nbsp;y Rodri.<\/p>\n\n\n\n<p>Nunes y&nbsp;<a href=\"https:\/\/es.mancity.com\/players\/ederson-moraes\">Ederson<\/a>&nbsp;regresaron recientemente a los entrenamientos,&nbsp;<a href=\"https:\/\/www.mancity.com\/players\/pep-guardiola\">Pep Guardiola<\/a>&nbsp;anunci\u00f3 que dispone de los mismos efectivos que el pasado fin de semana para medirse al West Ham.&nbsp;<\/p>\n\n\n\n<p>\u201cRub\u00e9n est\u00e1 mejorando pero no est\u00e1 preparado para ma\u00f1ana\u201d, explic\u00f3 Pep.<\/p>\n\n\n\n<p>\u201cAyer Eddy entren\u00f3 mejor. Fue el primer entrenamiento sin molestias en la pierna&#8230;\u201d<\/p>\n\n\n\n<p>Tambi\u00e9n se le pregunt\u00f3 a Pep sobre las informaciones de que Rodri ten\u00eda como objetivo volver a la acci\u00f3n antes del final de la presente temporada.<\/p>\n\n\n\n<p>El centrocampista se someti\u00f3 a una cirug\u00eda del ligamento cruzado anterior tras lesionarse la rodilla contra el Arsenal y en aquel momento qued\u00f3 descartado para el resto de la temporada.<\/p>\n\n\n\n<p>\u201cLo importante es que se recupere bien\u201d, declar\u00f3 Pep.<\/p>\n\n\n\n<p>\u201cSi juega antes del final de la temporada ser\u00e1 bueno. Pero el objetivo es recuperarse bien\u201d.<\/p>\n\n\n\n<h1 class=\"wp-block-heading\">Los planes de Pep en el mercado de enero<\/h1>\n\n\n\n<figure class=\"wp-block-image\"><img data-recalc-dims=\"1\" decoding=\"async\" src=\"https:\/\/i0.wp.com\/www.mancity.com\/meta\/media\/cq0ocw0i\/pepwham2.jpg?w=640&#038;ssl=1\" alt=\"\"\/><\/figure>\n\n\n\n<p>La rueda de prensa previa al City v West Ham en la Premier League<\/p>\n\n\n\n<p>El mercado de fichajes se con el a\u00f1o nuevo y se cerrar\u00e1 el lunes 3 de febrero.<\/p>\n\n\n\n<p>El City ha sufrido varias lesiones a lo largo de la primera mitad de la temporada, lo que puede indicar que la direcci\u00f3n deportiva buscar\u00e1 soluciones en forma de refuerzos.<\/p>\n\n\n\n<p>En la previa de la visita del West Ham a Manchester,&nbsp;<a href=\"https:\/\/www.mancity.com\/players\/pep-guardiola\">Pep Guardiola<\/a>&nbsp;quiso enfatizar la dificultad de cerrar acuerdos en estas fechas y que las posibles caras nuevas no sean solo un a\u00f1adido cuantitativo a la plantilla.<\/p>\n\n\n\n<p>\u201cNo s\u00e9 ahora si habr\u00e1 fichajes, no es f\u00e1cil\u201d.<\/p>\n\n\n\n<p>\u201cQuiz\u00e1 firmemos, quiz\u00e1s no contratemos a nadie\u201d.<\/p>\n\n\n\n<p>\u201cEl Club tiene que ser prudente. No hacerlo solo por hacerlo\u201d.<\/p>\n\n\n\n<figure class=\"wp-block-image\"><img data-recalc-dims=\"1\" decoding=\"async\" src=\"https:\/\/i0.wp.com\/cf-images.eu-west-1.prod.boltdns.net\/v1\/jit\/10228001001\/c6fe0c97-c63a-4726-91fa-7613fdf022a5\/main\/640x360\/5s\/match\/image.jpg?w=640&#038;ssl=1\" alt=\"\"\/><\/figure>\n\n\n\n<p>\u201cQueremos sumar jugadores por la situaci\u00f3n que tenemos, porque los jugadores tienen lesiones constantes muchas veces\u201d.<\/p>\n\n\n\n<p>\u201cEl Club tiene que hacerlo, pero no estoy seguro de que sea posible\u201d.<\/p>\n\n\n\n<p>El City cerr\u00f3 2024 con una victoria 0-2 ante el Leicester.<\/p>\n\n\n\n<p>El canterano&nbsp;<a href=\"http:\/\/en.notsupported.com\/meta\/manchester-city-mens-team\/team-members\/james-mcatee\">James McAtee<\/a>&nbsp;tuvo un papel destacado tras saltar al c\u00e9sped el King Power Stadium en la segunda parte, iniciando la jugada del segundo gol.<\/p>\n\n\n\n<p><a href=\"https:\/\/www.mancity.com\/players\/pep-guardiola\">Guardiola<\/a>&nbsp;asegur\u00f3 que \u00e9l y sus jugadores quedaron impresionados con el desempe\u00f1o del jugador y que tiene la capacidad de sumar m\u00e1s minutos a lo largo de la temporada.<\/p>\n\n\n\n<p>\u201cCreo que deber\u00eda tener m\u00e1s minutos pero es joven. A\u00fan quedan muchos partidos por jugar\u201d, declar\u00f3 Pep.<\/p>\n\n\n\n<p>\u201cJug\u00f3 muy bien. Lo m\u00e1s importante es que todos sus compa\u00f1eros de equipo estaban muy felices. Tienen un gran respeto por c\u00f3mo se comporta en el vestuario\u201d.<\/p>\n\n\n\n<p><\/p>\n\n\n\n<p>mancity.com<\/p>\n","protected":false},"excerpt":{"rendered":"<p>La \u00faltima hora del equipo de cara al estreno en 2025 ante los Hammers Ederson, R\u00faben Dias,&nbsp;Matheus Nunes&nbsp;y John&nbsp;Stones&nbsp;se perdieron la victoria 0-2 sobre los Foxes, junto con los ausentes de larga duraci\u00f3n&nbsp;Oscar Bobb&nbsp;y Rodri. Nunes y&nbsp;Ederson&nbsp;regresaron recientemente a los entrenamientos,&nbsp;Pep Guardiola&nbsp;anunci\u00f3 que dispone de los mismos efectivos que el pasado fin de semana para [&hellip;]<\/p>\n","protected":false},"author":1,"featured_media":178199,"comment_status":"closed","ping_status":"closed","sticky":false,"template":"","format":"standard","meta":{"_acf_changed":false,"_jetpack_memberships_contains_paid_content":false,"footnotes":"","jetpack_publicize_message":"","jetpack_publicize_feature_enabled":true,"jetpack_social_post_already_shared":true,"jetpack_social_options":{"image_generator_settings":{"template":"highway","default_image_id":0,"font":"","enabled":false},"version":2}},"categories":[5],"tags":[],"class_list":["post-178198","post","type-post","status-publish","format-standard","has-post-thumbnail","hentry","category-futbol"],"acf":[],"jetpack_publicize_connections":[],"jetpack_featured_media_url":"https:\/\/i0.wp.com\/sportseco.com\/wp-content\/uploads\/2025\/01\/pepwham1.webp?fit=1620%2C911&ssl=1","jetpack_sharing_enabled":true,"_links":{"self":[{"href":"https:\/\/sportseco.com\/index.php?rest_route=\/wp\/v2\/posts\/178198","targetHints":{"allow":["GET"]}}],"collection":[{"href":"https:\/\/sportseco.com\/index.php?rest_route=\/wp\/v2\/posts"}],"about":[{"href":"https:\/\/sportseco.com\/index.php?rest_route=\/wp\/v2\/types\/post"}],"author":[{"embeddable":true,"href":"https:\/\/sportseco.com\/index.php?rest_route=\/wp\/v2\/users\/1"}],"replies":[{"embeddable":true,"href":"https:\/\/sportseco.com\/index.php?rest_route=%2Fwp%2Fv2%2Fcomments&post=178198"}],"version-history":[{"count":1,"href":"https:\/\/sportseco.com\/index.php?rest_route=\/wp\/v2\/posts\/178198\/revisions"}],"predecessor-version":[{"id":178200,"href":"https:\/\/sportseco.com\/index.php?rest_route=\/wp\/v2\/posts\/178198\/revisions\/178200"}],"wp:featuredmedia":[{"embeddable":true,"href":"https:\/\/sportseco.com\/index.php?rest_route=\/wp\/v2\/media\/178199"}],"wp:attachment":[{"href":"https:\/\/sportseco.com\/index.php?rest_route=%2Fwp%2Fv2%2Fmedia&parent=178198"}],"wp:term":[{"taxonomy":"category","embeddable":true,"href":"https:\/\/sportseco.com\/index.php?rest_route=%2Fwp%2Fv2%2Fcategories&post=178198"},{"taxonomy":"post_tag","embeddable":true,"href":"https:\/\/sportseco.com\/index.php?rest_route=%2Fwp%2Fv2%2Ftags&post=178198"}],"curies":[{"name":"wp","href":"https:\/\/api.w.org\/{rel}","templated":true}]}}