{"id":178353,"date":"2025-01-06T15:08:54","date_gmt":"2025-01-06T20:08:54","guid":{"rendered":"https:\/\/sportseco.com\/?p=178353"},"modified":"2025-01-06T15:09:00","modified_gmt":"2025-01-06T20:09:00","slug":"la-albufera-arrastra-el-reto-de-mejorar-sus-aguas-agravado-tras-el-desastre-de-la-dana","status":"publish","type":"post","link":"https:\/\/sportseco.com\/?p=178353","title":{"rendered":"La Albufera arrastra el reto de mejorar sus aguas, agravado tras el desastre de la dana"},"content":{"rendered":"\n<p>Val\u00e8ncia, 5 ene (EFE).- La Albufera de Val\u00e8ncia mantiene para 2025 los mismos retos que lleva arrastrando desde hace a\u00f1os: lograr la mejora de la calidad de sus aguas y revertir el proceso de eutrofizaci\u00f3n (exceso de fitoplancton) del lago, aunque todo ello agravado por el paso destructor de la dana del pasado 29 de octubre.<\/p>\n\n\n\n<p>As\u00ed lo plantean a EFE diferentes expertos, como bi\u00f3logos, ingenieros o ge\u00f3grafos, todos ellos vinculados a la Albufera, que se\u00f1alan que el principal reto en estos momentos es evaluar las consecuencias que las riadas ocurridas hace ya m\u00e1s de dos meses han dejado en el parque natural y, despu\u00e9s, recuperar la calidad del agua y devolverla a su estado claro anterior a la eutrofia que sufre desde el siglo pasado, que le da al lago su color verdoso y oscuro.<\/p>\n\n\n\n<h2 class=\"wp-block-heading\"><strong>La perturbaci\u00f3n de la dana<\/strong><\/h2>\n\n\n\n<p>Seg\u00fan el ge\u00f3grafo Carles Sanchis, presidente de la Junta Rectora del Parque Natural, la Albufera sufri\u00f3 aquel 29 de octubre \u00abuna perturbaci\u00f3n que ha hecho que se den temporalmente unos pasos atr\u00e1s\u00bb pero que no ha provocado, por el momento, un cambio de sus condiciones estructurales.<\/p>\n\n\n\n<p>Cree que si se act\u00faa \u00abcon rapidez\u00bb en la limpieza y retirada de todos aquellos elementos contaminantes que la riada arrastr\u00f3, tanto naturales como artificiales, se podr\u00e1 volver a la situaci\u00f3n que hab\u00eda el 28 de octubre \u00ablo m\u00e1s pronto posible\u00bb.<\/p>\n\n\n\n<p>Sanchis es optimista y conf\u00eda poder \u00abtener una primavera normal\u00bb donde se pueda retomar la campa\u00f1a del arroz, y destaca que se pondr\u00e1 en marcha \u00abun sistema de diagn\u00f3stico y de monitoreo\u00bb para, durante 2025, \u00abpoder detectar si se produce cualquier afecci\u00f3n o alteraci\u00f3n fuera de lo normal\u00bb.<\/p>\n\n\n\n<p>De un modo similar piensa el doctor en Ingenier\u00eda geod\u00e9sica Luis Blanch, quien forma parte de la comisi\u00f3n cient\u00edfica de la Albufera y se\u00f1ala que lo primero en este momento es evaluar la situaci\u00f3n para poder tomar las medidas necesarias, pues la situaci\u00f3n del humedal ya era complicada y ahora se ha agravado todav\u00eda m\u00e1s.<\/p>\n\n\n\n<p>Destaca que el lago recibi\u00f3 120 hect\u00f3metros c\u00fabicos de agua ese 29 de octubre, que podr\u00edan haber ayudado al lago debido al poder de diluci\u00f3n que tiene, si no fuera porque llegaron acompa\u00f1ados de elementos contaminantes como pl\u00e1sticos, envases de medicamentos o hidrocarburos.<\/p>\n\n\n\n<p>Adem\u00e1s, muchas depuradoras de la zona han dejado de funcionar como consecuencia de la riada, lo que ha provocado la llegada directa de aguas residuales a la Albufera.<\/p>\n\n\n\n<p>M\u00e1s pesimista se muestra el bi\u00f3logo Javier Jim\u00e9nez Romo, quien lleva a\u00f1os trabajando en el entorno de la Albufera y cree que la dana ha provocado un gran da\u00f1o a este espacio, pues aunque los humedales son \u00absistemas naturales muy resilientes\u00bb, a este le quedaba \u00abmuy poquita resiliencia\u00bb antes de esta cat\u00e1strofe natural.<\/p>\n\n\n\n<p>\u00abNo somos capaces de entender que nos ha ca\u00eddo encima una cat\u00e1strofe clim\u00e1tica y ambiental de primer grado\u00bb, afirma, y lamenta que se trate de minimizar el efecto que esto tendr\u00e1 en el parque natural y en aquellas personas que dependen de \u00e9l o que se act\u00fae sin tener un diagn\u00f3stico ni medidas consensuadas.<\/p>\n\n\n\n<h2 class=\"wp-block-heading\"><strong>Los mismos retos<\/strong><\/h2>\n\n\n\n<p>Los retos que afronta la Albufera, seg\u00fan los expertos consultados, son los mismos que ya arrastraba: recuperar la calidad del agua del humedal y devolverlo a su estado oligotr\u00f3fico (de aguas claras) anterior a la situaci\u00f3n de eutrofia que padece desde hace m\u00e1s de 50 a\u00f1os y que confiere al lago ese tono oscuro y verdoso.<\/p>\n\n\n\n<p>Para Luis Blanch, lo principal es \u00abevitar la llegada de aguas contaminadas a la Albufera\u00bb; no dragar el lago de forma general, pero s\u00ed puntualmente en aquellas zonas donde haya mucho dep\u00f3sito de sedimentos acumulado, y limpiar los canales de comunicaci\u00f3n.<\/p>\n\n\n\n<p>Carles Sanchis apunta que en los a\u00f1os 60 y 70 se rompieron \u00abtodos los equilibrios que hab\u00eda en el ecosistema\u00bb, debido a la cantidad de contaminantes y de aguas residuales que llegaban directamente desde toda el \u00e1rea metropolitana, \u00aby eso -advierte- todav\u00eda no lo hemos conseguido revertir por completo\u00bb.<\/p>\n\n\n\n<p>\u00abAh\u00ed est\u00e1 el desaf\u00edo\u00bb, afirma este investigador de la Universitat Polit\u00e8cnica de Val\u00e8ncia (UPV), quien a\u00f1ade que antes de que llegara la dana estaban tratando de organizar una reuni\u00f3n \u00abpara reflexionar y pensar\u00bb c\u00f3mo dar un paso m\u00e1s en la recuperaci\u00f3n de la Albufera y qu\u00e9 medidas habr\u00eda que tomar ahora para mejorar el sistema.<\/p>\n\n\n\n<p>Conf\u00eda en que, cuando se solucione la emergencia generada por esta cat\u00e1strofe, se retome esa agenda para ver c\u00f3mo avanzar para reducir la eutrofia del lago y hacer frente al proceso del cambio clim\u00e1tico, \u00abque est\u00e1 dificultando m\u00e1s esa tarea y adem\u00e1s va a imponer otros desaf\u00edos\u00bb.<\/p>\n\n\n\n<p>Javier Jim\u00e9nez, por su parte, coincide en algunos de los desaf\u00edos que tiene esta laguna de 21.000 hect\u00e1reas, situada a 10 kil\u00f3metros al sur de Val\u00e8ncia y que representa uno de los humedales m\u00e1s importantes del Mediterr\u00e1neo.<\/p>\n\n\n\n<p>No obstante, cree que los problemas que presenta este espacio natural protegido no podr\u00e1n solucionarse mientras no haya coordinaci\u00f3n entre las administraciones que gestionan el parque natural (el Estado, la Generalitat y trece ayuntamientos, entre ellos el de Val\u00e8ncia, propietario del parque).<\/p>\n\n\n\n<p>\u00abEn 40 a\u00f1os de parque natural las aguas siguen verdes y cualquier avance que ha habido son espejismos, porque todav\u00eda no ha habido un programa decidido por el cual se aporte a la&nbsp;Albufera el agua que necesita y se gestione de forma coordinada y con los recursos humanos y materiales que toca\u00bb, critica.<\/p>\n\n\n\n<h2 class=\"wp-block-heading\"><strong>Candidatura a Reserva de la Biosfera<\/strong><\/h2>\n\n\n\n<p>Tanto Sanchis como Blanch creen que los efectos de la dana no afectar\u00e1n a la candidatura de Albufera a ser declarada Reserva de la Biosfera por la Unesco, mientras que Jim\u00e9nez pide reflexionar sobre la necesidad de optar a una nueva figura de protecci\u00f3n, cuando, a su juicio, no se cumple con lo que ya se tiene.<\/p>\n\n\n\n<p>Este bi\u00f3logo recuerda que la Albufera es Parque Natural desde 1986, forma parte de la Red Natura 2000 europea y est\u00e1 en la Lista Ramsar de humedales, y considera que \u00abuna medallita m\u00e1s no va a implicar una mejora en el ecosistema\u00bb; a su juicio, el problema de la Albufera no es de figuras de protecci\u00f3n, sino de \u00abdecisi\u00f3n pol\u00edtica y, sobre todo, de dotaci\u00f3n de recursos\u00bb.<\/p>\n\n\n\n<p>\u00abLa&nbsp;Albufera&nbsp;se merecer\u00eda el \u00d3scar a los parques naturales del universo, pero si hablamos de la gesti\u00f3n, no creo que en estos momentos podamos enorgullecernos de la gesti\u00f3n y reclamar un reconocimiento\u00bb, manifiesta.<\/p>\n\n\n\n<p>Blanch, por su parte, cree que lograr este reconocimiento ser\u00e1 bueno pero advierte de que lo importante es que exista una coordinaci\u00f3n y compatibilidad entre los diferentes usos de este espacio, donde conviven el medio ambiente, el turismo, la agricultura, la caza, la pesca o la hosteler\u00eda. EFE<\/p>\n","protected":false},"excerpt":{"rendered":"<p>Val\u00e8ncia, 5 ene (EFE).- La Albufera de Val\u00e8ncia mantiene para 2025 los mismos retos que lleva arrastrando desde hace a\u00f1os: lograr la mejora de la calidad de sus aguas y revertir el proceso de eutrofizaci\u00f3n (exceso de fitoplancton) del lago, aunque todo ello agravado por el paso destructor de la dana del pasado 29 de [&hellip;]<\/p>\n","protected":false},"author":1,"featured_media":178354,"comment_status":"closed","ping_status":"closed","sticky":false,"template":"","format":"standard","meta":{"_acf_changed":false,"_jetpack_memberships_contains_paid_content":false,"footnotes":"","jetpack_publicize_message":"","jetpack_publicize_feature_enabled":true,"jetpack_social_post_already_shared":true,"jetpack_social_options":{"image_generator_settings":{"template":"highway","default_image_id":0,"font":"","enabled":false},"version":2}},"categories":[6],"tags":[],"class_list":["post-178353","post","type-post","status-publish","format-standard","has-post-thumbnail","hentry","category-ecologia"],"acf":[],"jetpack_publicize_connections":[],"jetpack_featured_media_url":"https:\/\/i0.wp.com\/sportseco.com\/wp-content\/uploads\/2025\/01\/Un-grupo-de-aves-se-alimenta-en-unos-campos-de-la-Albufera.-EFEManuel-Bruque.jpg?fit=1200%2C800&ssl=1","jetpack_sharing_enabled":true,"_links":{"self":[{"href":"https:\/\/sportseco.com\/index.php?rest_route=\/wp\/v2\/posts\/178353","targetHints":{"allow":["GET"]}}],"collection":[{"href":"https:\/\/sportseco.com\/index.php?rest_route=\/wp\/v2\/posts"}],"about":[{"href":"https:\/\/sportseco.com\/index.php?rest_route=\/wp\/v2\/types\/post"}],"author":[{"embeddable":true,"href":"https:\/\/sportseco.com\/index.php?rest_route=\/wp\/v2\/users\/1"}],"replies":[{"embeddable":true,"href":"https:\/\/sportseco.com\/index.php?rest_route=%2Fwp%2Fv2%2Fcomments&post=178353"}],"version-history":[{"count":1,"href":"https:\/\/sportseco.com\/index.php?rest_route=\/wp\/v2\/posts\/178353\/revisions"}],"predecessor-version":[{"id":178355,"href":"https:\/\/sportseco.com\/index.php?rest_route=\/wp\/v2\/posts\/178353\/revisions\/178355"}],"wp:featuredmedia":[{"embeddable":true,"href":"https:\/\/sportseco.com\/index.php?rest_route=\/wp\/v2\/media\/178354"}],"wp:attachment":[{"href":"https:\/\/sportseco.com\/index.php?rest_route=%2Fwp%2Fv2%2Fmedia&parent=178353"}],"wp:term":[{"taxonomy":"category","embeddable":true,"href":"https:\/\/sportseco.com\/index.php?rest_route=%2Fwp%2Fv2%2Fcategories&post=178353"},{"taxonomy":"post_tag","embeddable":true,"href":"https:\/\/sportseco.com\/index.php?rest_route=%2Fwp%2Fv2%2Ftags&post=178353"}],"curies":[{"name":"wp","href":"https:\/\/api.w.org\/{rel}","templated":true}]}}