{"id":178578,"date":"2025-01-09T09:18:45","date_gmt":"2025-01-09T14:18:45","guid":{"rendered":"https:\/\/sportseco.com\/?p=178578"},"modified":"2025-01-09T09:18:50","modified_gmt":"2025-01-09T14:18:50","slug":"dia-del-ascenso-en-globo-9-de-enero","status":"publish","type":"post","link":"https:\/\/sportseco.com\/?p=178578","title":{"rendered":"D\u00eda del Ascenso en Globo, 9 de enero"},"content":{"rendered":"\n<p>El 9 de enero de cada a\u00f1o los estadounidenses deciden celebrar el&nbsp;<strong>D\u00eda del Ascenso en Globo<\/strong>, un evento que ocurri\u00f3 por primera vez en la ciudad de Philadelphia, espec\u00edficamente en la Plaza de la Independencia, en 1973.<\/p>\n\n\n\n<p>All\u00ed fue donde el aeronauta e inventor franc\u00e9s&nbsp;<strong><em>Jean Paul Blanchard<\/em><\/strong>, decidi\u00f3 hacer su primer vuelo oficial en globo. Ser\u00eda exactamente el 9 de enero de 1793. \u00c9poca en que a\u00fan no se hab\u00eda inventado ning\u00fan artilugio volador que fuese efectivo y conquistar los cielos era m\u00e1s un hermoso sue\u00f1o que una realidad. Sin embargo, el primer vuelo del se\u00f1or Blanchard, alcanzar\u00eda la altura nada despreciable de 364 metros y dejar\u00eda maravillados a todos los presentes, incluyendo al mism\u00edsimo George Washington, qui\u00e9n cuenta la historia que hab\u00eda pedido al inventor hacer semejante proeza juntos.<\/p>\n\n\n\n<figure class=\"wp-block-embed is-type-rich is-provider-gestor-del-servicio wp-block-embed-gestor-del-servicio wp-embed-aspect-16-9 wp-has-aspect-ratio\"><div class=\"wp-block-embed__wrapper\">\n<iframe loading=\"lazy\" title=\"R\u00e9cord mundial de ascenso en masa de globos aerost\u00e1ticos en Francia\" width=\"640\" height=\"360\" src=\"https:\/\/www.youtube.com\/embed\/GQO_nA458KY?feature=oembed\" frameborder=\"0\" allow=\"accelerometer; autoplay; clipboard-write; encrypted-media; gyroscope; picture-in-picture; web-share\" referrerpolicy=\"strict-origin-when-cross-origin\" allowfullscreen><\/iframe>\n<\/div><\/figure>\n\n\n\n<p>R\u00e9cord mundial de ascenso en masa de globos aerost\u00e1ticos en Francia<\/p>\n\n\n\n<h2 class=\"wp-block-heading\" id=\"resTit_2\">El primer viaje en globo aerost\u00e1tico<\/h2>\n\n\n\n<p>No obstante, esta celebraci\u00f3n se refiere al primer vuelo que ocurri\u00f3 en territorio estadounidense y no al primer vuelo de la historia, el cual ocurri\u00f3 el 4 de junio de 1783 de la mano de los&nbsp;<em>hermanos Montgolfier<\/em>, residentes de la poblaci\u00f3n de Avignon parte de los Estados Particulares en Annonay.Los hermanos Montgolfier son los verdaderos padres de este invento, considerado como el primer trasporte a\u00e9reo de la historia.<\/p>\n\n\n\n<p><\/p>\n\n\n\n<h2 class=\"wp-block-heading\" id=\"resTit_3\">La literatura y los globos aerost\u00e1ticos<\/h2>\n\n\n\n<p>Para nadie es un secreto que cada nuevo avance tecnol\u00f3gico es asimilado por el mundo de la narrativa. As\u00ed encontramos varias historias que se desarrollaron a bordo de un globo, como por ejemplo:<\/p>\n\n\n\n<ul class=\"wp-block-list\">\n<li><strong>La vuelta al mundo en 80 d\u00edas<\/strong>, obra del genial Julio Verne, que trata de una gran aventura, una apuesta y un triunfo un tanto particular.<\/li>\n\n\n\n<li><strong>5 semanas en globo<\/strong>. Otra obra de Julio Verne que relata c\u00f3mo es viajar en globo sobre \u00c1frica.<\/li>\n\n\n\n<li><strong>El viaje en globo del ingeniero Andr\u00e9e<\/strong>. Se trata de una historia real de un expedicionario que intento alcanzar el polo norte en globo, escrita por Olof Sundman.<\/li>\n\n\n\n<li><strong>La aventura sin par de un tal Hans Pfaall<\/strong>. Una obra poco conocida de Edgard Allan Poe, donde un hombre se aventura a llegar hasta la luna en globo. Aunque hoy sabemos que es imposible, para la \u00e9poca pod\u00eda parecer bastante factible.<\/li>\n<\/ul>\n\n\n\n<p><\/p>\n\n\n\n<p>diainternacionalde.com<\/p>\n","protected":false},"excerpt":{"rendered":"<p>El 9 de enero de cada a\u00f1o los estadounidenses deciden celebrar el&nbsp;D\u00eda del Ascenso en Globo, un evento que ocurri\u00f3 por primera vez en la ciudad de Philadelphia, espec\u00edficamente en la Plaza de la Independencia, en 1973. All\u00ed fue donde el aeronauta e inventor franc\u00e9s&nbsp;Jean Paul Blanchard, decidi\u00f3 hacer su primer vuelo oficial en globo. [&hellip;]<\/p>\n","protected":false},"author":1,"featured_media":178580,"comment_status":"closed","ping_status":"closed","sticky":false,"template":"","format":"standard","meta":{"_acf_changed":false,"_jetpack_memberships_contains_paid_content":false,"footnotes":"","jetpack_publicize_message":"","jetpack_publicize_feature_enabled":true,"jetpack_social_post_already_shared":true,"jetpack_social_options":{"image_generator_settings":{"template":"highway","default_image_id":0,"font":"","enabled":false},"version":2}},"categories":[6],"tags":[],"class_list":["post-178578","post","type-post","status-publish","format-standard","has-post-thumbnail","hentry","category-ecologia"],"acf":[],"jetpack_publicize_connections":[],"jetpack_featured_media_url":"https:\/\/i0.wp.com\/sportseco.com\/wp-content\/uploads\/2025\/01\/01-09_dia-ascenso-en-globo.jpg?fit=305%2C199&ssl=1","jetpack_sharing_enabled":true,"_links":{"self":[{"href":"https:\/\/sportseco.com\/index.php?rest_route=\/wp\/v2\/posts\/178578","targetHints":{"allow":["GET"]}}],"collection":[{"href":"https:\/\/sportseco.com\/index.php?rest_route=\/wp\/v2\/posts"}],"about":[{"href":"https:\/\/sportseco.com\/index.php?rest_route=\/wp\/v2\/types\/post"}],"author":[{"embeddable":true,"href":"https:\/\/sportseco.com\/index.php?rest_route=\/wp\/v2\/users\/1"}],"replies":[{"embeddable":true,"href":"https:\/\/sportseco.com\/index.php?rest_route=%2Fwp%2Fv2%2Fcomments&post=178578"}],"version-history":[{"count":1,"href":"https:\/\/sportseco.com\/index.php?rest_route=\/wp\/v2\/posts\/178578\/revisions"}],"predecessor-version":[{"id":178581,"href":"https:\/\/sportseco.com\/index.php?rest_route=\/wp\/v2\/posts\/178578\/revisions\/178581"}],"wp:featuredmedia":[{"embeddable":true,"href":"https:\/\/sportseco.com\/index.php?rest_route=\/wp\/v2\/media\/178580"}],"wp:attachment":[{"href":"https:\/\/sportseco.com\/index.php?rest_route=%2Fwp%2Fv2%2Fmedia&parent=178578"}],"wp:term":[{"taxonomy":"category","embeddable":true,"href":"https:\/\/sportseco.com\/index.php?rest_route=%2Fwp%2Fv2%2Fcategories&post=178578"},{"taxonomy":"post_tag","embeddable":true,"href":"https:\/\/sportseco.com\/index.php?rest_route=%2Fwp%2Fv2%2Ftags&post=178578"}],"curies":[{"name":"wp","href":"https:\/\/api.w.org\/{rel}","templated":true}]}}