{"id":178608,"date":"2025-01-09T18:01:03","date_gmt":"2025-01-09T23:01:03","guid":{"rendered":"https:\/\/sportseco.com\/?p=178608"},"modified":"2025-01-09T18:01:07","modified_gmt":"2025-01-09T23:01:07","slug":"la-omm-y-la-iniciativa-de-investigacion-de-montana-fortalecen-su-colaboracionnoticias","status":"publish","type":"post","link":"https:\/\/sportseco.com\/?p=178608","title":{"rendered":"La OMM y la Iniciativa de Investigaci\u00f3n de Monta\u00f1a fortalecen su colaboraci\u00f3nNoticias"},"content":{"rendered":"\n<p>La OMM y la Iniciativa de Investigaci\u00f3n de Monta\u00f1a han acordado colaborar m\u00e1s estrechamente en vista del creciente impacto de la crisis clim\u00e1tica en los ecosistemas, las econom\u00edas y las comunidades de monta\u00f1a.<\/p>\n\n\n\n<p>Reba\u00f1o de yaks pastando en una llanura seca con una cadena monta\u00f1osa cubierta de nieve al fondo bajo un cielo azul claro.<br \/>Concurso del Calendario 2025 de la OMM &#8211; Menci\u00f3n de honor &#8211; Ye Dong<br \/>Un nuevo Memorando de Entendimiento, que consolida una d\u00e9cada de colaboraci\u00f3n, busca aprovechar el poder conjunto de estas comunidades diversas para involucrar a estas comunidades diversas, reunir los datos disponibles y mejorar la fiabilidad de los pron\u00f3sticos y predicciones.<\/p>\n\n\n\n<p>\u201cJuntos podemos influir mejor en los principales marcos de pol\u00edticas internacionales y en las iniciativas internacionales de alto nivel sobre el clima, el tiempo y el agua para permitir acciones concretas para abordar los impactos de los ecosistemas de monta\u00f1a y la criosfera, a nivel regional y mundial\u201d, dijo la Secretaria General de la OMM, Celeste Saulo.<\/p>\n\n\n\n<p>\u00abEl fortalecimiento de la colaboraci\u00f3n entre el MRI y la OMM subraya la importancia de fomentar el conocimiento para la acci\u00f3n al servicio de las sociedades de todo el mundo. Llama la atenci\u00f3n urgente sobre las regiones monta\u00f1osas, donde las biosferas y criosferas son particularmente vulnerables al cambio clim\u00e1tico global y donde las comunidades participan activamente en la adaptaci\u00f3n a sus impactos\u00bb, dijo J\u00f6rg Balsiger, profesor de Desarrollo Sostenible en la Universidad de Ginebra y presidente de la Iniciativa de Investigaci\u00f3n de Monta\u00f1a, que conecta a m\u00e1s de 10.000 expertos de m\u00e1s de 160 pa\u00edses.<\/p>\n\n\n\n<p>Firmaron el Memorando de Entendimiento al inicio del A\u00f1o Internacional de la Preservaci\u00f3n de los Glaciares 2025. Adem\u00e1s, la Asamblea General de las Naciones Unidas ha declarado 2023-2027 como los \u00abCinco a\u00f1os de acci\u00f3n para el desarrollo de las regiones monta\u00f1osas\u00bb. Estos buscan aumentar la conciencia sobre el papel vital que desempe\u00f1an los glaciares, la nieve y el hielo en el sistema clim\u00e1tico y el ciclo hidrol\u00f3gico, as\u00ed como los impactos de largo alcance del r\u00e1pido derretimiento de los glaciares y sus impactos en las econom\u00edas y las comunidades.<\/p>\n\n\n\n<p>Los estudios han demostrado que las temperaturas en las zonas altas est\u00e1n aumentando entre 1,5 y 2 veces m\u00e1s r\u00e1pido que el promedio mundial. Las monta\u00f1as se consideran \u201cpuntos calientes\u201d para los impactos del cambio clim\u00e1tico. El derretimiento de la nieve y el hielo tambi\u00e9n reduce la capacidad de reflejar los rayos del sol y, por lo tanto, absorbe m\u00e1s calor en lo que se conoce como un ciclo de retroalimentaci\u00f3n clim\u00e1tica.<\/p>\n\n\n\n<p>Las monta\u00f1as son vitales para los recursos h\u00eddricos mundiales, la biodiversidad y los ecosistemas, as\u00ed como para el turismo y la recreaci\u00f3n. Al mismo tiempo, plantean un riesgo cada vez mayor de peligros naturales (por ejemplo, desbordes de lagos glaciares y deslizamientos de tierra).<\/p>\n\n\n\n<p>A pesar de su importancia, las monta\u00f1as reciben poca atenci\u00f3n en los acuerdos internacionales. El Acuerdo de Par\u00eds sobre el cambio clim\u00e1tico no menciona las monta\u00f1as y la criosfera, mientras que los Objetivos de Desarrollo Sostenible solo hacen una breve referencia.<\/p>\n\n\n\n<p>En la mayor\u00eda de los pa\u00edses, la responsabilidad de la informaci\u00f3n y los servicios hidrometeorol\u00f3gicos para las regiones monta\u00f1osas recae en m\u00faltiples agencias, ministerios y partes interesadas.<\/p>\n\n\n\n<p>El valor de la colaboraci\u00f3n entre la OMM y la Iniciativa de Investigaci\u00f3n de Monta\u00f1a qued\u00f3 demostrado con el \u00e9xito de la Cumbre de Alta Monta\u00f1a de la OMM (2019) y las acciones impulsadas por ese evento mundial.<\/p>\n\n\n\n<p>Dos personas est\u00e1n sentadas en una mesa, d\u00e1ndose la mano sobre documentos firmados. Hay bol\u00edgrafos colocados sobre los papeles. El fondo muestra grandes ventanales con vistas a la vegetaci\u00f3n.<br \/>Celeste Saulo, Secretaria General de la OMM y J\u00f6rg Balsiger, Presidente de la Iniciativa de Investigaci\u00f3n de Monta\u00f1a<br \/>Colaboraci\u00f3n propuesta:<\/p>\n\n\n\n<p>El acuerdo prev\u00e9 una cooperaci\u00f3n m\u00e1s estrecha en varias \u00e1reas, entre ellas:<\/p>\n\n\n\n<p>Observaciones y vigilancia de las monta\u00f1as, acceso a los datos, avance de la investigaci\u00f3n, productos de informaci\u00f3n innovadores, evaluaciones, etc.<br \/>Transferencia de conocimientos a trav\u00e9s de plataformas cient\u00edfico-normativas para la toma de decisiones en actividades de divulgaci\u00f3n de pol\u00edticas nacionales, regionales y mundiales.<br \/>Intercambio de datos e informaci\u00f3n de estaciones y observatorios en regiones monta\u00f1osas, tal como los gestiona la comunidad de investigaci\u00f3n y de los organismos hidrometeorol\u00f3gicos nacionales. La Iniciativa de Investigaci\u00f3n de Monta\u00f1a es una red internacional de coordinaci\u00f3n de investigaciones que conecta a investigadores de monta\u00f1a, directivos, instituciones gubernamentales y no gubernamentales y el sector privado.<\/p>\n\n\n\n<p>La Oficina de Coordinaci\u00f3n de la Iniciativa de Investigaci\u00f3n de Monta\u00f1a se fund\u00f3 en 2001 y cuenta con el apoyo financiero b\u00e1sico de la Academia Suiza de Ciencias (SCNAT). Su sede est\u00e1 en la Universidad de Berna, el Centro para el Desarrollo y el Medio Ambiente.<\/p>\n\n\n\n<p><\/p>\n\n\n\n<p>wmo.int<\/p>\n","protected":false},"excerpt":{"rendered":"<p>La OMM y la Iniciativa de Investigaci\u00f3n de Monta\u00f1a han acordado colaborar m\u00e1s estrechamente en vista del creciente impacto de la crisis clim\u00e1tica en los ecosistemas, las econom\u00edas y las comunidades de monta\u00f1a. Reba\u00f1o de yaks pastando en una llanura seca con una cadena monta\u00f1osa cubierta de nieve al fondo bajo un cielo azul claro.Concurso [&hellip;]<\/p>\n","protected":false},"author":1,"featured_media":178609,"comment_status":"closed","ping_status":"closed","sticky":false,"template":"","format":"standard","meta":{"_acf_changed":false,"_jetpack_memberships_contains_paid_content":false,"footnotes":"","jetpack_publicize_message":"","jetpack_publicize_feature_enabled":true,"jetpack_social_post_already_shared":true,"jetpack_social_options":{"image_generator_settings":{"template":"highway","default_image_id":0,"font":"","enabled":false},"version":2}},"categories":[6],"tags":[],"class_list":["post-178608","post","type-post","status-publish","format-standard","has-post-thumbnail","hentry","category-ecologia"],"acf":[],"jetpack_publicize_connections":[],"jetpack_featured_media_url":"https:\/\/i0.wp.com\/sportseco.com\/wp-content\/uploads\/2025\/01\/53949706494_5ce90f866a_o.jpg?fit=1536%2C1024&ssl=1","jetpack_sharing_enabled":true,"_links":{"self":[{"href":"https:\/\/sportseco.com\/index.php?rest_route=\/wp\/v2\/posts\/178608","targetHints":{"allow":["GET"]}}],"collection":[{"href":"https:\/\/sportseco.com\/index.php?rest_route=\/wp\/v2\/posts"}],"about":[{"href":"https:\/\/sportseco.com\/index.php?rest_route=\/wp\/v2\/types\/post"}],"author":[{"embeddable":true,"href":"https:\/\/sportseco.com\/index.php?rest_route=\/wp\/v2\/users\/1"}],"replies":[{"embeddable":true,"href":"https:\/\/sportseco.com\/index.php?rest_route=%2Fwp%2Fv2%2Fcomments&post=178608"}],"version-history":[{"count":1,"href":"https:\/\/sportseco.com\/index.php?rest_route=\/wp\/v2\/posts\/178608\/revisions"}],"predecessor-version":[{"id":178610,"href":"https:\/\/sportseco.com\/index.php?rest_route=\/wp\/v2\/posts\/178608\/revisions\/178610"}],"wp:featuredmedia":[{"embeddable":true,"href":"https:\/\/sportseco.com\/index.php?rest_route=\/wp\/v2\/media\/178609"}],"wp:attachment":[{"href":"https:\/\/sportseco.com\/index.php?rest_route=%2Fwp%2Fv2%2Fmedia&parent=178608"}],"wp:term":[{"taxonomy":"category","embeddable":true,"href":"https:\/\/sportseco.com\/index.php?rest_route=%2Fwp%2Fv2%2Fcategories&post=178608"},{"taxonomy":"post_tag","embeddable":true,"href":"https:\/\/sportseco.com\/index.php?rest_route=%2Fwp%2Fv2%2Ftags&post=178608"}],"curies":[{"name":"wp","href":"https:\/\/api.w.org\/{rel}","templated":true}]}}