{"id":178650,"date":"2025-01-10T10:55:03","date_gmt":"2025-01-10T15:55:03","guid":{"rendered":"https:\/\/sportseco.com\/?p=178650"},"modified":"2025-01-10T10:55:08","modified_gmt":"2025-01-10T15:55:08","slug":"el-mediterraneo-es-un-punto-caliente-del-cambio-climatico-segun-copernicus","status":"publish","type":"post","link":"https:\/\/sportseco.com\/?p=178650","title":{"rendered":"El Mediterr\u00e1neo es un \u00abpunto caliente\u00bb del cambio clim\u00e1tico, seg\u00fan Copernicus"},"content":{"rendered":"\n<p><strong>Berl\u00edn, 10 ene (EFEverde).- El Servicio de Cambio Clim\u00e1tico de Copernicus (C3S), el programa de observaci\u00f3n de la Tierra de la Uni\u00f3n Europea, se\u00f1al\u00f3 el Mediterr\u00e1neo como \u00abpunto caliente\u00bb del cambio clim\u00e1tico, que se est\u00e1 viendo afectado por una combinaci\u00f3n de fen\u00f3menos que van desde olas de calor extremo hasta precipitaciones intensas.<\/strong><\/p>\n\n\n\n<p>\u00abEuropa se est\u00e1 calentando m\u00e1s r\u00e1pido que la media mundial. En este sentido, el Mediterr\u00e1neo representa, sin duda, un punto caliente, por as\u00ed decirlo, del cambio clim\u00e1tico\u00bb, se\u00f1al\u00f3 el director del C3S, Carlo Buontempo, en una rueda de prensa para presentar los datos sobre 2024, que fue el a\u00f1o m\u00e1s c\u00e1lido documentado a nivel global desde que hay registros y el primero en que la temperatura media super\u00f3 en 1,5 \u00b0C el nivel preindustrial, periodo que abarca desde 1850 a 1900.<\/p>\n\n\n\n<p>Precis\u00f3 que la regi\u00f3n mediterr\u00e1nea se est\u00e1 viendo especialmente afectada por una combinaci\u00f3n de cambios clim\u00e1ticos, que incluye, por ejemplo, olas de calor m\u00e1s frecuentes y severas, con un estr\u00e9s t\u00e9rmico m\u00e1s fuerte.<\/p>\n\n\n\n<p>\u00abHemos visto algunos ejemplos de ello en los dos \u00faltimos a\u00f1os, con temperaturas r\u00e9cord tanto en Espa\u00f1a como en Italia, que han alcanzado niveles muy cercanos al r\u00e9cord absoluto de Europa o que lo han batido\u00bb, afirm\u00f3.<\/p>\n\n\n\n<p>Tambi\u00e9n son de esperar sequ\u00edas prolongadas y un aumento de los d\u00edas propensos al riesgo de incendios, pero al mismo tiempo, un aumento de precipitaciones m\u00e1s intensas.<\/p>\n\n\n\n<p>Buontempo se refiri\u00f3 a varios ejemplos en los \u00faltimos a\u00f1os, como la dana que provoc\u00f3 lluvias torrenciales en octubre pasado en Valencia, en el noroeste de Espa\u00f1a, que dejaron m\u00e1s de 200 muertos, pero tambi\u00e9n aludi\u00f3 a Eslovenia, la Rep\u00fablica Checa y Grecia, entre otros pa\u00edses, que se caracterizaron por condiciones extremas, y que es probable que aumenten, dijo.<\/p>\n\n\n\n<p>\u00abEuropa sigue calent\u00e1ndose aproximadamente al doble de la media global\u00bb, indic\u00f3 por su parte Samantha Burguess, responsable estrat\u00e9gica de Clima del Centro Europeo de Previsiones Meteorol\u00f3gicas a Plazo Medio (CEPMPM).<\/p>\n\n\n\n<p>Precis\u00f3 que en lo que respecta a Europa, la temperatura media en 2024 se situ\u00f3 en 10,69 \u00b0C, y 1,47 \u00b0C por encima de la media en el periodo de referencia entre 1991 y 2020 y y 0,28 \u00b0C m\u00e1s c\u00e1lida que el r\u00e9cord anterior establecido en 2020. EFEverde<\/p>\n","protected":false},"excerpt":{"rendered":"<p>Berl\u00edn, 10 ene (EFEverde).- El Servicio de Cambio Clim\u00e1tico de Copernicus (C3S), el programa de observaci\u00f3n de la Tierra de la Uni\u00f3n Europea, se\u00f1al\u00f3 el Mediterr\u00e1neo como \u00abpunto caliente\u00bb del cambio clim\u00e1tico, que se est\u00e1 viendo afectado por una combinaci\u00f3n de fen\u00f3menos que van desde olas de calor extremo hasta precipitaciones intensas. \u00abEuropa se est\u00e1 [&hellip;]<\/p>\n","protected":false},"author":1,"featured_media":178651,"comment_status":"closed","ping_status":"closed","sticky":false,"template":"","format":"standard","meta":{"_acf_changed":false,"_jetpack_memberships_contains_paid_content":false,"footnotes":"","jetpack_publicize_message":"","jetpack_publicize_feature_enabled":true,"jetpack_social_post_already_shared":true,"jetpack_social_options":{"image_generator_settings":{"template":"highway","default_image_id":0,"font":"","enabled":false},"version":2}},"categories":[6],"tags":[],"class_list":["post-178650","post","type-post","status-publish","format-standard","has-post-thumbnail","hentry","category-ecologia"],"acf":[],"jetpack_publicize_connections":[],"jetpack_featured_media_url":"https:\/\/i0.wp.com\/sportseco.com\/wp-content\/uploads\/2025\/01\/CRISIS-CLIMATICA.jpg?fit=1920%2C1273&ssl=1","jetpack_sharing_enabled":true,"_links":{"self":[{"href":"https:\/\/sportseco.com\/index.php?rest_route=\/wp\/v2\/posts\/178650","targetHints":{"allow":["GET"]}}],"collection":[{"href":"https:\/\/sportseco.com\/index.php?rest_route=\/wp\/v2\/posts"}],"about":[{"href":"https:\/\/sportseco.com\/index.php?rest_route=\/wp\/v2\/types\/post"}],"author":[{"embeddable":true,"href":"https:\/\/sportseco.com\/index.php?rest_route=\/wp\/v2\/users\/1"}],"replies":[{"embeddable":true,"href":"https:\/\/sportseco.com\/index.php?rest_route=%2Fwp%2Fv2%2Fcomments&post=178650"}],"version-history":[{"count":1,"href":"https:\/\/sportseco.com\/index.php?rest_route=\/wp\/v2\/posts\/178650\/revisions"}],"predecessor-version":[{"id":178652,"href":"https:\/\/sportseco.com\/index.php?rest_route=\/wp\/v2\/posts\/178650\/revisions\/178652"}],"wp:featuredmedia":[{"embeddable":true,"href":"https:\/\/sportseco.com\/index.php?rest_route=\/wp\/v2\/media\/178651"}],"wp:attachment":[{"href":"https:\/\/sportseco.com\/index.php?rest_route=%2Fwp%2Fv2%2Fmedia&parent=178650"}],"wp:term":[{"taxonomy":"category","embeddable":true,"href":"https:\/\/sportseco.com\/index.php?rest_route=%2Fwp%2Fv2%2Fcategories&post=178650"},{"taxonomy":"post_tag","embeddable":true,"href":"https:\/\/sportseco.com\/index.php?rest_route=%2Fwp%2Fv2%2Ftags&post=178650"}],"curies":[{"name":"wp","href":"https:\/\/api.w.org\/{rel}","templated":true}]}}