{"id":179231,"date":"2025-01-21T08:52:30","date_gmt":"2025-01-21T13:52:30","guid":{"rendered":"https:\/\/sportseco.com\/?p=179231"},"modified":"2025-01-21T08:52:34","modified_gmt":"2025-01-21T13:52:34","slug":"el-altius-de-oro-cierra-un-ano-inolvidable-para-angel-barajas","status":"publish","type":"post","link":"https:\/\/sportseco.com\/?p=179231","title":{"rendered":"El Altius de oro cierra un a\u00f1o inolvidable para \u00c1ngel Barajas\u00a0"},"content":{"rendered":"\n<figure class=\"wp-block-image\"><img data-recalc-dims=\"1\" height=\"360\" width=\"640\" decoding=\"async\" src=\"https:\/\/i0.wp.com\/olimpicocol.co\/web\/wp-content\/uploads\/2025\/01\/1T3A5513-1200x675.jpg?resize=640%2C360&#038;ssl=1\" alt=\"\"\/><\/figure>\n\n\n\n<p>Con la primera medalla ol\u00edmpica en la historia de la gimnasia art\u00edstica colombiana,&nbsp;<strong>\u00c1ngel Gabriel Barajas Vivas<\/strong>&nbsp;recibi\u00f3 en la velada de este lunes 20 de enero el&nbsp;<strong>Altius de oro&nbsp;<\/strong>como el atleta m\u00e1s destacado del a\u00f1o 2024, en deportes pertenecientes al programa de los&nbsp;<strong>Juegos Ol\u00edmpicos<\/strong>.&nbsp;<\/p>\n\n\n\n<p>En el&nbsp;<strong>Centro Empresarial Salitre<\/strong>&nbsp;de la C\u00e1mara de Comercio de Bogot\u00e1, se realiz\u00f3 con \u00e9xito la d\u00e9cimo segunda edici\u00f3n de los&nbsp;<strong>Premios Altius<\/strong>, donde el cucute\u00f1o de 18 a\u00f1os se adjudic\u00f3 el&nbsp;<strong>Altius de oro<\/strong>&nbsp;como el mejor deportista de la temporada 2024, tras la cuidadosa evaluaci\u00f3n de los jurados.&nbsp;<\/p>\n\n\n\n<p><strong>\u00c1ngel<\/strong>&nbsp;obtuvo el m\u00e1ximo galard\u00f3n de la noche gracias al subcampeonato ol\u00edmpico, en la barra fija, durante&nbsp;<strong>Par\u00eds 2024<\/strong>. Esta presea ol\u00edmpica fue la primera en la historia de la gimnasia ol\u00edmpica colombiana, por lo que este resultado marc\u00f3 la diferencia con respecto a los otros nominados al m\u00e1ximo premio. El podio de la categor\u00eda lo completaron los pesistas y medallistas en Par\u00eds 2024<strong>&nbsp;Yeison L\u00f3pez<\/strong>&nbsp;y&nbsp;<strong>Mari Leivis S\u00e1nchez<\/strong>, en el segundo lugar, y la luchadora<strong>&nbsp;Tatiana Renter\u00eda<\/strong>&nbsp;obtuvo el tercer puesto gracias a su presea de bronce en las justas parisinas.&nbsp;<\/p>\n\n\n\n<p>Durante el pasado 5 de agosto, a sus 17 a\u00f1os,&nbsp;<strong>\u00c1ngel Barajas&nbsp;<\/strong>consigui\u00f3 el subcampeonato en la barra fija con una calificaci\u00f3n de&nbsp;<strong>14.533<\/strong>, producto de una dificultad de&nbsp;<strong>6.600<\/strong>&nbsp;y una ejecuci\u00f3n de<strong>&nbsp;7.933<\/strong>. Su primera participaci\u00f3n en los Juegos Ol\u00edmpicos fue la misma que la del japon\u00e9s&nbsp;<strong>Shinnosuke Oka<\/strong>, sin embargo, el asi\u00e1tico obtuvo la medalla de oro debido a que su calificaci\u00f3n en ejecuci\u00f3n fue m\u00e1s alta que la del colombiano.&nbsp;<\/p>\n\n\n\n<p>Adicionalmente,&nbsp;<strong>\u00c1ngel<\/strong>&nbsp;tambi\u00e9n se destac\u00f3 en las&nbsp;<strong>Copas del Mundo&nbsp;<\/strong>previas a los Juegos Ol\u00edmpicos de Par\u00eds con las medallas de bronce en barra fija en el<strong>&nbsp;Cairo<\/strong>&nbsp;(Egipto) y en&nbsp;<strong>Bak\u00fa&nbsp;<\/strong>(Azerbaiy\u00e1n), adem\u00e1s del bronce en las barras paralelas durante la mencionada parada en el pa\u00eds asi\u00e1tico. Estos cert\u00e1menes fueron la v\u00eda de clasificaci\u00f3n ol\u00edmpica para el cucute\u00f1o que estuvo acompa\u00f1ado por el experimentado&nbsp;<strong>Jossimar Calvo<\/strong>.&nbsp;<\/p>\n\n\n\n<p>Precisamente, la presea de plata ol\u00edmpica de<strong>&nbsp;\u00c1ngel&nbsp;<\/strong>super\u00f3 el registro previo que nuestro pa\u00eds ten\u00eda. En la edici\u00f3n de las justas ol\u00edmpicas de<strong>&nbsp;R\u00edo 2016<\/strong>,<strong>&nbsp;Jossimar&nbsp;<\/strong>llegaba como el segundo colombiano clasificado para los Juegos Ol\u00edmpicos en la disciplina, tras lo hecho por&nbsp;<strong>Jorge Hugo Giraldo<\/strong>&nbsp;en Atenas 2004, Beijing 2008 y Londres 2012. El cucute\u00f1o tuvo una destacada participaci\u00f3n en el all-around (prueba completa), donde alcanz\u00f3 la&nbsp;<strong>primera final<\/strong>&nbsp;para nuestro pa\u00eds en la disciplina y ocup\u00f3 la d\u00e9cima posici\u00f3n con&nbsp;<strong>88.915&nbsp;<\/strong>puntos.&nbsp;<\/p>\n\n\n\n<p>En la categor\u00eda de los 89 kg. de la halterofilia,&nbsp;<strong>Yeison L\u00f3pez<\/strong>&nbsp;tambi\u00e9n tuvo un destacado a\u00f1o con importantes reconocimientos como su triple oro en el&nbsp;<strong>Panamericano<\/strong>&nbsp;de levantamiento de pesas en Caracas (Venezuela) junto a lo que fue su participaci\u00f3n en la<strong>&nbsp;Copa Mundo&nbsp;<\/strong>de la disciplina en Pkuket, Tailandia, donde consigui\u00f3 el r\u00e9cord mundial en arranque, para ese momento, con 182 kg., adem\u00e1s de sus dos platas en envi\u00f3n y total. Por supuesto, el subcampeoanto ol\u00edmpico en<strong>&nbsp;Par\u00eds 2024<\/strong>&nbsp;fue otro de los logros del chocoano gracias a sus&nbsp;<strong>180<\/strong>&nbsp;kilogramos de arranque, los&nbsp;<strong>210<\/strong>&nbsp;en envi\u00f3n y el total de&nbsp;<strong>390<\/strong>.&nbsp;<\/p>\n\n\n\n<p>Sin cambiar la halterofilia,&nbsp;<strong>Mari Leivis S\u00e1nchez<\/strong>&nbsp;tambi\u00e9n brill\u00f3 en el escenario mundial con un subcampeonato ol\u00edmpico en la categor\u00eda de los 71 kg. gracias a su perseverancia para superar sus propios recursos y registrar<strong>&nbsp;112&nbsp;<\/strong>kilos en arranque,&nbsp;<strong>145<\/strong>&nbsp;en envi\u00f3n y el total de<strong>&nbsp;257<\/strong>.&nbsp;<\/p>\n\n\n\n<p>La lucha colombiana tuvo representaci\u00f3n en el podio de la categor\u00eda gracias a&nbsp;<strong>Tatiana Renter\u00eda<\/strong>. La vallecaucana destac\u00f3 durante el 2024 gracias a sus medallas de oro en el&nbsp;<strong>Ranking Series Mundial Budapest<\/strong>&nbsp;y en el&nbsp;<strong>Abierto de Polonia<\/strong>, adem\u00e1s de la presea de plata en el&nbsp;<strong>Panamericano de Acapulco<\/strong>&nbsp;y, por supuesto, el bronce en los&nbsp;<strong>Juegos Ol\u00edmpicos de Par\u00eds<\/strong>.&nbsp;<\/p>\n\n\n\n<p>Gracias a todos sus logros en el<strong>&nbsp;a\u00f1o ol\u00edmpico 2024<\/strong>, el podio del atleta m\u00e1s destacado del a\u00f1o fue conformado, destacando que qui\u00e9n gan\u00f3 el galard\u00f3n de&nbsp;<strong>promesa ol\u00edmpica<\/strong>&nbsp;durante la pasada edici\u00f3n de los premios en el<strong>&nbsp;2023<\/strong>, alcanz\u00f3 la m\u00e1xima distinci\u00f3n durante la m\u00e1s reciente edici\u00f3n de los&nbsp;<strong>Premios Altius<\/strong>.&nbsp;<\/p>\n\n\n\n<p><\/p>\n\n\n\n<p>olimpicocol.co<\/p>\n","protected":false},"excerpt":{"rendered":"<p>Con la primera medalla ol\u00edmpica en la historia de la gimnasia art\u00edstica colombiana,&nbsp;\u00c1ngel Gabriel Barajas Vivas&nbsp;recibi\u00f3 en la velada de este lunes 20 de enero el&nbsp;Altius de oro&nbsp;como el atleta m\u00e1s destacado del a\u00f1o 2024, en deportes pertenecientes al programa de los&nbsp;Juegos Ol\u00edmpicos.&nbsp; En el&nbsp;Centro Empresarial Salitre&nbsp;de la C\u00e1mara de Comercio de Bogot\u00e1, se realiz\u00f3 [&hellip;]<\/p>\n","protected":false},"author":1,"featured_media":179232,"comment_status":"closed","ping_status":"closed","sticky":false,"template":"","format":"standard","meta":{"_acf_changed":false,"_jetpack_memberships_contains_paid_content":false,"footnotes":"","jetpack_publicize_message":"","jetpack_publicize_feature_enabled":true,"jetpack_social_post_already_shared":true,"jetpack_social_options":{"image_generator_settings":{"template":"highway","default_image_id":0,"font":"","enabled":false},"version":2}},"categories":[38],"tags":[],"class_list":["post-179231","post","type-post","status-publish","format-standard","has-post-thumbnail","hentry","category-olimpicos"],"acf":[],"jetpack_publicize_connections":[],"jetpack_featured_media_url":"https:\/\/i0.wp.com\/sportseco.com\/wp-content\/uploads\/2025\/01\/1T3A5513-2048x1152-1.jpg?fit=2048%2C1152&ssl=1","jetpack_sharing_enabled":true,"_links":{"self":[{"href":"https:\/\/sportseco.com\/index.php?rest_route=\/wp\/v2\/posts\/179231","targetHints":{"allow":["GET"]}}],"collection":[{"href":"https:\/\/sportseco.com\/index.php?rest_route=\/wp\/v2\/posts"}],"about":[{"href":"https:\/\/sportseco.com\/index.php?rest_route=\/wp\/v2\/types\/post"}],"author":[{"embeddable":true,"href":"https:\/\/sportseco.com\/index.php?rest_route=\/wp\/v2\/users\/1"}],"replies":[{"embeddable":true,"href":"https:\/\/sportseco.com\/index.php?rest_route=%2Fwp%2Fv2%2Fcomments&post=179231"}],"version-history":[{"count":1,"href":"https:\/\/sportseco.com\/index.php?rest_route=\/wp\/v2\/posts\/179231\/revisions"}],"predecessor-version":[{"id":179233,"href":"https:\/\/sportseco.com\/index.php?rest_route=\/wp\/v2\/posts\/179231\/revisions\/179233"}],"wp:featuredmedia":[{"embeddable":true,"href":"https:\/\/sportseco.com\/index.php?rest_route=\/wp\/v2\/media\/179232"}],"wp:attachment":[{"href":"https:\/\/sportseco.com\/index.php?rest_route=%2Fwp%2Fv2%2Fmedia&parent=179231"}],"wp:term":[{"taxonomy":"category","embeddable":true,"href":"https:\/\/sportseco.com\/index.php?rest_route=%2Fwp%2Fv2%2Fcategories&post=179231"},{"taxonomy":"post_tag","embeddable":true,"href":"https:\/\/sportseco.com\/index.php?rest_route=%2Fwp%2Fv2%2Ftags&post=179231"}],"curies":[{"name":"wp","href":"https:\/\/api.w.org\/{rel}","templated":true}]}}