{"id":179465,"date":"2025-01-25T08:59:08","date_gmt":"2025-01-25T13:59:08","guid":{"rendered":"https:\/\/sportseco.com\/?p=179465"},"modified":"2025-01-25T08:59:13","modified_gmt":"2025-01-25T13:59:13","slug":"el-comite-olimpico-presente-en-los-premios-deportista-del-ano-de-acord-bogota","status":"publish","type":"post","link":"https:\/\/sportseco.com\/?p=179465","title":{"rendered":"El Comit\u00e9 Ol\u00edmpico presente en los Premios \u2018Deportista del A\u00f1o\u2019 de Acord Bogot\u00e1"},"content":{"rendered":"\n<figure class=\"wp-block-image\"><img data-recalc-dims=\"1\" height=\"360\" width=\"640\" decoding=\"async\" src=\"https:\/\/i0.wp.com\/olimpicocol.co\/web\/wp-content\/uploads\/2025\/01\/Gala-Acord-2025-1200x675.jpg?resize=640%2C360&#038;ssl=1\" alt=\"\"\/><\/figure>\n\n\n\n<p>Con la presencia de grandes figuras deportivas bogotanas, en las instalaciones de Compesar de la avenida 68, en Bogot\u00e1, acogieron los&nbsp;<strong>Premios \u2018Deportista del A\u00f1o\u2019 de Acord Bogot\u00e1 2024&nbsp;<\/strong>durante la ma\u00f1ana de este viernes 24 de enero, destacando el reconocimiento a la&nbsp;<strong>Secretaria General del Comit\u00e9 Ol\u00edmpico Colombiano<\/strong>&nbsp;(COC),&nbsp;<strong>Ana Edurne Camacho<\/strong>.<br \/><br \/>Adem\u00e1s de la<strong>&nbsp;Secretaria General del COC<\/strong>, que recibi\u00f3 un reconocimiento por los 20 a\u00f1os que se cumplieron de los&nbsp;<strong>Juegos Nacionales de 2004<\/strong>; tambi\u00e9n asisti\u00f3 el Presidente de la instituci\u00f3n,&nbsp;<strong>Ciro Solano Hurtado<\/strong>&nbsp;y el Gerente,<strong>&nbsp;Armando Farf\u00e1n Pe\u00f1a<\/strong>, adem\u00e1s de otras importantes figuras de la ciudad.<\/p>\n\n\n\n<figure class=\"wp-block-image\"><img data-recalc-dims=\"1\" height=\"427\" width=\"640\" decoding=\"async\" src=\"https:\/\/i0.wp.com\/olimpicocol.co\/web\/wp-content\/uploads\/2025\/01\/Ana-Edurne-Camacho-premios-Acord-2025-1-1053x702.jpg?resize=640%2C427&#038;ssl=1\" alt=\"\" class=\"wp-image-34810\"\/><figcaption class=\"wp-element-caption\">La Secretaria General del Comit\u00e9 Ol\u00edmpico Colombiano, Ana Edurne Camacho, luego recibir su reconocimiento en los Premios \u2018Deportista del A\u00f1o\u2019 de Acord Bogot\u00e1 2024.<\/figcaption><\/figure>\n\n\n\n<p>Previo al inicio de la entrega de premios, el Presidente de<strong>&nbsp;Acord Bogot\u00e1<\/strong>,&nbsp;<strong>Ricardo Ru\u00edz Espinel<\/strong>, expres\u00f3: \u201cPor m\u00e1s de 40 a\u00f1os, Acord Bogot\u00e1 se ha mantenido firme en su prop\u00f3sito de exaltar y reconocer el esfuerzo de nuestros deportistas y quienes rodean su proceso competitivo en cada temporada, en cada a\u00f1o. Felicitaciones a todos los postulados y para quienes llegaron al podio, nuestra mano fraternal de agradecimiento por lo que hicieron, porque fue un buen a\u00f1o en materia deportiva para la ciudad y de ah\u00ed que la escogencia de los mejores no fue f\u00e1cil\u201d.<br \/><br \/>A su vez, el<strong>&nbsp;Presidente del Comit\u00e9 Ol\u00edmpico Colombiano<\/strong>,&nbsp;<strong>Ciro Solano Hurtado<\/strong>, destac\u00f3 la importancia de Bogot\u00e1 en el deporte de nuestro pa\u00eds: \u201cMuy honrado de estar en este importante acto de la ciudad de Bogot\u00e1. Bogot\u00e1 es la capital de todos, el presidente Ruiz hizo una remembranza del \u00e9xito de nuestros atletas bogotanos en el a\u00f1o 2024. Bogot\u00e1 aporta mucho al deporte nacional, siempre Bogot\u00e1 ha tenido aportes importantes en las delegaciones nacionales del ciclo ol\u00edmpico. Aqu\u00ed todos tenemos que remar para que Bogot\u00e1 siga creciendo no solo en lo deportivo sino como una gran ciudad, por eso mencion\u00e9 que es la capital de todos\u201d.<br \/><br \/>La categor\u00eda ol\u00edmpica, fue liderada por la patinadora de velocidad&nbsp;<strong>Gabriela Rueda<\/strong>&nbsp;gracias a sus destacados triunfos en el Campeonato Mundial de la disciplina y en los pasados Juegos Bolivarianos del Bicentenario en Ayacucho, Per\u00fa.&nbsp;<strong>Paula Aguirre&nbsp;<\/strong>(actividades subacu\u00e1ticas) y<strong>&nbsp;Alfredo Quintana<\/strong>&nbsp;(bolos) recibieron el Chibcha de Plata y Bronce, respectivamente.<br \/><br \/>Por otro lado, la categor\u00eda de promesa ol\u00edmpica fue para el halter\u00f3filo&nbsp;<strong>Sergio Alexander Mu\u00f1oz<\/strong>, quien obtuvo dos preseas, una de oro (envi\u00f3n) y otra de bronce (total), en la divisi\u00f3n de los 96 kilogramos durante el pasado&nbsp;<strong>Campeonato Mundial Juvenil<\/strong>&nbsp;de levantamiento de pesas que tuvo lugar en Le\u00f3n, Espa\u00f1a.<br \/><br \/>A su vez, la categor\u00eda de mejor entrenador del sector ol\u00edmpico fue para&nbsp;<strong>Alicia Romero<\/strong>, quien hace parte de los procesos del levantamiento de pesas.&nbsp;<strong>Miguel \u00c1ngel Rodr\u00edguez<\/strong>, atleta de squash, fue exaltado como el mejor deportista profesional de Bogot\u00e1, mientras que&nbsp;<strong>Independiente Santa Fe Femenino<\/strong>&nbsp;y la&nbsp;<strong>Liga de f\u00fatbol de Bogot\u00e1&nbsp;<\/strong>obtuvieron los reconocimientos de Equipo Bogotano y Entidad Deportiva, respectivamente.<br \/><br \/>Otros reconocimientos fueron:<br \/><br \/>Esfuerzo deportivo \u2013&nbsp;<strong>Brandon Vega Rojas<\/strong><br \/>Excelencia deportiva \u2013&nbsp;<strong>Ivone Paola Bohada<\/strong><br \/>Vida y Obra de un Periodista Deportivo \u2013&nbsp;<strong>Germ\u00e1n Blanco<\/strong>&nbsp;y&nbsp;<strong>Jairo Anchique<\/strong><\/p>\n\n\n\n<p><\/p>\n\n\n\n<p>olimpicocol.co<\/p>\n","protected":false},"excerpt":{"rendered":"<p>Con la presencia de grandes figuras deportivas bogotanas, en las instalaciones de Compesar de la avenida 68, en Bogot\u00e1, acogieron los&nbsp;Premios \u2018Deportista del A\u00f1o\u2019 de Acord Bogot\u00e1 2024&nbsp;durante la ma\u00f1ana de este viernes 24 de enero, destacando el reconocimiento a la&nbsp;Secretaria General del Comit\u00e9 Ol\u00edmpico Colombiano&nbsp;(COC),&nbsp;Ana Edurne Camacho. Adem\u00e1s de la&nbsp;Secretaria General del COC, que [&hellip;]<\/p>\n","protected":false},"author":1,"featured_media":179466,"comment_status":"closed","ping_status":"closed","sticky":false,"template":"","format":"standard","meta":{"_acf_changed":false,"_jetpack_memberships_contains_paid_content":false,"footnotes":"","jetpack_publicize_message":"","jetpack_publicize_feature_enabled":true,"jetpack_social_post_already_shared":true,"jetpack_social_options":{"image_generator_settings":{"template":"highway","default_image_id":0,"font":"","enabled":false},"version":2}},"categories":[38],"tags":[],"class_list":["post-179465","post","type-post","status-publish","format-standard","has-post-thumbnail","hentry","category-olimpicos"],"acf":[],"jetpack_publicize_connections":[],"jetpack_featured_media_url":"https:\/\/i0.wp.com\/sportseco.com\/wp-content\/uploads\/2025\/01\/Gala-Acord-2025.jpg?fit=1280%2C720&ssl=1","jetpack_sharing_enabled":true,"_links":{"self":[{"href":"https:\/\/sportseco.com\/index.php?rest_route=\/wp\/v2\/posts\/179465","targetHints":{"allow":["GET"]}}],"collection":[{"href":"https:\/\/sportseco.com\/index.php?rest_route=\/wp\/v2\/posts"}],"about":[{"href":"https:\/\/sportseco.com\/index.php?rest_route=\/wp\/v2\/types\/post"}],"author":[{"embeddable":true,"href":"https:\/\/sportseco.com\/index.php?rest_route=\/wp\/v2\/users\/1"}],"replies":[{"embeddable":true,"href":"https:\/\/sportseco.com\/index.php?rest_route=%2Fwp%2Fv2%2Fcomments&post=179465"}],"version-history":[{"count":1,"href":"https:\/\/sportseco.com\/index.php?rest_route=\/wp\/v2\/posts\/179465\/revisions"}],"predecessor-version":[{"id":179467,"href":"https:\/\/sportseco.com\/index.php?rest_route=\/wp\/v2\/posts\/179465\/revisions\/179467"}],"wp:featuredmedia":[{"embeddable":true,"href":"https:\/\/sportseco.com\/index.php?rest_route=\/wp\/v2\/media\/179466"}],"wp:attachment":[{"href":"https:\/\/sportseco.com\/index.php?rest_route=%2Fwp%2Fv2%2Fmedia&parent=179465"}],"wp:term":[{"taxonomy":"category","embeddable":true,"href":"https:\/\/sportseco.com\/index.php?rest_route=%2Fwp%2Fv2%2Fcategories&post=179465"},{"taxonomy":"post_tag","embeddable":true,"href":"https:\/\/sportseco.com\/index.php?rest_route=%2Fwp%2Fv2%2Ftags&post=179465"}],"curies":[{"name":"wp","href":"https:\/\/api.w.org\/{rel}","templated":true}]}}