{"id":180062,"date":"2025-02-04T07:07:28","date_gmt":"2025-02-04T12:07:28","guid":{"rendered":"https:\/\/sportseco.com\/?p=180062"},"modified":"2025-02-04T07:07:34","modified_gmt":"2025-02-04T12:07:34","slug":"preparados-para-enfrentar-a-paraguay","status":"publish","type":"post","link":"https:\/\/sportseco.com\/?p=180062","title":{"rendered":"Preparados para enfrentar a Paraguay"},"content":{"rendered":"\n<p><strong>Los dirigidos por C\u00e9sar Torres&nbsp;<\/strong>tuvieron su primer entrenamiento en la capital venezolana, pensando en el partido contra Paraguay que se jugar\u00e1 este martes, 4 de febrero, por la primera fecha del Hexagonal Final.<\/p>\n\n\n\n<p>Alrededor de las 6:30 de la tarde (HORA LOCAL) Colombia arrib\u00f3 a la cancha del Colegio San Agust\u00edn \u2013 El Para\u00edso. Ya en cancha, el equipo comenz\u00f3 con trabajos de estiramiento y fortalecimiento con bandas. Despu\u00e9s, los convocados se dividieron en tres grupos y jugaron en espacio reducido.<\/p>\n\n\n\n<p>Finalmente, la tercera parte de la sesi\u00f3n se enfoc\u00f3 en el plan de partido para enfrentar al equipo paraguayo.&nbsp;&nbsp;<\/p>\n\n\n\n<p><strong>Resumen de la jornada:<\/strong><\/p>\n\n\n\n<figure class=\"wp-block-embed is-type-video is-provider-youtube wp-block-embed-youtube wp-embed-aspect-16-9 wp-has-aspect-ratio\"><div class=\"wp-block-embed__wrapper\">\n<iframe loading=\"lazy\" title=\"Entrenamiento | Selecci\u00f3n Colombia Masculina Sub20 desde Venezuela.\" width=\"640\" height=\"360\" src=\"https:\/\/www.youtube.com\/embed\/Q7s6da-5rPk?feature=oembed\" frameborder=\"0\" allow=\"accelerometer; autoplay; clipboard-write; encrypted-media; gyroscope; picture-in-picture; web-share\" referrerpolicy=\"strict-origin-when-cross-origin\" allowfullscreen><\/iframe>\n<\/div><\/figure>\n\n\n\n<figure class=\"wp-block-embed is-type-rich is-provider-gestor-del-servicio wp-block-embed-gestor-del-servicio\"><div class=\"wp-block-embed__wrapper\">\nhttps:\/\/youtube.com\/watch?v=Q7s6da-5rPk%3Ffeature%3Doembed\n<\/div><\/figure>\n\n\n\n<p><strong>A continuaci\u00f3n las designaciones arbitrales para el partido frente a Paraguay:<\/strong><\/p>\n\n\n\n<ul class=\"wp-block-list\">\n<li>\u00c1rbitro: Maximiliano Ram\u00edrez (ARG)<\/li>\n\n\n\n<li>\u00c1rbitro Asistente N\u00b01: Pablo Gonz\u00e1lez (ARG)<\/li>\n\n\n\n<li>\u00c1rbitro Asistente N\u00b02: Pablo Acevedo (ARG)<\/li>\n\n\n\n<li>4to. \u00c1rbitro: Mathias De Armas (URU)<\/li>\n\n\n\n<li>5to. \u00c1rbitro: Agust\u00edn Berisso (URU)\u00a0<\/li>\n\n\n\n<li>Var: Michael Espinoza (PER)\u00a0<\/li>\n\n\n\n<li>Avar: Coty Carrera (PER)<\/li>\n<\/ul>\n\n\n\n<p><\/p>\n\n\n\n<p>fcf.com.co<\/p>\n","protected":false},"excerpt":{"rendered":"<p>Los dirigidos por C\u00e9sar Torres&nbsp;tuvieron su primer entrenamiento en la capital venezolana, pensando en el partido contra Paraguay que se jugar\u00e1 este martes, 4 de febrero, por la primera fecha del Hexagonal Final. Alrededor de las 6:30 de la tarde (HORA LOCAL) Colombia arrib\u00f3 a la cancha del Colegio San Agust\u00edn \u2013 El Para\u00edso. Ya [&hellip;]<\/p>\n","protected":false},"author":1,"featured_media":180064,"comment_status":"closed","ping_status":"closed","sticky":false,"template":"","format":"standard","meta":{"_acf_changed":false,"_jetpack_memberships_contains_paid_content":false,"footnotes":"","jetpack_publicize_message":"","jetpack_publicize_feature_enabled":true,"jetpack_social_post_already_shared":true,"jetpack_social_options":{"image_generator_settings":{"template":"highway","default_image_id":0,"font":"","enabled":false},"version":2}},"categories":[5],"tags":[],"class_list":["post-180062","post","type-post","status-publish","format-standard","has-post-thumbnail","hentry","category-futbol"],"acf":[],"jetpack_publicize_connections":[],"jetpack_featured_media_url":"https:\/\/i0.wp.com\/sportseco.com\/wp-content\/uploads\/2025\/02\/FCF6920-2048x1537-1.jpg?fit=2048%2C1537&ssl=1","jetpack_sharing_enabled":true,"_links":{"self":[{"href":"https:\/\/sportseco.com\/index.php?rest_route=\/wp\/v2\/posts\/180062","targetHints":{"allow":["GET"]}}],"collection":[{"href":"https:\/\/sportseco.com\/index.php?rest_route=\/wp\/v2\/posts"}],"about":[{"href":"https:\/\/sportseco.com\/index.php?rest_route=\/wp\/v2\/types\/post"}],"author":[{"embeddable":true,"href":"https:\/\/sportseco.com\/index.php?rest_route=\/wp\/v2\/users\/1"}],"replies":[{"embeddable":true,"href":"https:\/\/sportseco.com\/index.php?rest_route=%2Fwp%2Fv2%2Fcomments&post=180062"}],"version-history":[{"count":1,"href":"https:\/\/sportseco.com\/index.php?rest_route=\/wp\/v2\/posts\/180062\/revisions"}],"predecessor-version":[{"id":180065,"href":"https:\/\/sportseco.com\/index.php?rest_route=\/wp\/v2\/posts\/180062\/revisions\/180065"}],"wp:featuredmedia":[{"embeddable":true,"href":"https:\/\/sportseco.com\/index.php?rest_route=\/wp\/v2\/media\/180064"}],"wp:attachment":[{"href":"https:\/\/sportseco.com\/index.php?rest_route=%2Fwp%2Fv2%2Fmedia&parent=180062"}],"wp:term":[{"taxonomy":"category","embeddable":true,"href":"https:\/\/sportseco.com\/index.php?rest_route=%2Fwp%2Fv2%2Fcategories&post=180062"},{"taxonomy":"post_tag","embeddable":true,"href":"https:\/\/sportseco.com\/index.php?rest_route=%2Fwp%2Fv2%2Ftags&post=180062"}],"curies":[{"name":"wp","href":"https:\/\/api.w.org\/{rel}","templated":true}]}}