{"id":180090,"date":"2025-02-04T15:31:35","date_gmt":"2025-02-04T20:31:35","guid":{"rendered":"https:\/\/sportseco.com\/?p=180090"},"modified":"2025-02-04T15:31:41","modified_gmt":"2025-02-04T20:31:41","slug":"espana-es-el-primer-pais-europeo-en-ratificar-el-tratado-global-de-los-oceanos","status":"publish","type":"post","link":"https:\/\/sportseco.com\/?p=180090","title":{"rendered":"Espa\u00f1a es el primer pa\u00eds europeo en ratificar el Tratado Global de los Oc\u00e9anos"},"content":{"rendered":"\n<p>Madrid (EFE).- Espa\u00f1a se ha convertido en el primer pa\u00eds europeo en ratificar este martes el Tratado sobre Diversidad Biol\u00f3gica Marina en \u00e1reas fuera de la Jurisdicci\u00f3n Nacional (BBNJ, por sus siglas en ingl\u00e9s), ha anunciado la vicepresidenta tercera y ministra para la Transici\u00f3n Ecol\u00f3gica y el Reto Demogr\u00e1fico, Sara Aagesen.<\/p>\n\n\n\n<p>Aagesen ha explicado en rueda de prensa que el embajador de Espa\u00f1a ante<a href=\"https:\/\/efeverde.com\/el-tratado-de-alta-mar-en-el-aire-a-un-ano-de-su-aprobacion-con-solo-dos-ratificaciones\/\">&nbsp;la ONU<\/a>, H\u00e9ctor G\u00f3mez, ha depositado esta tarde en la misi\u00f3n permanente de Nueva York el instrumento de ratificaci\u00f3n del tratado, que pretende declarar \u00e1rea protegida un 30 % de la superficie de alta mar antes de 2030, cuando actualmente solo un 1 % lo est\u00e1. Para su entrada en vigor, el tratado necesita la ratificaci\u00f3n de 60 pa\u00edses.<\/p>\n\n\n\n<p><strong>Hasta el momento, solo 15 pa\u00edses en todo el mundo han ratificado el Acuerdo suscrito en Nueva York en 2023 por 107 pa\u00edses. El acuerdo necesita ser ratificado por 60 pa\u00edses para su entrada en vigor.<\/strong><\/p>\n\n\n\n<p>El acuerdo establece un marco legal robusto para las actividades en el oc\u00e9ano y los mares, al regular las actividades humanas en alta mar, permitir su protecci\u00f3n con \u00e1reas marinas protegidas y establecer un mecanismo para compartir equitativamente los beneficios derivados de la explotaci\u00f3n de los recursos gen\u00e9ticos marinos.<\/p>\n\n\n\n<h2 class=\"wp-block-heading\" id=\"h-que-se-necesita-para-que-el-tratado-de-los-oceanos-pueda-entrar-en-vigor\">\u00bfCu\u00e1ndo entrar\u00e1 en vigor?<\/h2>\n\n\n\n<p>Aagesen ha recordado que hace falta que 60 pa\u00edses ratifiquen el tratado para que pueda entrar en vigor -con Espa\u00f1a son 16 los que lo han hecho- y ha mostrado su confianza en que ese objetivo se logre en la Conferencia de Naciones Unidas sobre el Oc\u00e9ano que se celebra en junio en Niza (Francia).<\/p>\n\n\n\n<p>\u00abNiza va a ser para la protecci\u00f3n del oc\u00e9ano lo que ha sido Par\u00eds para la lucha contra el cambio clim\u00e1tico\u00bb, ha asegurado la vicepresidenta, que ha llamado a otros pa\u00edses a seguir los pasos de Espa\u00f1a y ratificar el tratado.<\/p>\n\n\n\n<figure class=\"wp-block-image\"><img data-recalc-dims=\"1\" decoding=\"async\" src=\"https:\/\/i0.wp.com\/efeverde.com\/wp-content\/uploads\/2025\/02\/La-ministra-para-la-Transicion-Ecologica-y-el-Reto-Demografico-Sara-Aagesen.-EFEEPAOlivier-HosletArchivo.jpeg?w=640&#038;ssl=1\" alt=\"\"\/><\/figure>\n\n\n\n<p>Ha defendido adem\u00e1s que Espa\u00f1a se haya adelantado al resto de la Uni\u00f3n Europea a la hora de ratificar el acuerdo: \u00abEntend\u00edamos que una vez que ya ten\u00edamos toda la tramitaci\u00f3n completamente avanzada, ten\u00eda sentido lanzarlo y que Espa\u00f1a sea un referente en los oc\u00e9anos y el resto se vaya sumando\u00bb.<\/p>\n\n\n\n<p>Actualmente un 21 % de la superficie marina espa\u00f1ola est\u00e1 protegida y el objetivo del Gobierno es alcanzar el 25 % este mismo a\u00f1o y el 30 % en 2030, ha recordado.<\/p>\n\n\n\n<h2 class=\"wp-block-heading\" id=\"h-union-para-enfrentarse-a-la-crisis-climatica-y-la-contaminacion\">Crisis clim\u00e1tica y la contaminaci\u00f3n<\/h2>\n\n\n\n<p>El tratado es un compromiso para recuperar y preservar los ecosistemas marinos pero tambi\u00e9n para enfrentarse \u00abde forma unida, integrada, a la crisis clim\u00e1tica, a la contaminaci\u00f3n y a la p\u00e9rdida de biodiversidad\u00bb que especialmente afectan a los oc\u00e9anos, ha se\u00f1alado Aagesen, que ha destacado el multilateralismo en \u00abtiempos geopol\u00edticos complicados\u00bb.<\/p>\n\n\n\n<p>La ministra ha estado acompa\u00f1ada en la rueda de prensa por la directora ejecutiva de Greenpeace Espa\u00f1a, Eva Salda\u00f1a, y el secretario general de WWF Espa\u00f1a, Juan Carlos del Olmo, que han destacado la importancia de que Espa\u00f1a haya dado el paso de ratificar el acuerdo.<\/p>\n\n\n\n<p>Salda\u00f1a ha confiado en que Europa \u00abde alguna manera siga detr\u00e1s\u00bb y que la ratificaci\u00f3n de Espa\u00f1a d\u00e9 impulso a sus vecinos europeos para seguir sus pasos, mientras que Del Olmo ha considerado que \u00abes muy importante que un pa\u00eds con el peso espec\u00edfico que tiene Espa\u00f1a dentro de la UE y a nivel internacional sea el primero de Europa en lanzarse a ratificar el acuerdo\u00bb.<\/p>\n\n\n\n<figure class=\"wp-block-image\"><img data-recalc-dims=\"1\" decoding=\"async\" src=\"https:\/\/i0.wp.com\/efeverde.com\/wp-content\/uploads\/2025\/02\/La-ministra-para-la-Transicion-Ecologica-y-el-Reto-Demografico-Sara-Aagesen.-EFE.jpeg?w=640&#038;ssl=1\" alt=\"\" class=\"wp-image-218147\"\/><\/figure>\n\n\n\n<h2 class=\"wp-block-heading\">Satisfacci\u00f3n entre las ONG<\/h2>\n\n\n\n<p>Las organizaciones Amigas de la Tierra, Ecologistas en Acci\u00f3n, Greenpeace, SEO\/BirdLife y WWF han celebrado la ratificaci\u00f3n del Tratado de Alta Mar.<\/p>\n\n\n\n<p>Este tratado -explican en un comunicado- es esencial para alcanzar el objetivo global de proteger al menos el 30 % de los oc\u00e9anos para 2030, y crea un marco adecuado para abordar desaf\u00edos como la sobrepesca, la contaminaci\u00f3n, el reparto equitativo de los beneficios de los recursos gen\u00e9ticos marinos, y evaluar y limitar el impacto de nuevas actividades humanas como es la miner\u00eda submarina.<\/p>\n\n\n\n<p>Las ONG animan adem\u00e1s al Gobierno espa\u00f1ol a dar m\u00e1s pasos para garantizar que la actividad humana, tanto en aguas internacionales como en sus aguas jurisdiccionales, sea plenamente compatible con la preservaci\u00f3n de los ecosistemas marinos y de su biodiversidad.<\/p>\n\n\n\n<p><\/p>\n\n\n\n<p>efeverde.com<\/p>\n","protected":false},"excerpt":{"rendered":"<p>Madrid (EFE).- Espa\u00f1a se ha convertido en el primer pa\u00eds europeo en ratificar este martes el Tratado sobre Diversidad Biol\u00f3gica Marina en \u00e1reas fuera de la Jurisdicci\u00f3n Nacional (BBNJ, por sus siglas en ingl\u00e9s), ha anunciado la vicepresidenta tercera y ministra para la Transici\u00f3n Ecol\u00f3gica y el Reto Demogr\u00e1fico, Sara Aagesen. Aagesen ha explicado en [&hellip;]<\/p>\n","protected":false},"author":1,"featured_media":180091,"comment_status":"closed","ping_status":"closed","sticky":false,"template":"","format":"standard","meta":{"_acf_changed":false,"_jetpack_memberships_contains_paid_content":false,"footnotes":"","jetpack_publicize_message":"","jetpack_publicize_feature_enabled":true,"jetpack_social_post_already_shared":true,"jetpack_social_options":{"image_generator_settings":{"template":"highway","default_image_id":0,"font":"","enabled":false},"version":2}},"categories":[6],"tags":[],"class_list":["post-180090","post","type-post","status-publish","format-standard","has-post-thumbnail","hentry","category-ecologia"],"acf":[],"jetpack_publicize_connections":[],"jetpack_featured_media_url":"https:\/\/i0.wp.com\/sportseco.com\/wp-content\/uploads\/2025\/02\/mares-y-oceanos-%40arturolarena-para-%40efeverde-2.jpeg?fit=1984%2C1116&ssl=1","jetpack_sharing_enabled":true,"_links":{"self":[{"href":"https:\/\/sportseco.com\/index.php?rest_route=\/wp\/v2\/posts\/180090","targetHints":{"allow":["GET"]}}],"collection":[{"href":"https:\/\/sportseco.com\/index.php?rest_route=\/wp\/v2\/posts"}],"about":[{"href":"https:\/\/sportseco.com\/index.php?rest_route=\/wp\/v2\/types\/post"}],"author":[{"embeddable":true,"href":"https:\/\/sportseco.com\/index.php?rest_route=\/wp\/v2\/users\/1"}],"replies":[{"embeddable":true,"href":"https:\/\/sportseco.com\/index.php?rest_route=%2Fwp%2Fv2%2Fcomments&post=180090"}],"version-history":[{"count":1,"href":"https:\/\/sportseco.com\/index.php?rest_route=\/wp\/v2\/posts\/180090\/revisions"}],"predecessor-version":[{"id":180092,"href":"https:\/\/sportseco.com\/index.php?rest_route=\/wp\/v2\/posts\/180090\/revisions\/180092"}],"wp:featuredmedia":[{"embeddable":true,"href":"https:\/\/sportseco.com\/index.php?rest_route=\/wp\/v2\/media\/180091"}],"wp:attachment":[{"href":"https:\/\/sportseco.com\/index.php?rest_route=%2Fwp%2Fv2%2Fmedia&parent=180090"}],"wp:term":[{"taxonomy":"category","embeddable":true,"href":"https:\/\/sportseco.com\/index.php?rest_route=%2Fwp%2Fv2%2Fcategories&post=180090"},{"taxonomy":"post_tag","embeddable":true,"href":"https:\/\/sportseco.com\/index.php?rest_route=%2Fwp%2Fv2%2Ftags&post=180090"}],"curies":[{"name":"wp","href":"https:\/\/api.w.org\/{rel}","templated":true}]}}