{"id":180623,"date":"2025-02-13T08:38:53","date_gmt":"2025-02-13T13:38:53","guid":{"rendered":"https:\/\/sportseco.com\/?p=180623"},"modified":"2025-02-13T08:38:59","modified_gmt":"2025-02-13T13:38:59","slug":"dia-mundial-de-la-radio-13-de-febrero-8","status":"publish","type":"post","link":"https:\/\/sportseco.com\/?p=180623","title":{"rendered":"D\u00eda Mundial de la Radio, 13 de febrero"},"content":{"rendered":"\n<p>La radio y el cambio clim\u00e1tico<\/p>\n\n\n\n<p>Los efectos clim\u00e1ticos negativos que asolan el planeta, como la confirmaci\u00f3n de que&nbsp;<a href=\"https:\/\/wmo.int\/es\/media\/news\/la-organizacion-meteorologica-mundial-confirma-que-2024-fue-el-ano-mas-calido-jamas-registrado-al\">2024 fue el a\u00f1o m\u00e1s c\u00e1lido jam\u00e1s registrado<\/a>, la profunda devastaci\u00f3n causada por los&nbsp;<a href=\"https:\/\/news.un.org\/es\/story\/2025\/01\/1535846\">incendios forestales en California<\/a>&nbsp;o el elevado impacto de la&nbsp;<a href=\"https:\/\/news.un.org\/es\/story\/2024\/12\/1534746\">degradaci\u00f3n de la tierra<\/a>&nbsp;en miles de millones de personas, ponen de manifiesto que comunicar adecuadamente los acontecimientos clim\u00e1ticos es cada vez m\u00e1s necesario.<\/p>\n\n\n\n<p>Si nos centramos en nuestro futuro inmediato, 2025 es crucial para abordar el cambio clim\u00e1tico. Seg\u00fan el Acuerdo de Par\u00eds, si queremos limitar el calentamiento global a 1,5 \u00b0C, las emisiones de gases de efecto invernadero tienen que alcanzar su punto m\u00e1ximo ese a\u00f1o a m\u00e1s tardar, y luego empezar a disminuir.<\/p>\n\n\n\n<p>El D\u00eda Mundial de la Radio, que se celebra el 13 de febrero de 2025, est\u00e1 dedicado a \u00abLa radio y el cambio clim\u00e1tico\u00bb para dar apoyo a las emisoras de radio en su cobertura period\u00edstica de este tema.<\/p>\n\n\n\n<h3 class=\"wp-block-heading\">Informar sobre una verdad inc\u00f3moda<\/h3>\n\n\n\n<p>A pesar de la reciente escasez de recursos financieros de las emisoras de radio, que ha provocado reducciones de personal y un aumento de los costes para obtener informaci\u00f3n contrastada, el uso de fuentes diversas y fiables es fundamental para informar sobre el cambio clim\u00e1tico.<\/p>\n\n\n\n<p>Las emisoras deben dar prioridad a la calidad y diversidad de las fuentes de informaci\u00f3n, ya que desempe\u00f1an un papel fundamental a la hora de abordar las cuestiones relacionadas con el clima. Esto incluye desmontar los argumentos de los esc\u00e9pticos del clima, investigar el ecoblanqueo, comprender la econom\u00eda ecol\u00f3gica e informar sobre el activismo clim\u00e1tico y los obst\u00e1culos a las soluciones.<\/p>\n\n\n\n<p>La independencia editorial, esencial para servir al inter\u00e9s p\u00fablico, se basa en una informaci\u00f3n libre e independiente de influencias empresariales y pol\u00edticas.<\/p>\n\n\n\n<h2 class=\"wp-block-heading\">Invol\u00facrate en el #D\u00edaMundialDeLaRadio<\/h2>\n\n\n\n<p>Entre los numerosos actos que se est\u00e1n preparando para el D\u00eda Mundial de la Radio, la UNESCO invita a las emisoras de radio a aprovechar los nuevos recursos gratuitos sobre radio y cambio clim\u00e1tico, a seguir el&nbsp;<a href=\"https:\/\/www.linkedin.com\/events\/worldradioday2025-radioandclima7285258052516118528\/\">evento de LinkedIn<\/a>&nbsp;sobre la celebraci\u00f3n y a&nbsp;<a href=\"https:\/\/www.unesco.org\/es\/days\/world-radio\/register?hub=66636\">registrar tu emisora<\/a>&nbsp;para que aparezca en el&nbsp;<a href=\"https:\/\/www.unesco.org\/es\/days\/world-radio\/map?hub=66636\">mapa de la UNESCO<\/a>.<\/p>\n\n\n\n<p>Tu emisora de radio tendr\u00e1 la oportunidad de conectar con una emisora de otra localidad o pa\u00eds. A trav\u00e9s de estas colaboraciones, podr\u00e9is intercambiar ideas, materiales e historias, experiencias, archivos sonoros; compartir programas, considerar una coproducci\u00f3n, e incluso plantearse establecer una relaci\u00f3n a largo plazo m\u00e1s all\u00e1 del 13 de febrero de 2025. \u00a1No dejes pasar esta oportunidad!<\/p>\n\n\n\n<figure class=\"wp-block-image\"><a href=\"https:\/\/www.unesco.org\/en\/days\/world-radio\/13ideas?hub=66636\"><img data-recalc-dims=\"1\" decoding=\"async\" src=\"https:\/\/i0.wp.com\/www.un.org\/sites\/un2.un.org\/files\/radio-day-2025-13-ideas.jpg?w=640&#038;ssl=1\" alt=\"Una ilustraci\u00f3n de un micr\u00f3fono iluminado por dos focos\"\/><\/a><\/figure>\n\n\n\n<h3 class=\"wp-block-heading\">Trece ideas para celebrar el 13 de febrero<\/h3>\n\n\n\n<p>Ofrece tu apoyo a las emisoras de radio en la preparaci\u00f3n de sus programas con \u201c<a href=\"https:\/\/www.unesco.org\/es\/days\/world-radio\/13ideas?hub=66636\">Trece ideas para celebrar el 13 de febrero<\/a>\u201d.<\/p>\n\n\n\n<h3 class=\"wp-block-heading\">Antecedentes<\/h3>\n\n\n\n<p>El Consejo Ejecutivo de la UNESCO recomend\u00f3 a la Conferencia General que se proclamara el D\u00eda Mundial de la Radio, sobre la base de un estudio de viabilidad realizado en 2011 por la UNESCO en respuesta a una propuesta de Espa\u00f1a. En 2012, la Asamblea General de las Naciones Unidas, proclam\u00f3 (<a href=\"https:\/\/undocs.org\/A\/RES\/67\/124\">A\/RES\/67\/124<\/a>) el 13 de febrero como el D\u00eda Mundial de la Radio.<\/p>\n\n\n\n<p>La radio es un medio de comunicaci\u00f3n \u00fanico para celebrar la diversidad humana y constituye una plataforma para el discurso democr\u00e1tico. La radio sigue siendo, adem\u00e1s, el medio de comunicaci\u00f3n m\u00e1s usado en todo el mundo. Esta capacidad de llegar al mayor n\u00famero de p\u00fablico posible la convierte en una herramienta indispensable para dar forma a la experiencia de la sociedad en la diversidad, y es el escenario perfecto para que todas las voces se expresen libremente, se sientan representadas y puedan ser escuchadas. Las emisoras de radio deben servir a comunidades diversas, ofrecer una amplia variedad de programas, puntos de vista y contenido, y deben reflejar la diversidad de audiencias en sus organizaciones y operaciones.<\/p>\n\n\n\n<p>La radio es un medio potente y de bajo coste, adecuado sobre todo para llegar a las comunidades m\u00e1s remotas y a las vulnerables. La radio estimula el debate p\u00fablico y permite una participaci\u00f3n igualitaria, independientemente del nivel educativo de los oyentes. Asimismo, la radio desempe\u00f1a un papel fundamental en la comunicaci\u00f3n en situaciones de emergencia y en las operaciones de socorro en casos de desastre.<\/p>\n\n\n\n<p>Este medio se encuentra en una posici\u00f3n \u00fanica para unir a las comunidades y fomentar el di\u00e1logo positivo y el cambio. Al escuchar a sus audiencias y responder a sus necesidades, los servicios de la radio nos proveen de los distintos puntos de vista y diferentes voces que necesitamos para afrontar los cambios a los que nos enfrentamos en la actualidad.<\/p>\n\n\n\n<p><\/p>\n\n\n\n<p><\/p>\n\n\n\n<p>un.org<\/p>\n","protected":false},"excerpt":{"rendered":"<p>La radio y el cambio clim\u00e1tico Los efectos clim\u00e1ticos negativos que asolan el planeta, como la confirmaci\u00f3n de que&nbsp;2024 fue el a\u00f1o m\u00e1s c\u00e1lido jam\u00e1s registrado, la profunda devastaci\u00f3n causada por los&nbsp;incendios forestales en California&nbsp;o el elevado impacto de la&nbsp;degradaci\u00f3n de la tierra&nbsp;en miles de millones de personas, ponen de manifiesto que comunicar adecuadamente los [&hellip;]<\/p>\n","protected":false},"author":1,"featured_media":180624,"comment_status":"closed","ping_status":"closed","sticky":false,"template":"","format":"standard","meta":{"_acf_changed":false,"_jetpack_memberships_contains_paid_content":false,"footnotes":"","jetpack_publicize_message":"","jetpack_publicize_feature_enabled":true,"jetpack_social_post_already_shared":true,"jetpack_social_options":{"image_generator_settings":{"template":"highway","default_image_id":0,"font":"","enabled":false},"version":2}},"categories":[6],"tags":[],"class_list":["post-180623","post","type-post","status-publish","format-standard","has-post-thumbnail","hentry","category-ecologia"],"acf":[],"jetpack_publicize_connections":[],"jetpack_featured_media_url":"https:\/\/i0.wp.com\/sportseco.com\/wp-content\/uploads\/2025\/02\/world-radio-day-2025.jpg?fit=1350%2C500&ssl=1","jetpack_sharing_enabled":true,"_links":{"self":[{"href":"https:\/\/sportseco.com\/index.php?rest_route=\/wp\/v2\/posts\/180623","targetHints":{"allow":["GET"]}}],"collection":[{"href":"https:\/\/sportseco.com\/index.php?rest_route=\/wp\/v2\/posts"}],"about":[{"href":"https:\/\/sportseco.com\/index.php?rest_route=\/wp\/v2\/types\/post"}],"author":[{"embeddable":true,"href":"https:\/\/sportseco.com\/index.php?rest_route=\/wp\/v2\/users\/1"}],"replies":[{"embeddable":true,"href":"https:\/\/sportseco.com\/index.php?rest_route=%2Fwp%2Fv2%2Fcomments&post=180623"}],"version-history":[{"count":1,"href":"https:\/\/sportseco.com\/index.php?rest_route=\/wp\/v2\/posts\/180623\/revisions"}],"predecessor-version":[{"id":180625,"href":"https:\/\/sportseco.com\/index.php?rest_route=\/wp\/v2\/posts\/180623\/revisions\/180625"}],"wp:featuredmedia":[{"embeddable":true,"href":"https:\/\/sportseco.com\/index.php?rest_route=\/wp\/v2\/media\/180624"}],"wp:attachment":[{"href":"https:\/\/sportseco.com\/index.php?rest_route=%2Fwp%2Fv2%2Fmedia&parent=180623"}],"wp:term":[{"taxonomy":"category","embeddable":true,"href":"https:\/\/sportseco.com\/index.php?rest_route=%2Fwp%2Fv2%2Fcategories&post=180623"},{"taxonomy":"post_tag","embeddable":true,"href":"https:\/\/sportseco.com\/index.php?rest_route=%2Fwp%2Fv2%2Ftags&post=180623"}],"curies":[{"name":"wp","href":"https:\/\/api.w.org\/{rel}","templated":true}]}}