{"id":180634,"date":"2025-02-13T09:11:19","date_gmt":"2025-02-13T14:11:19","guid":{"rendered":"https:\/\/sportseco.com\/?p=180634"},"modified":"2025-02-13T09:11:23","modified_gmt":"2025-02-13T14:11:23","slug":"consejo-de-estado-niega-medida-cautelar-contra-decreto-044-para-el-ordenamiento-ambiental-minero","status":"publish","type":"post","link":"https:\/\/sportseco.com\/?p=180634","title":{"rendered":"Consejo de Estado niega medida cautelar contra Decreto 044 para el ordenamiento ambiental minero"},"content":{"rendered":"\n<figure class=\"wp-block-image\"><img data-recalc-dims=\"1\" decoding=\"async\" src=\"https:\/\/i0.wp.com\/www.minambiente.gov.co\/wp-content\/uploads\/2025\/02\/Estado.jpeg?w=640&#038;ssl=1\" alt=\"Consejo de Estado niega medida cautelar contra Decreto 044 para el ordenamiento ambiental minero\" title=\"Consejo de Estado niega medida cautelar contra Decreto 044 para el ordenamiento ambiental minero\"\/><\/figure>\n\n\n\n<p>Este Decreto busca establecer un nuevo ordenamiento ambiental minero alrededor del agua para proteger ecosistemas claves para el pa\u00eds y sus servicios ecosist\u00e9micos.<\/p>\n\n\n\n<p><strong>Bogot\u00e1, 12 de febrero de 2025 (@Minambienteco) \u2013&nbsp;<\/strong>La Secci\u00f3n primera de la Sala de lo Contencioso Administrativo del Consejo de Estado neg\u00f3 la medida cautelar que pretend\u00eda suspender de manera temporal el Decreto 044 del 2024, en principio, porque dicho decreto busca establecer criterios para declarar y delimitar reservas de recursos naturales de car\u00e1cter temporal en el marco del ordenamiento minero-ambiental y se dictan otras disposiciones garantizando el ejercicio de las competencias del Ministerio y de manera subsidiaria, concurrente y coordinada con las entidades del Sistema Nacional Ambiental (SINA) y las entidades del sector minero energ\u00e9tico.<\/p>\n\n\n\n<p>\u201cCon esta decisi\u00f3n se fortalece el ejercicio del sector ambiental en la protecci\u00f3n de los recursos h\u00eddricos, vitales para la vida y el desarrollo sostenible. Este decreto, en un esfuerzo conjunto con las autoridades del sector minero energ\u00e9tico, busca garantizar una gesti\u00f3n integral y responsable del agua frente a la actividad minera\u201d, afirm\u00f3 la ministra de Ambiente y Desarrollo Sostenible, Susana Muhamad.<\/p>\n\n\n\n<p>Esta decisi\u00f3n tambi\u00e9n precisa que se garantiza la participaci\u00f3n para la expedici\u00f3n de las futuras reservas temporales y estima que algunos de los argumentos de la medida se basan en presupuestos err\u00f3neos.<\/p>\n\n\n\n<p>As\u00ed mismo, el alto tribunal consider\u00f3 que este decreto nace como consecuencia de la sentencia del 4 de agosto de 2022 y se emiti\u00f3 con miras a dar aplicaci\u00f3n al Art\u00edculo 47 del Decreto Ley 2811 de 1974 y no lo modifica.<\/p>\n\n\n\n<p>Finalmente, el Gobierno Nacional reitera que con el Decreto 044 se mantiene en ordenamiento jur\u00eddico por la orden del Consejo de Estado.<\/p>\n\n\n\n<p><\/p>\n\n\n\n<p>minambiente.gov.co<\/p>\n","protected":false},"excerpt":{"rendered":"<p>Este Decreto busca establecer un nuevo ordenamiento ambiental minero alrededor del agua para proteger ecosistemas claves para el pa\u00eds y sus servicios ecosist\u00e9micos. Bogot\u00e1, 12 de febrero de 2025 (@Minambienteco) \u2013&nbsp;La Secci\u00f3n primera de la Sala de lo Contencioso Administrativo del Consejo de Estado neg\u00f3 la medida cautelar que pretend\u00eda suspender de manera temporal el [&hellip;]<\/p>\n","protected":false},"author":1,"featured_media":180635,"comment_status":"closed","ping_status":"closed","sticky":false,"template":"","format":"standard","meta":{"_acf_changed":false,"_jetpack_memberships_contains_paid_content":false,"footnotes":"","jetpack_publicize_message":"","jetpack_publicize_feature_enabled":true,"jetpack_social_post_already_shared":true,"jetpack_social_options":{"image_generator_settings":{"template":"highway","default_image_id":0,"font":"","enabled":false},"version":2}},"categories":[6],"tags":[],"class_list":["post-180634","post","type-post","status-publish","format-standard","has-post-thumbnail","hentry","category-ecologia"],"acf":[],"jetpack_publicize_connections":[],"jetpack_featured_media_url":"https:\/\/i0.wp.com\/sportseco.com\/wp-content\/uploads\/2025\/02\/Estado.jpeg?fit=800%2C533&ssl=1","jetpack_sharing_enabled":true,"_links":{"self":[{"href":"https:\/\/sportseco.com\/index.php?rest_route=\/wp\/v2\/posts\/180634","targetHints":{"allow":["GET"]}}],"collection":[{"href":"https:\/\/sportseco.com\/index.php?rest_route=\/wp\/v2\/posts"}],"about":[{"href":"https:\/\/sportseco.com\/index.php?rest_route=\/wp\/v2\/types\/post"}],"author":[{"embeddable":true,"href":"https:\/\/sportseco.com\/index.php?rest_route=\/wp\/v2\/users\/1"}],"replies":[{"embeddable":true,"href":"https:\/\/sportseco.com\/index.php?rest_route=%2Fwp%2Fv2%2Fcomments&post=180634"}],"version-history":[{"count":1,"href":"https:\/\/sportseco.com\/index.php?rest_route=\/wp\/v2\/posts\/180634\/revisions"}],"predecessor-version":[{"id":180636,"href":"https:\/\/sportseco.com\/index.php?rest_route=\/wp\/v2\/posts\/180634\/revisions\/180636"}],"wp:featuredmedia":[{"embeddable":true,"href":"https:\/\/sportseco.com\/index.php?rest_route=\/wp\/v2\/media\/180635"}],"wp:attachment":[{"href":"https:\/\/sportseco.com\/index.php?rest_route=%2Fwp%2Fv2%2Fmedia&parent=180634"}],"wp:term":[{"taxonomy":"category","embeddable":true,"href":"https:\/\/sportseco.com\/index.php?rest_route=%2Fwp%2Fv2%2Fcategories&post=180634"},{"taxonomy":"post_tag","embeddable":true,"href":"https:\/\/sportseco.com\/index.php?rest_route=%2Fwp%2Fv2%2Ftags&post=180634"}],"curies":[{"name":"wp","href":"https:\/\/api.w.org\/{rel}","templated":true}]}}