{"id":180736,"date":"2025-02-14T18:54:35","date_gmt":"2025-02-14T23:54:35","guid":{"rendered":"https:\/\/sportseco.com\/?p=180736"},"modified":"2025-02-14T19:02:40","modified_gmt":"2025-02-15T00:02:40","slug":"cristo-rey-recibe-con-sus-brazos-extendidos-la-feria-internacional-de-aves-colombia-birdfair","status":"publish","type":"post","link":"https:\/\/sportseco.com\/?p=180736","title":{"rendered":"Cristo Rey recibe con sus brazos extendidos la \u2018Feria Internacional de Aves: Colombia Birdfair\u2019"},"content":{"rendered":"\n<figure class=\"wp-block-image\"><img data-recalc-dims=\"1\" decoding=\"async\" src=\"https:\/\/i0.wp.com\/www.cali.gov.co\/dagma\/publicaciones\/184611\/cristo-rey-recibe-con-sus-brazos-extendidos-la-feria-internacional-de-aves-colombia-birdfair\/info\/principal\/media\/pubInt\/thumbs\/thpub_700X400_184611.jpg?w=640&#038;ssl=1\" alt=\"Cristo Rey recibe con sus brazos extendidos la \u2018Feria Internacional de Aves: Colombia Birdfair\u2019\"\/><\/figure>\n\n\n\n<p>Pajareros de diferentes latitudes recorrer\u00e1n, junto a gu\u00edas del Dagma, una de las rutas de naturaleza m\u00e1s exuberantes al oeste de Cali.<\/p>\n\n\n\n<blockquote class=\"wp-block-quote is-layout-flow wp-block-quote-is-layout-flow\">\n<ul class=\"wp-block-list\">\n<li><em>Uno de los principales ecoparques de Cali, Cristo Rey, recibe por primera vez un recorrido de avistamiento dentro de la programaci\u00f3n de \u2018Colombia Birdfair 2025\u2019.<\/em><\/li>\n<\/ul>\n<\/blockquote>\n\n\n\n<p><strong>Santiago de Cali, 14 de febrero de 2025<\/strong><br \/><br \/>El s\u00e1bado (<em>15.02.2025<\/em>), desde las 6:30 de la ma\u00f1ana, se llevar\u00e1 a cabo el primer recorrido de avistamiento en el marco de la&nbsp;<strong><em>\u2018Feria Internacional de Aves: Colombia Birdfair 2025\u2019<\/em><\/strong>.<br \/><br \/>Ser\u00e1 una excelente oportunidad para la nueva administraci\u00f3n del&nbsp;<em>Ecoparque Cristo Rey<\/em>, en cabeza del Departamento Administrativo de Gesti\u00f3n del Medio Ambiente (<em>Dagma<\/em>), que apuesta por comenzar a desarrollar actividades de avistamiento de aves en un ecosistema que se ha venido restaurando desde hace varios a\u00f1os.<br \/><br \/>Los esfuerzos del Gobierno Distrital han sido clave para la conservaci\u00f3n de las aves en Santiago de Cali. \u00c1reas protegidas como los cerros orientales, son de gran importancia en los prop\u00f3sitos de permanencia de especies locales y migratorias.<br \/><br \/><strong>Nutridos avistamientos<\/strong><br \/><br \/>Durante los recorridos que se han venido adelantado con turistas de diferentes latitudes, se ha obtenido evidencia de una gran riqueza de aves, que ahora quedar\u00e1n registradas durante el&nbsp;<em>\u2018Colombia Birdfair\u2019<\/em>&nbsp;y su trazado en Cristo Rey.<br \/><br \/>En el \u00e1rea se ha reportado la presencia de una&nbsp;<strong><em>pava<\/em><\/strong>, de la cual no se ten\u00eda registro hace m\u00e1s de 10 a\u00f1os.<br \/><br \/>Un grupo de&nbsp;<em>25 pajareros<\/em>, que ya se inscribieron oficialmente ante la organizaci\u00f3n de la&nbsp;<em>Feria Internacional<\/em>, recorrer\u00e1 los senderos de este cerro emblem\u00e1tico.<br \/><br \/>Seg\u00fan Luis Carlos Mora, director de voluntarios de la&nbsp;<em>\u2018Colombia Birdfair\u2019<\/em>, gracias al apoyo de la Alcald\u00eda de Cali y el&nbsp;<em>Dagma<\/em>&nbsp;se hizo posible el acceso que permitir\u00e1 pajarear en Cristo Rey.&nbsp;<em>\u201cNos invitaron para que hici\u00e9ramos un diagn\u00f3stico y vimos aves s\u00faper ch\u00e9veres: un \u00e1guila que no es f\u00e1cil de avistar; perdices y unas tangaras. El ecoparque tiene un mirador 360, que seguramente cautivar\u00e1 a todos aquellos que por primera vez van a vivir esta experiencia\u201d<\/em>, coment\u00f3.<br \/><br \/>Para Mauricio Mira Pont\u00f3n, director del&nbsp;<em>Dagma<\/em>, este evento de talla mundial identific\u00f3 que Cristo Rey no es solo un monumento, sino tambi\u00e9n un \u00e1rea de inter\u00e9s estrat\u00e9gica en materia ambiental.&nbsp;<em>\u201cEl ecoparque tiene much\u00edsimas aristas y una de esas virtudes es su gran potencial para el avistamiento. Adem\u00e1s ofrece una gran extensi\u00f3n, en l\u00edmites entre esa Cali urbana con la rural\u201d<\/em>, afirm\u00f3.<br \/><br \/><strong>El domingo tambi\u00e9n hay recorrido de avistamiento<\/strong><br \/><br \/>El domingo (<em>16.02.2025<\/em>), a partir de las 6:30 a.m., se adelantar\u00e1 un segundo recorrido de avistamiento. Los visitantes podr\u00e1n admirar un ecoparque que, tras un proceso de transformaci\u00f3n, se est\u00e1 convirtiendo en referente de la&nbsp;<em>\u2018sucursal del cielo\u2019<\/em>.<br \/><br \/><em>\u201cEste lugar es una gran oportunidad medioambiental para Cali y qu\u00e9 mejor que ser anfitriones de este evento, que recoge el esp\u00edritu de conservaci\u00f3n y protecci\u00f3n de nuestra ciudad, desplegado durante la COP16 y que vive en cada cale\u00f1o, que ama y se siente orgulloso de la Capital Mundial de la Biodiversidad\u201d<\/em>, puntualiz\u00f3 Mauricio Mira Pont\u00f3n.<br \/><br \/>El&nbsp;<strong><em>\u2018Colombia Birdfair 2025\u2019<\/em><\/strong>&nbsp;es organizado por la&nbsp;<em>Asociaci\u00f3n R\u00edo Cali<\/em>&nbsp;y cuenta con el apoyo de entidades privadas y p\u00fablicas como la Administraci\u00f3n Distrital y su Secretar\u00eda de Turismo.<br \/><br \/><strong>Le puede interesar\u2026<\/strong><br \/>&#8211;&nbsp;<a href=\"https:\/\/www.cali.gov.co\/turismo\/publicaciones\/184602\/arranco-colombia-birdfair-con-visitantes-de-nueve-paises\/\" target=\"_blank\" rel=\"noreferrer noopener\">Arranc\u00f3 Colombia Birdfair con visitantes de nueve pa\u00edses<\/a><\/p>\n\n\n\n<ul class=\"wp-block-list\">\n<li><a href=\"https:\/\/www.cali.gov.co\/dagma\/publicaciones\/184611\/cristo-rey-recibe-con-sus-brazos-extendidos-la-feria-internacional-de-aves-colombia-birdfair\/#\"><\/a><a href=\"https:\/\/www.cali.gov.co\/dagma\/publicaciones\/184611\/cristo-rey-recibe-con-sus-brazos-extendidos-la-feria-internacional-de-aves-colombia-birdfair\/#\"><\/a><\/li>\n\n\n\n<li><a href=\"https:\/\/www.cali.gov.co\/dagma\/publicaciones\/184611\/cristo-rey-recibe-con-sus-brazos-extendidos-la-feria-internacional-de-aves-colombia-birdfair\/#\"><\/a><a href=\"https:\/\/www.cali.gov.co\/dagma\/publicaciones\/184611\/cristo-rey-recibe-con-sus-brazos-extendidos-la-feria-internacional-de-aves-colombia-birdfair\/#\"><\/a><\/li>\n\n\n\n<li><a href=\"https:\/\/www.cali.gov.co\/dagma\/publicaciones\/184611\/cristo-rey-recibe-con-sus-brazos-extendidos-la-feria-internacional-de-aves-colombia-birdfair\/#\"><\/a><a href=\"https:\/\/www.cali.gov.co\/dagma\/publicaciones\/184611\/cristo-rey-recibe-con-sus-brazos-extendidos-la-feria-internacional-de-aves-colombia-birdfair\/#\"><\/a><\/li>\n\n\n\n<li><a href=\"https:\/\/www.cali.gov.co\/dagma\/publicaciones\/184611\/cristo-rey-recibe-con-sus-brazos-extendidos-la-feria-internacional-de-aves-colombia-birdfair\/#\"><\/a><a href=\"https:\/\/www.cali.gov.co\/dagma\/publicaciones\/184611\/cristo-rey-recibe-con-sus-brazos-extendidos-la-feria-internacional-de-aves-colombia-birdfair\/#\"><\/a><\/li>\n<\/ul>\n\n\n\n<p><strong>Comunicaciones Dagma<\/strong><\/p>\n\n\n\n<p><\/p>\n\n\n\n<p>cali.gov.co<\/p>\n\n\n\n<p>N\u00famero de visitas a esta p\u00e1gina 72<\/p>\n","protected":false},"excerpt":{"rendered":"<p>Pajareros de diferentes latitudes recorrer\u00e1n, junto a gu\u00edas del Dagma, una de las rutas de naturaleza m\u00e1s exuberantes al oeste de Cali. Santiago de Cali, 14 de febrero de 2025 El s\u00e1bado (15.02.2025), desde las 6:30 de la ma\u00f1ana, se llevar\u00e1 a cabo el primer recorrido de avistamiento en el marco de la&nbsp;\u2018Feria Internacional de [&hellip;]<\/p>\n","protected":false},"author":1,"featured_media":180740,"comment_status":"closed","ping_status":"closed","sticky":false,"template":"","format":"standard","meta":{"_acf_changed":false,"_jetpack_memberships_contains_paid_content":false,"footnotes":"","jetpack_publicize_message":"","jetpack_publicize_feature_enabled":true,"jetpack_social_post_already_shared":true,"jetpack_social_options":{"image_generator_settings":{"template":"highway","default_image_id":0,"font":"","enabled":false},"version":2}},"categories":[6],"tags":[],"class_list":["post-180736","post","type-post","status-publish","format-standard","has-post-thumbnail","hentry","category-ecologia"],"acf":[],"jetpack_publicize_connections":[],"jetpack_featured_media_url":"https:\/\/i0.wp.com\/sportseco.com\/wp-content\/uploads\/2025\/02\/thgaleria_700X400_316159.jpg?fit=533%2C400&ssl=1","jetpack_sharing_enabled":true,"_links":{"self":[{"href":"https:\/\/sportseco.com\/index.php?rest_route=\/wp\/v2\/posts\/180736","targetHints":{"allow":["GET"]}}],"collection":[{"href":"https:\/\/sportseco.com\/index.php?rest_route=\/wp\/v2\/posts"}],"about":[{"href":"https:\/\/sportseco.com\/index.php?rest_route=\/wp\/v2\/types\/post"}],"author":[{"embeddable":true,"href":"https:\/\/sportseco.com\/index.php?rest_route=\/wp\/v2\/users\/1"}],"replies":[{"embeddable":true,"href":"https:\/\/sportseco.com\/index.php?rest_route=%2Fwp%2Fv2%2Fcomments&post=180736"}],"version-history":[{"count":1,"href":"https:\/\/sportseco.com\/index.php?rest_route=\/wp\/v2\/posts\/180736\/revisions"}],"predecessor-version":[{"id":180738,"href":"https:\/\/sportseco.com\/index.php?rest_route=\/wp\/v2\/posts\/180736\/revisions\/180738"}],"wp:featuredmedia":[{"embeddable":true,"href":"https:\/\/sportseco.com\/index.php?rest_route=\/wp\/v2\/media\/180740"}],"wp:attachment":[{"href":"https:\/\/sportseco.com\/index.php?rest_route=%2Fwp%2Fv2%2Fmedia&parent=180736"}],"wp:term":[{"taxonomy":"category","embeddable":true,"href":"https:\/\/sportseco.com\/index.php?rest_route=%2Fwp%2Fv2%2Fcategories&post=180736"},{"taxonomy":"post_tag","embeddable":true,"href":"https:\/\/sportseco.com\/index.php?rest_route=%2Fwp%2Fv2%2Ftags&post=180736"}],"curies":[{"name":"wp","href":"https:\/\/api.w.org\/{rel}","templated":true}]}}