{"id":180747,"date":"2025-02-15T09:17:21","date_gmt":"2025-02-15T14:17:21","guid":{"rendered":"https:\/\/sportseco.com\/?p=180747"},"modified":"2025-02-15T09:17:27","modified_gmt":"2025-02-15T14:17:27","slug":"dia-internacional-contra-el-cancer-infantil-15-de-febrero","status":"publish","type":"post","link":"https:\/\/sportseco.com\/?p=180747","title":{"rendered":"D\u00eda Internacional contra el C\u00e1ncer Infantil, 15 de febrero"},"content":{"rendered":"\n<p><strong>El 15 de febrero se conmemora el D\u00eda Internacional contra el C\u00e1ncer Infantil,<\/strong>&nbsp;una fecha proclamada en&nbsp;<strong>Luxemburgo<\/strong>, gracias a la&nbsp;<strong>Organizaci\u00f3n Internacional de C\u00e1ncer Infantil.&nbsp;<\/strong>Tambi\u00e9n se denomina&nbsp;<strong>D\u00eda Internacional del Ni\u00f1o con C\u00e1ncer.<\/strong><\/p>\n\n\n\n<p>El objetivo es crear conciencia y sensibilizar a las personas sobre una enfermedad que lamentablemente afecta a muchos ni\u00f1os y j\u00f3venes, para ayudar a las familias a que sus hijos tengan un diagn\u00f3stico oportuno y el debido tratamiento y esto, a su vez, les garantice el derecho a la vida y a la salud.<\/p>\n\n\n\n<figure class=\"wp-block-embed is-type-rich is-provider-gestor-del-servicio wp-block-embed-gestor-del-servicio wp-embed-aspect-16-9 wp-has-aspect-ratio\"><div class=\"wp-block-embed__wrapper\">\n<iframe loading=\"lazy\" title=\"La risa de los ni\u00f1os con c\u00e1ncer\" width=\"640\" height=\"360\" src=\"https:\/\/www.youtube.com\/embed\/DuD5C5f4xcY?feature=oembed\" frameborder=\"0\" allow=\"accelerometer; autoplay; clipboard-write; encrypted-media; gyroscope; picture-in-picture; web-share\" referrerpolicy=\"strict-origin-when-cross-origin\" allowfullscreen><\/iframe>\n<\/div><\/figure>\n\n\n\n<p>La risa de los ni\u00f1os con c\u00e1ncer<\/p>\n\n\n\n<h2 class=\"wp-block-heading\" id=\"resTit_2\">\u00bfQu\u00e9 es el C\u00e1ncer Infantil?<\/h2>\n\n\n\n<p>El c\u00e1ncer infantil es una patolog\u00eda que ataca a los ni\u00f1os en edades muy tempranas y que consiste en un crecimiento anormal de c\u00e9lulas malignas que se diseminan en el interior del cuerpo. Hasta ahora, no hay manera de saber qu\u00e9 lo provoca.<\/p>\n\n\n\n<p><\/p>\n\n\n\n<h2 class=\"wp-block-heading\" id=\"resTit_3\">El c\u00e1ncer, un mal latente entre la poblaci\u00f3n infantil<\/h2>\n\n\n\n<p>Actualmente, el c\u00e1ncer se ha transformado en una epidemia que afecta a un alto porcentaje de ni\u00f1as y ni\u00f1os en distintos lugres del planeta. Es una triste y lamentable realidad, que muchas veces pasa desapercibida, pero m\u00e1s com\u00fan y cotidiana de lo que mucha gente se puede llegar a imaginar.<\/p>\n\n\n\n<p>Son miles los casos reportados de ni\u00f1os y j\u00f3venes afectados por este padecimiento, siendo&nbsp;<strong>la primera causa de muerte infantil hasta ahora conocida<\/strong>.<\/p>\n\n\n\n<h2 class=\"wp-block-heading\" id=\"resTit_4\">Tipos de c\u00e1ncer m\u00e1s frecuentes en los ni\u00f1os y j\u00f3venes<\/h2>\n\n\n\n<p>La mayor\u00eda de ni\u00f1os y j\u00f3venes que padecen esta condici\u00f3n, sufren un tipo de c\u00e1ncer conocido como&nbsp;<strong>leucemia<\/strong>, seguido por&nbsp;<strong>afecciones en el sistema nervioso central<\/strong>, donde se presentan tumoraciones y otro bastante frecuente, son los llamados&nbsp;<strong>linfomas<\/strong>, que atacan los ganglios linf\u00e1ticos.<\/p>\n\n\n\n<p>Afortunadamente y gracias a los avances de la ciencia, muchos de estos ni\u00f1os, que son diagnosticados a tiempo, logran sobrevivir, lo que representa una noticia esperanzadora ante una realidad muy dura de enfrentar.<\/p>\n\n\n\n<h2 class=\"wp-block-heading\" id=\"resTit_5\">\u00bfC\u00f3mo debe ser la atenci\u00f3n de un ni\u00f1o con c\u00e1ncer?<\/h2>\n\n\n\n<figure class=\"wp-block-image\"><img data-recalc-dims=\"1\" decoding=\"async\" src=\"https:\/\/i0.wp.com\/www.diainternacionalde.com\/imagenes\/dias\/febrero\/02-15_dia-internacional-del-cancer-infantil_diente-leon_m.jpg?w=640&#038;ssl=1\" alt=\"Se debe buscar la normalidad en la vida de un ni\u00f1o con c\u00e1ncer en la medida de lo posible\" title=\"Se debe buscar la normalidad en la vida de un ni\u00f1o con c\u00e1ncer en la medida de lo posible\"\/><figcaption class=\"wp-element-caption\">Se debe buscar la normalidad en la vida de un ni\u00f1o con c\u00e1ncer en la medida de lo posible<\/figcaption><\/figure>\n\n\n\n<p>Todo ni\u00f1o con c\u00e1ncer tiene derecho a la vida, a tener una existencia relativamente normal, con acceso a la educaci\u00f3n, a realizar actividades l\u00fadicas y por su puesto al debido tratamiento para afrontar la enfermedad.<\/p>\n\n\n\n<p>Sin embargo la realidad es otra para muchos de estos ni\u00f1os, sobre todo para aquellos que viven en condiciones de extrema pobreza, donde sus familiares y el pa\u00eds donde residen no les pueden ofrecer ninguna de estas garant\u00edas.<\/p>\n\n\n\n<h2 class=\"wp-block-heading\" id=\"resTit_6\">\u00bfHay esperanzas para el ni\u00f1o con c\u00e1ncer?<\/h2>\n\n\n\n<figure class=\"wp-block-image\"><img data-recalc-dims=\"1\" decoding=\"async\" src=\"https:\/\/i0.wp.com\/www.diainternacionalde.com\/imagenes\/dias\/febrero\/02-15_dia-internacional-del-cancer-infantil_columpio_m.jpg?w=640&#038;ssl=1\" alt=\"La investigaci\u00f3n y el acceso a los tratamientos, retos actuales del c\u00e1ncer infantil\" title=\"La investigaci\u00f3n y el acceso a los tratamientos, retos actuales del c\u00e1ncer infantil\"\/><figcaption class=\"wp-element-caption\">La investigaci\u00f3n y el acceso a los tratamientos, retos actuales del c\u00e1ncer infantil<\/figcaption><\/figure>\n\n\n\n<p>Siempre que los gobiernos y pa\u00edses de las distintas naciones est\u00e9n dispuestos a invertir en la lucha contra el c\u00e1ncer infantil, habr\u00e1 m\u00e1s posibilidades que los ni\u00f1os que enfrentan esta enfermedad sobrevivan, sobre todo en los pa\u00edses subdesarrollados donde el derecho a la salud resulta imposible para la poblaci\u00f3n de m\u00e1s bajos recursos.<\/p>\n\n\n\n<p>Por otro lado, todav\u00eda&nbsp;<strong>se necesita invertir m\u00e1s en programas de investigaci\u00f3n<\/strong>&nbsp;para que la ciencia logre hallar la verdadera causa de este terrible padecimiento. Como sociedad, debemos todos aportar nuestro granito de arena para transformar la vida y los sue\u00f1os de cada ni\u00f1o con c\u00e1ncer.<\/p>\n\n\n\n<p>De acuerdo a los especialistas, los ni\u00f1os tienen la ventaja de curarse mucho m\u00e1s r\u00e1pido y esto est\u00e1 asociado a su edad, sistema inmunol\u00f3gico y al proceso de crecimiento tan natural en ellos en sus primeras etapas de formaci\u00f3n.<\/p>\n\n\n\n<h2 class=\"wp-block-heading\" id=\"resTit_7\">El lazo dorado, un s\u00edmbolo de fortaleza y esperanza para los ni\u00f1os con c\u00e1ncer<\/h2>\n\n\n\n<p><strong>El lazo dorado<\/strong>, es una forma de expresar la valent\u00eda y hero\u00edsmo de todos estos peque\u00f1os pacientes, que no se rinden y luchan para seguir disfrutando el placer de estar vivos, acompa\u00f1ados por sus padres, familiares y amigos.<\/p>\n\n\n\n<p><\/p>\n\n\n\n<p>Este original s\u00edmbolo, es una manera de ofrecer apoyo a todos los ni\u00f1os que en todo el batallan contra la enfermedad del c\u00e1ncer cada d\u00eda.<\/p>\n\n\n\n<p>Son muchas las organizaciones, tanto p\u00fablicas como privadas, que a trav\u00e9s de campa\u00f1as, muestran este s\u00edmbolo. Sin embargo, hoy m\u00e1s que nunca, se necesita que este estandarte tenga mayor trascendencia, para lograr sensibilizar a una gran parte de la sociedad.<\/p>\n\n\n\n<h2 class=\"wp-block-heading\" id=\"resTit_8\">\u00bfC\u00f3mo celebrar el D\u00eda Internacional del Ni\u00f1o con C\u00e1ncer?<\/h2>\n\n\n\n<p>Hay muchas maneras de celebrar este d\u00eda tan especial, para llevar un mensaje de alegr\u00eda, esperanza y vida al ni\u00f1o con c\u00e1ncer.<\/p>\n\n\n\n<p>Ahora mismo, hay miles de ni\u00f1os recibiendo tratamiento en distintos&nbsp;<strong>hospitales y centros de salud en todas partes del mundo<\/strong>. Toma ahora mismo la iniciativa y ponte en contacto con alguna de las asociaciones que se dedican a visitar a estos ni\u00f1os para llevarles una sonrisa o una palabra de aliento para ellos y sus familiares.<\/p>\n\n\n\n<p>Tambi\u00e9n puedes realizar alg\u00fan aporte econ\u00f3mico a trav\u00e9s de alguna de estas organizaciones o fundaciones, para que con ese dinero, se puedan seguir beneficiando y tratando m\u00e1s ni\u00f1os y j\u00f3venes.<\/p>\n\n\n\n<p><\/p>\n\n\n\n<p>diainternacionalde.com<\/p>\n","protected":false},"excerpt":{"rendered":"<p>El 15 de febrero se conmemora el D\u00eda Internacional contra el C\u00e1ncer Infantil,&nbsp;una fecha proclamada en&nbsp;Luxemburgo, gracias a la&nbsp;Organizaci\u00f3n Internacional de C\u00e1ncer Infantil.&nbsp;Tambi\u00e9n se denomina&nbsp;D\u00eda Internacional del Ni\u00f1o con C\u00e1ncer. El objetivo es crear conciencia y sensibilizar a las personas sobre una enfermedad que lamentablemente afecta a muchos ni\u00f1os y j\u00f3venes, para ayudar a las [&hellip;]<\/p>\n","protected":false},"author":1,"featured_media":180749,"comment_status":"closed","ping_status":"closed","sticky":false,"template":"","format":"standard","meta":{"_acf_changed":false,"_jetpack_memberships_contains_paid_content":false,"footnotes":"","jetpack_publicize_message":"","jetpack_publicize_feature_enabled":true,"jetpack_social_post_already_shared":true,"jetpack_social_options":{"image_generator_settings":{"template":"highway","default_image_id":0,"font":"","enabled":false},"version":2}},"categories":[6],"tags":[],"class_list":["post-180747","post","type-post","status-publish","format-standard","has-post-thumbnail","hentry","category-ecologia"],"acf":[],"jetpack_publicize_connections":[],"jetpack_featured_media_url":"https:\/\/i0.wp.com\/sportseco.com\/wp-content\/uploads\/2025\/02\/02-15_dia-internacional-del-cancer-infantil.jpg?fit=305%2C203&ssl=1","jetpack_sharing_enabled":true,"_links":{"self":[{"href":"https:\/\/sportseco.com\/index.php?rest_route=\/wp\/v2\/posts\/180747","targetHints":{"allow":["GET"]}}],"collection":[{"href":"https:\/\/sportseco.com\/index.php?rest_route=\/wp\/v2\/posts"}],"about":[{"href":"https:\/\/sportseco.com\/index.php?rest_route=\/wp\/v2\/types\/post"}],"author":[{"embeddable":true,"href":"https:\/\/sportseco.com\/index.php?rest_route=\/wp\/v2\/users\/1"}],"replies":[{"embeddable":true,"href":"https:\/\/sportseco.com\/index.php?rest_route=%2Fwp%2Fv2%2Fcomments&post=180747"}],"version-history":[{"count":1,"href":"https:\/\/sportseco.com\/index.php?rest_route=\/wp\/v2\/posts\/180747\/revisions"}],"predecessor-version":[{"id":180750,"href":"https:\/\/sportseco.com\/index.php?rest_route=\/wp\/v2\/posts\/180747\/revisions\/180750"}],"wp:featuredmedia":[{"embeddable":true,"href":"https:\/\/sportseco.com\/index.php?rest_route=\/wp\/v2\/media\/180749"}],"wp:attachment":[{"href":"https:\/\/sportseco.com\/index.php?rest_route=%2Fwp%2Fv2%2Fmedia&parent=180747"}],"wp:term":[{"taxonomy":"category","embeddable":true,"href":"https:\/\/sportseco.com\/index.php?rest_route=%2Fwp%2Fv2%2Fcategories&post=180747"},{"taxonomy":"post_tag","embeddable":true,"href":"https:\/\/sportseco.com\/index.php?rest_route=%2Fwp%2Fv2%2Ftags&post=180747"}],"curies":[{"name":"wp","href":"https:\/\/api.w.org\/{rel}","templated":true}]}}