{"id":180924,"date":"2025-02-16T14:58:21","date_gmt":"2025-02-16T19:58:21","guid":{"rendered":"https:\/\/sportseco.com\/?p=180924"},"modified":"2025-02-16T14:58:28","modified_gmt":"2025-02-16T19:58:28","slug":"dia-mundial-de-las-ballenas-16-de-febrero","status":"publish","type":"post","link":"https:\/\/sportseco.com\/?p=180924","title":{"rendered":"D\u00eda Mundial de las Ballenas, 16 de febrero"},"content":{"rendered":"\n<p>Cada tercer domingo de febrero se rinde homenaje a un gigante de los oc\u00e9anos. Se celebra el&nbsp;<strong>D\u00eda Mundial de las Ballenas<\/strong>, y te contamos curiosidades, pel\u00edculas sobre ballenas y c\u00f3mo se festeja este d\u00eda dedicado a los colosos del mar.<\/p>\n\n\n\n<p>La finalidad es la de concienciar a la poblaci\u00f3n mundial acerca del valor ecol\u00f3gico de estas especies para el planeta. Te explicamos por qu\u00e9 se escogi\u00f3 el mes de febrero para conmemorar esta efem\u00e9ride.<\/p>\n\n\n\n<h2 class=\"wp-block-heading\" id=\"resTit_1\">\u00bfPor qu\u00e9 se celebra el D\u00eda Mundial de las Ballenas?<\/h2>\n\n\n\n<p>Este d\u00eda se cre\u00f3 en el a\u00f1o 1980 en Maui (Hawai), gracias a la iniciativa de Greg Kauffman, fundador de&nbsp;<strong>Pacific Whale Foundation<\/strong>. Ello con la finalidad de generar conciencia acerca de la amenaza de extinci\u00f3n que afrontan las ballenas jorobadas.<\/p>\n\n\n\n<p><\/p>\n\n\n\n<p>Te invitamos a consultar informaci\u00f3n adicional sobre este tema, en los siguientes art\u00edculos:<\/p>\n\n\n\n<ul class=\"wp-block-list\">\n<li><a href=\"https:\/\/www.diainternacionalde.com\/ficha\/dia-mundial-ballenas-y-delfines\" target=\"_blank\" rel=\"noreferrer noopener\"><strong>D\u00eda Mundial de las Ballenas y los Delfines<\/strong><\/a>.<\/li>\n\n\n\n<li><a href=\"https:\/\/www.diainternacionalde.com\/ficha\/dia-internacional-tiburon-ballena\" target=\"_blank\" rel=\"noreferrer noopener\"><strong>D\u00eda Internacional del Tibur\u00f3n Ballena<\/strong><\/a>.<\/li>\n\n\n\n<li><a href=\"https:\/\/www.diainternacionalde.com\/ficha\/dia-mundial-oceanos\" target=\"_blank\" rel=\"noreferrer noopener\"><strong>D\u00eda Mundial de los Oc\u00e9anos<\/strong><\/a>.<\/li>\n<\/ul>\n\n\n\n<h2 class=\"wp-block-heading\" id=\"resTit_2\">Las Ballenas: los colosos del mar<\/h2>\n\n\n\n<p>Las&nbsp;<em><strong>ballenas o bal\u00e9nidos (Balaenoptera musculus)&nbsp;<\/strong><\/em>son mam\u00edferos pertenecientes a la familia de los cet\u00e1ceos y habitan en los oc\u00e9anos.<\/p>\n\n\n\n<figure class=\"wp-block-image\"><img data-recalc-dims=\"1\" decoding=\"async\" src=\"https:\/\/i0.wp.com\/www.diainternacionalde.com\/imagenes\/dias\/febrero\/02-19_dia-internacional-ballenas-entera_m.jpg?w=640&#038;ssl=1\" alt=\"\" title=\"\"\/><\/figure>\n\n\n\n<p>Son considerados los mam\u00edferos m\u00e1s grandes del planeta.<\/p>\n\n\n\n<p>En lo concerniente a su&nbsp;<strong>anatom\u00eda<\/strong>, el cr\u00e1neo ocupa un tercio de la longitud de su cuerpo, posee una aleta dorsal y dos aletas pectorales que le proporcionan movimiento y equilibrio, as\u00ed como una cola en posici\u00f3n horizontal.<\/p>\n\n\n\n<p>La densa capa de grasa que rodea su cuerpo les permite habitar en regiones fr\u00edas y templadas.<\/p>\n\n\n\n<p>Las ballenas utilizan un orificio en la parte superior de la cabeza para respirar, denominado&nbsp;<em><strong>espir\u00e1culo<\/strong><\/em>.<\/p>\n\n\n\n<p>Existen dos<strong>&nbsp;tipos de ballenas:&nbsp;<em>barbadas y dentadas<\/em><\/strong>, clasificadas en las siguientes especies:<\/p>\n\n\n\n<p><em><strong>Ballenas barbadas:<\/strong><\/em><\/p>\n\n\n\n<ul class=\"wp-block-list\">\n<li><em>Ballena beluga o ballena blanca<\/em>\u00a0(habita en Groelandia, Norteam\u00e9rica y Rusia)<\/li>\n\n\n\n<li><em>Ballena narval<\/em>\u00a0(habita en mares del Oc\u00e9ano Atl\u00e1ntico y el \u00c1rtico).<\/li>\n\n\n\n<li><em>Ballena piloto o calderones<\/em>\u00a0(habita en aguas templadas y sub\u00e1rticas).<\/li>\n\n\n\n<li><em>Cachalote<\/em>\u00a0(es una de las especies m\u00e1s vulnerables y en extinci\u00f3n)<\/li>\n<\/ul>\n\n\n\n<p><em><strong>Ballenas dentadas:<\/strong><\/em><\/p>\n\n\n\n<ul class=\"wp-block-list\">\n<li><em>Ballena azul<\/em>\u00a0(habita en los oc\u00e9anos Atl\u00e1ntico y Pac\u00edfico).<\/li>\n\n\n\n<li><em>Ballena boreal o ballena de Groelandia<\/em>.<\/li>\n\n\n\n<li><em>Rorcual Com\u00fan<\/em>\u00a0(habita en el oc\u00e9ano \u00c1rtico).<\/li>\n\n\n\n<li><em>Ballena franca<\/em>\u00a0(poseen tres subespecies).<\/li>\n<\/ul>\n\n\n\n<p>Las&nbsp;<strong>caracter\u00edsticas generales<\/strong>&nbsp;de estos cet\u00e1ceos var\u00edan, de acuerdo a cada especie:<\/p>\n\n\n\n<p><\/p>\n\n\n\n<ul class=\"wp-block-list\">\n<li>Tama\u00f1o: 15 a 40 metros.<\/li>\n\n\n\n<li>Peso: entre 100 y 180 toneladas.<\/li>\n\n\n\n<li>Longevidad: viven entre 60 y 70 a\u00f1os.<\/li>\n\n\n\n<li>Alimentaci\u00f3n: carecen de dientes, aliment\u00e1ndose hasta unos 1000 kg de comida diarios (peces, krill, placton y crust\u00e1ceos).<\/li>\n\n\n\n<li>Reproducci\u00f3n: viv\u00edpara, con un periodo de gestaci\u00f3n estimado entre 11 a 16 meses.<\/li>\n\n\n\n<li>H\u00e1bitat: oc\u00e9anos, aguas fr\u00edas del \u00e1rtico y regiones tropicales.<\/li>\n<\/ul>\n\n\n\n<figure class=\"wp-block-image\"><img data-recalc-dims=\"1\" decoding=\"async\" src=\"https:\/\/i0.wp.com\/www.diainternacionalde.com\/imagenes\/dias\/febrero\/02-19_dia-internacional-ballenas-bebe_m.jpg?w=640&#038;ssl=1\" alt=\"\" title=\"\"\/><\/figure>\n\n\n\n<p>En la actualidad&nbsp;<strong>las ballenas se encuentran en peligro de extinci\u00f3n<\/strong>, debido a los siguientes&nbsp;<strong>factores<\/strong>:<\/p>\n\n\n\n<ul class=\"wp-block-list\">\n<li>Pesca ilegal, para la comercializaci\u00f3n de su carne, grasa y aceite.<\/li>\n\n\n\n<li>Caza deportiva.<\/li>\n\n\n\n<li>La destrucci\u00f3n de su h\u00e1bitat, debido a la contaminaci\u00f3n por materiales t\u00f3xicos (derrames de petr\u00f3leo, productos qu\u00edmicos y desechos industriales).<\/li>\n\n\n\n<li>El cambio clim\u00e1tico altera las temperaturas de las aguas del mar, afectando las fuentes de alimentos de las ballenas.<\/li>\n\n\n\n<li>La constante migraci\u00f3n de las ballenas para ubicar h\u00e1bitats que les permita alimentarse influye en las tasas reproductivas de algunas especies.<\/li>\n\n\n\n<li>El periodo de reproducci\u00f3n de las ballenas est\u00e1 estimado entre los 7 y 14 a\u00f1os de edad, lo que dificulta la inmediata continuidad de la especie.<\/li>\n<\/ul>\n\n\n\n<h2 class=\"wp-block-heading\" id=\"resTit_3\">\u00bfSab\u00edas Qu\u00e9? Curiosidades acerca de las Ballenas<\/h2>\n\n\n\n<p>Conoce algunos datos curiosos, sorprendentes e interesantes sobre las ballenas:<\/p>\n\n\n\n<ul class=\"wp-block-list\">\n<li><strong><em>La Ballena Azul es considerado el animal m\u00e1s grande del mundo<\/em><\/strong>. Mide aproximadamente 30 metros y pesa unos 180.000 kilos.<\/li>\n\n\n\n<li>Se estima que\u00a0<strong><em>las ballenas habitan el planeta desde hace unos 55 millones de a\u00f1os<\/em><\/strong>.<\/li>\n\n\n\n<li>De acuerdo a estudios realizados\u00a0<em><strong>algunas especies de ballenas son atra\u00eddas por la m\u00fasica<\/strong><\/em>.<\/li>\n\n\n\n<li><em><strong>Los cachalotes duermen en posici\u00f3n vertical<\/strong><\/em>, con la cabeza hacia arriba.<\/li>\n\n\n\n<li><strong><em>Las ballenas poseen un \u00f3rgano sensorial en sus mejillas<\/em><\/strong>\u00a0que les permite filtrar unos 80 metros c\u00fabicos de agua, mientras comen.<\/li>\n\n\n\n<li>Investigadores de la Fundaci\u00f3n Nacional de Mam\u00edferos Marinos de Estados Unidos afirman que\u00a0<strong><em>las ballenas pueden imitar espont\u00e1neamente voces de los seres humanos<\/em><\/strong>.<\/li>\n\n\n\n<li><strong>Pueden adoptar cr\u00edas de otras especies<\/strong>\u00a0(por ejemplo delfines), como miembros del grupo.<\/li>\n\n\n\n<li>Se estima que las\u00a0<strong><em>ballenas boreales pueden vivir entre 60 y 90 a\u00f1os<\/em><\/strong>.<\/li>\n\n\n\n<li><strong><em>El coraz\u00f3n de una ballena es del tama\u00f1o de un auto\u00a0<\/em><\/strong>y pueden entrar unas 100 personas en su boca.<\/li>\n\n\n\n<li>Las ballenas jorobadas macho cantan generalmente la misma melod\u00eda de apareamiento, conocido como\u00a0<strong><em>\u00abcantos de ballenas\u00bb<\/em><\/strong>.<\/li>\n\n\n\n<li><strong><em>La ballena m\u00e1s rara del mundo es la Mesoplodon Traversii<\/em><\/strong>. Es una ballena picuda de pala dentada, que mide unos 5 metros de longitud.<\/li>\n<\/ul>\n\n\n\n<h2 class=\"wp-block-heading\" id=\"resTit_4\">Filmograf\u00eda sobre las ballenas<\/h2>\n\n\n\n<figure class=\"wp-block-image\"><img data-recalc-dims=\"1\" decoding=\"async\" src=\"https:\/\/i0.wp.com\/www.diainternacionalde.com\/imagenes\/dias\/febrero\/02-19_dia-internacional-ballenas-cola_m.jpg?w=640&#038;ssl=1\" alt=\"\" title=\"\"\/><\/figure>\n\n\n\n<p>Existen infinidad de largometrajes y cortometrajes sobre las ballenas y, en general, los cet\u00e1ceos. En este art\u00edculo queremos compartir algunos t\u00edtulos de pel\u00edculas, documentales y series de tv, cuyo gran protagonista es la ballena. Vive grandes aventuras en altamar, desde la comodidad de tu hogar:<\/p>\n\n\n\n<ul class=\"wp-block-list\">\n<li><em><strong>En el Coraz\u00f3n del Mar (EEUU. Director: Ron Howard. A\u00f1o 2015):\u00a0<\/strong><\/em>en 1820 el buque ballenero Essex navega durante el fr\u00edo invierno. Son atacados por una ballena gigante: Moby Dick. La tripulaci\u00f3n sobrevive al brutal ataque, debiendo sobrevivir en altamar.<\/li>\n\n\n\n<li><em><strong>Una Aventura Extraordinaria (EEUU. Director: Ken Kwapis. A\u00f1o 2012):<\/strong><\/em>\u00a0en el a\u00f1o 1988 tres ballenas grises quedaron atrapadas en el C\u00edrculo Polar \u00c1rtico, acaparando la atenci\u00f3n de los medios de comunicaci\u00f3n y de otras naciones del mundo. Basada en hechos reales.<\/li>\n\n\n\n<li><em><strong>Moby Dick (Alemania. Director: Mike Barker. A\u00f1o 2010):<\/strong><\/em>\u00a0miniserie de TV ambientada en el puerto de Nantucket, ubicado en la costa este de Estados Unidos. En 1859 el barco ballenero Pequod parte a altamar a cazar a la m\u00edtica ballena blanca Moby Dick.<\/li>\n\n\n\n<li><em><strong>El Secreto de las Ballenas (Alemania. Director: Phillip Kadelbach. A\u00f1o 2010):<\/strong><\/em>\u00a0una mujer y su hija viajan a Nueva Zelanda a visitar a su solitario padre, un estudioso de las ballenas. Un d\u00eda su barca explota de una manera inexplicable.<\/li>\n\n\n\n<li><em><strong>Dolphins and Whales 3D: Tribes of The Ocean (Reino Unido. Director: Jean-Jacques Mantello. A\u00f1o 2008):\u00a0<\/strong><\/em>documental que muestra la forma de vida de las tribus submarinas que viven en el mar: ballenas jorobadas, delfines salvajes, manat\u00edes y orcas.<\/li>\n\n\n\n<li><em><strong>Whale Rider: El Jinete de Ballenas<\/strong>\u00a0(Nueva Zelanda. Director: Niki Caro. A\u00f1o 2002):<\/em>\u00a0los abor\u00edgenes de la tribu Whangara de Nueva Zelanda creen fervientemente que su \u00fanico ancestro (Paikea) escap\u00f3 de la muerte, montado en el lomo de una ballena. De acuerdo a la tradici\u00f3n el Paikea o Whale Rider debe ser un primog\u00e9nito var\u00f3n.<\/li>\n\n\n\n<li><em><strong>El Defensor de las Ballenas (EEUU. Director: Richard T. Heffron. A\u00f1o 1981):<\/strong><\/em>\u00a0durante una gran tormenta una ballena jorobada queda atrapada en la laguna de un peque\u00f1o pueblo pesquero. Los pescadores de la zona intentar\u00e1n cazarla y un visitante del lugar intentar\u00e1 salvarla.<\/li>\n\n\n\n<li><strong><em>Orca: La Ballena Asesina (EEUU. Director: Michael Anderson. A\u00f1o 1977):<\/em><\/strong>\u00a0cl\u00e1sico cinematogr\u00e1fico que muestra la obsesi\u00f3n del capit\u00e1n Nolan de cazar un peligroso ejemplar de orca, considerada la reina m\u00e1s peligrosa de los mares.<\/li>\n<\/ul>\n\n\n\n<h2 class=\"wp-block-heading\" id=\"resTit_5\">\u00bfC\u00f3mo se celebra el D\u00eda Mundial de las Ballenas?<\/h2>\n\n\n\n<p>Anualmente se celebra en Hawai el&nbsp;<strong><em>Festival de las Ballenas de Maui<\/em><\/strong>, organizado por Pacific Whale Foundation. Es un evento gratuito que incluye desfiles con carrozas, eventos infantiles y personajes disfrazados. Asimismo, participan estrellas hawaianas e internacionales, con m\u00fasica y mucha diversi\u00f3n.<\/p>\n\n\n\n<p>Puedes aportar tu grano de arena para contribuir a la salud de los oc\u00e9anos, evitando arrojar desechos al mar y apoyando a fundaciones y organizaciones vinculadas con las ballenas, como voluntario, divulgando informaci\u00f3n sobre estas especies o apoyando la recaudaci\u00f3n de fondos.<\/p>\n\n\n\n<p>Comparte informaci\u00f3n \u00fatil e interesante sobre el&nbsp;<strong>D\u00eda Mundial de las Ballenas<\/strong>&nbsp;en las redes sociales. Utiliza los hashtags&nbsp;<em><strong>#WorldWhaleDay #WhaleDay<\/strong><\/em><\/p>\n\n\n\n<p><\/p>\n\n\n\n<p><\/p>\n\n\n\n<p>diainternacionalde.com<\/p>\n","protected":false},"excerpt":{"rendered":"<p>Cada tercer domingo de febrero se rinde homenaje a un gigante de los oc\u00e9anos. Se celebra el&nbsp;D\u00eda Mundial de las Ballenas, y te contamos curiosidades, pel\u00edculas sobre ballenas y c\u00f3mo se festeja este d\u00eda dedicado a los colosos del mar. La finalidad es la de concienciar a la poblaci\u00f3n mundial acerca del valor ecol\u00f3gico de [&hellip;]<\/p>\n","protected":false},"author":1,"featured_media":180797,"comment_status":"closed","ping_status":"closed","sticky":false,"template":"","format":"standard","meta":{"_acf_changed":false,"_jetpack_memberships_contains_paid_content":false,"footnotes":"","jetpack_publicize_message":"","jetpack_publicize_feature_enabled":true,"jetpack_social_post_already_shared":true,"jetpack_social_options":{"image_generator_settings":{"template":"highway","default_image_id":0,"font":"","enabled":false},"version":2}},"categories":[6],"tags":[],"class_list":["post-180924","post","type-post","status-publish","format-standard","has-post-thumbnail","hentry","category-ecologia"],"acf":[],"jetpack_publicize_connections":[],"jetpack_featured_media_url":"https:\/\/i0.wp.com\/sportseco.com\/wp-content\/uploads\/2025\/02\/02-19_dia-internacional-ballenas-entera_m.jpg?fit=650%2C432&ssl=1","jetpack_sharing_enabled":true,"_links":{"self":[{"href":"https:\/\/sportseco.com\/index.php?rest_route=\/wp\/v2\/posts\/180924","targetHints":{"allow":["GET"]}}],"collection":[{"href":"https:\/\/sportseco.com\/index.php?rest_route=\/wp\/v2\/posts"}],"about":[{"href":"https:\/\/sportseco.com\/index.php?rest_route=\/wp\/v2\/types\/post"}],"author":[{"embeddable":true,"href":"https:\/\/sportseco.com\/index.php?rest_route=\/wp\/v2\/users\/1"}],"replies":[{"embeddable":true,"href":"https:\/\/sportseco.com\/index.php?rest_route=%2Fwp%2Fv2%2Fcomments&post=180924"}],"version-history":[{"count":1,"href":"https:\/\/sportseco.com\/index.php?rest_route=\/wp\/v2\/posts\/180924\/revisions"}],"predecessor-version":[{"id":180925,"href":"https:\/\/sportseco.com\/index.php?rest_route=\/wp\/v2\/posts\/180924\/revisions\/180925"}],"wp:featuredmedia":[{"embeddable":true,"href":"https:\/\/sportseco.com\/index.php?rest_route=\/wp\/v2\/media\/180797"}],"wp:attachment":[{"href":"https:\/\/sportseco.com\/index.php?rest_route=%2Fwp%2Fv2%2Fmedia&parent=180924"}],"wp:term":[{"taxonomy":"category","embeddable":true,"href":"https:\/\/sportseco.com\/index.php?rest_route=%2Fwp%2Fv2%2Fcategories&post=180924"},{"taxonomy":"post_tag","embeddable":true,"href":"https:\/\/sportseco.com\/index.php?rest_route=%2Fwp%2Fv2%2Ftags&post=180924"}],"curies":[{"name":"wp","href":"https:\/\/api.w.org\/{rel}","templated":true}]}}