{"id":180957,"date":"2025-02-16T19:22:40","date_gmt":"2025-02-17T00:22:40","guid":{"rendered":"https:\/\/sportseco.com\/?p=180957"},"modified":"2025-02-16T19:22:49","modified_gmt":"2025-02-17T00:22:49","slug":"culmino-con-gran-exito-la-colombia-birdfair-familias-y-ninos-colmaron-la-plaza-de-cayzedo-para-aprender-sobre-aves-y-conservacion-de-especies-video","status":"publish","type":"post","link":"https:\/\/sportseco.com\/?p=180957","title":{"rendered":"Culmin\u00f3 con gran \u00e9xito la \u2018Colombia Birdfair\u2019: familias y ni\u00f1os colmaron la Plaza de Cayzedo para aprender sobre aves y conservaci\u00f3n de especies. Video"},"content":{"rendered":"\n<figure class=\"wp-block-image\"><img data-recalc-dims=\"1\" decoding=\"async\" src=\"https:\/\/i0.wp.com\/www.cali.gov.co\/turismo\/publicaciones\/184621\/culmino-con-gran-exito-la-colombia-birdfair-familias-y-ninos-colmaron-la-plaza-de-cayzedo-para-aprender-sobre-aves-y-conservacion-de-especies\/info\/principal\/media\/pubInt\/thumbs\/thpub_700X400_184621.jpg?w=640&#038;ssl=1\" alt=\"Culmin\u00f3 con gran \u00e9xito la \u2018Colombia Birdfair\u2019: familias y ni\u00f1os colmaron la Plaza de Cayzedo para aprender sobre aves y conservaci\u00f3n de especies\"\/><\/figure>\n\n\n\n<blockquote class=\"wp-block-quote is-layout-flow wp-block-quote-is-layout-flow\">\n<ul class=\"wp-block-list\">\n<li><em>El evento culmin\u00f3 el domingo (16.02.2025) con la asistencia masiva de familias y ni\u00f1os, que llegaron hasta el centro de Cali para disfrutar de actividades gratuitas.<\/em><\/li>\n<\/ul>\n<\/blockquote>\n\n\n\n<p><strong>Santiago de Cali, 16 de febrero de 2025<\/strong><br \/><br \/>En el marco de una jornada llena de actividades dirigidas a familias y ni\u00f1os y con el objetivo de promover la conservaci\u00f3n de especies para fortalecer el&nbsp;<em>aviturismo<\/em>, termin\u00f3 el domingo (<em>16.02.2025<\/em>) la&nbsp;<strong><em>\u2018Colombia Birdfair\u2019<\/em><\/strong>, que por primera vez se concentr\u00f3 en la emblem\u00e1tica&nbsp;<em>Plaza de Cayzedo<\/em>. El exitoso evento tuvo el apoyo de la Alcald\u00eda de Cali, a trav\u00e9s de su Secretar\u00eda de Turismo Distrital.<br \/><br \/>Durante la primera jornada, que tuvo lugar el s\u00e1bado (<em>15.02.2025<\/em>), cale\u00f1os y visitantes colmaron este escenario para aprender por qu\u00e9 Cali es la&nbsp;<em>Ciudad de las Aves<\/em>&nbsp;y conectar con las 563 especies registradas en la&nbsp;<em>\u2018sucursal del cielo\u2019<\/em>.&nbsp;<br \/><br \/>La jornada del domingo cont\u00f3 con la participaci\u00f3n especial de decenas de ni\u00f1os, quienes en compa\u00f1\u00eda de sus familias y motivados por el aprendizaje l\u00fadico sobre las aves, participaron entusiasmados en diversos espacios.<br \/><br \/>Talleres sobre c\u00f3mo volverse pajarero, pintura de aves, cuentos sobre aves y naturaleza, conciertos a cargo de grupos musicales infantiles, charlas y presentaciones de danzas, hicieron parte de la programaci\u00f3n. Adem\u00e1s, los asistentes tuvieron momentos de esparcimiento en las zonas verdes de la Plaza.<br \/><br \/><em>\u201cSe trat\u00f3 de una apuesta para empezar a generar una conversaci\u00f3n m\u00e1s amplia sobre Cali como Ciudad de las Aves. El ecoturismo es motor de desarrollo para una regi\u00f3n como la nuestra y all\u00ed la punta de lanza es el aviturismo, desde la conversaci\u00f3n sobre aves como nuestro Tororoi Bailador o el Gallito de Roca\u201d<\/em>, argument\u00f3 Mabel Lara, secretaria de Turismo Distrital.<br \/><br \/><strong>Los ni\u00f1os \u2018volaron\u2019 aprendiendo sobre aves<\/strong><br \/><br \/>Seg\u00fan Carlos Mario Wagner, director de la&nbsp;<em>\u2018Colombia Birdfair\u2019<\/em>, el del domingo fue un espacio de encuentro para que ni\u00f1os, j\u00f3venes y familias aprendieran y conocieran sobre el mundo de las aves.<br \/><br \/><em>\u201cEs muy importante que las nuevas generaciones aprendan sobre aves, porque se abre la puerta a la conservaci\u00f3n. A trav\u00e9s del pajareo se puede tener un contacto m\u00e1s directo con la naturaleza y ser m\u00e1s conscientes de los retos ambientales que enfrentamos\u201d<\/em>, asegur\u00f3.<br \/><br \/>El experto se mostr\u00f3 muy satisfecho con la edici\u00f3n once del evento y, especialmente, por la alianza establecida con la Administraci\u00f3n Distrital para llevarlo a cabo por primera vez de forma gratuita en la Plaza de Cayzedo.&nbsp;<em>\u201cEstamos muy felices por el trabajo colaborativo con la Alcald\u00eda de Cali, a trav\u00e9s de la Secretar\u00eda de Turismo, para abrir esta Plaza de forma gratuita\u201d<\/em>, resalt\u00f3.<br \/><br \/><strong>Voces de satisfacci\u00f3n<\/strong><br \/><br \/>Asistentes a la&nbsp;<em>\u2018Colombia Birdfair\u2019<\/em>&nbsp;como Julio C\u00e9sar Arango, quien vino desde Armenia, se mostraron complacidos con la programaci\u00f3n y el objetivo del certamen.<br \/><br \/><em>\u201cEs un evento muy bonito, me parece genial que despu\u00e9s de la COP16 la ciudad haya mantenido esa idea de cuidar el medioambiente y mostrar a la ciudadan\u00eda todo lo que tiene que ver con la naturaleza. De verdad, felicito a Cali, una ciudad hermosa\u201d<\/em>, opin\u00f3.<br \/><br \/>A su vez, Dulce Celeste G\u00f3mez, ni\u00f1a que asisti\u00f3 al evento, cont\u00f3 emocionada que le encantan las aves porque su canto y colores la ayudan en momentos de estr\u00e9s.&nbsp;<em>\u201cLas aves son maravillosas. Me gustaron mucho las charlas, poder ver las aves y a tantas personas. Como dice el dicho: Cali es donde debes estar\u201d<\/em>, expres\u00f3.<br \/><br \/><strong>\u2018Colombia Birdfair\u2019 en datos<\/strong><br \/>&nbsp;<\/p>\n\n\n\n<ul class=\"wp-block-list\">\n<li><em>La \u2018Colombia Birdfair\u2019 atrajo visitantes de Canad\u00e1, Estados Unidos, Brasil, Ecuador, Espa\u00f1a, M\u00e9xico, El Salvador, Irlanda y Reino Unido, adem\u00e1s de pajareros de 14 departamentos de Colombia.<\/em><br \/>\u00a0<\/li>\n\n\n\n<li><em>El 10% de los participantes fueron internacionales y cerca del 20% proven\u00edan de otras regiones del pa\u00eds.\u00a0<\/em><br \/>\u00a0<\/li>\n\n\n\n<li><em>M\u00e1s de 2.000 personas asistieron a la \u2018Colombia Birdfair\u2019 en la Plaza de Cayzedo, el 15 y 16 de febrero.<\/em><\/li>\n<\/ul>\n\n\n\n<p><strong>Le puede interesar\u2026<\/strong><br \/>&#8211;&nbsp;<a href=\"https:\/\/www.cali.gov.co\/turismo\/publicaciones\/184618\/colombia-birdfair-se-tomo-la-plaza-de-cayzedo-calenos-y-visitantes-aprendieron-sobre-aves-en-el-primer-dia-del-evento\/\">\u2018Colombia Birdfair\u2019 se tom\u00f3 la Plaza de Cayzedo: cale\u00f1os y visitantes aprendieron sobre aves en el primer d\u00eda del evento<\/a><\/p>\n\n\n\n<figure class=\"wp-block-embed is-type-video is-provider-youtube wp-block-embed-youtube wp-embed-aspect-16-9 wp-has-aspect-ratio\"><div class=\"wp-block-embed__wrapper\">\n<iframe loading=\"lazy\" title=\"Culmin\u00f3 con gran \u00e9xito la \u2018Colombia Birdfair\u2019\" width=\"640\" height=\"360\" src=\"https:\/\/www.youtube.com\/embed\/6CoNnnBjus0?feature=oembed\" frameborder=\"0\" allow=\"accelerometer; autoplay; clipboard-write; encrypted-media; gyroscope; picture-in-picture; web-share\" referrerpolicy=\"strict-origin-when-cross-origin\" allowfullscreen><\/iframe>\n<\/div><\/figure>\n\n\n\n<p>cali.gov.co<\/p>\n","protected":false},"excerpt":{"rendered":"<p>Santiago de Cali, 16 de febrero de 2025 En el marco de una jornada llena de actividades dirigidas a familias y ni\u00f1os y con el objetivo de promover la conservaci\u00f3n de especies para fortalecer el&nbsp;aviturismo, termin\u00f3 el domingo (16.02.2025) la&nbsp;\u2018Colombia Birdfair\u2019, que por primera vez se concentr\u00f3 en la emblem\u00e1tica&nbsp;Plaza de Cayzedo. El exitoso evento [&hellip;]<\/p>\n","protected":false},"author":1,"featured_media":180958,"comment_status":"closed","ping_status":"closed","sticky":false,"template":"","format":"standard","meta":{"_acf_changed":false,"_jetpack_memberships_contains_paid_content":false,"footnotes":"","jetpack_publicize_message":"","jetpack_publicize_feature_enabled":true,"jetpack_social_post_already_shared":true,"jetpack_social_options":{"image_generator_settings":{"template":"highway","default_image_id":0,"font":"","enabled":false},"version":2}},"categories":[6],"tags":[],"class_list":["post-180957","post","type-post","status-publish","format-standard","has-post-thumbnail","hentry","category-ecologia"],"acf":[],"jetpack_publicize_connections":[],"jetpack_featured_media_url":"https:\/\/i0.wp.com\/sportseco.com\/wp-content\/uploads\/2025\/02\/thgaleria_700X400_316210.jpg?fit=600%2C400&ssl=1","jetpack_sharing_enabled":true,"_links":{"self":[{"href":"https:\/\/sportseco.com\/index.php?rest_route=\/wp\/v2\/posts\/180957","targetHints":{"allow":["GET"]}}],"collection":[{"href":"https:\/\/sportseco.com\/index.php?rest_route=\/wp\/v2\/posts"}],"about":[{"href":"https:\/\/sportseco.com\/index.php?rest_route=\/wp\/v2\/types\/post"}],"author":[{"embeddable":true,"href":"https:\/\/sportseco.com\/index.php?rest_route=\/wp\/v2\/users\/1"}],"replies":[{"embeddable":true,"href":"https:\/\/sportseco.com\/index.php?rest_route=%2Fwp%2Fv2%2Fcomments&post=180957"}],"version-history":[{"count":1,"href":"https:\/\/sportseco.com\/index.php?rest_route=\/wp\/v2\/posts\/180957\/revisions"}],"predecessor-version":[{"id":180959,"href":"https:\/\/sportseco.com\/index.php?rest_route=\/wp\/v2\/posts\/180957\/revisions\/180959"}],"wp:featuredmedia":[{"embeddable":true,"href":"https:\/\/sportseco.com\/index.php?rest_route=\/wp\/v2\/media\/180958"}],"wp:attachment":[{"href":"https:\/\/sportseco.com\/index.php?rest_route=%2Fwp%2Fv2%2Fmedia&parent=180957"}],"wp:term":[{"taxonomy":"category","embeddable":true,"href":"https:\/\/sportseco.com\/index.php?rest_route=%2Fwp%2Fv2%2Fcategories&post=180957"},{"taxonomy":"post_tag","embeddable":true,"href":"https:\/\/sportseco.com\/index.php?rest_route=%2Fwp%2Fv2%2Ftags&post=180957"}],"curies":[{"name":"wp","href":"https:\/\/api.w.org\/{rel}","templated":true}]}}