{"id":180993,"date":"2025-02-17T14:32:37","date_gmt":"2025-02-17T19:32:37","guid":{"rendered":"https:\/\/sportseco.com\/?p=180993"},"modified":"2025-02-17T14:32:47","modified_gmt":"2025-02-17T19:32:47","slug":"gobierno-invita-a-comunidades-del-cocuy-a-construir-zonificacion-participativa-del-paramo","status":"publish","type":"post","link":"https:\/\/sportseco.com\/?p=180993","title":{"rendered":"Gobierno invita a comunidades del Cocuy a construir zonificaci\u00f3n participativa\u00a0del\u00a0p\u00e1ramo"},"content":{"rendered":"\n<figure class=\"wp-block-image\"><img data-recalc-dims=\"1\" decoding=\"async\" src=\"https:\/\/i0.wp.com\/www.minambiente.gov.co\/wp-content\/uploads\/2025\/02\/cocuy.jpg?w=640&#038;ssl=1\" alt=\"Gobierno invita a comunidades del Cocuy a construir zonificaci\u00f3n participativa\u00a0del\u00a0p\u00e1ramo\" title=\"Gobierno invita a comunidades del Cocuy a construir zonificaci\u00f3n participativa\u00a0del\u00a0p\u00e1ramo\"\/><\/figure>\n\n\n\n<ul class=\"wp-block-list\">\n<li>El Gobierno Nacional reitera al campesinado del p\u00e1ramo del Cocuy su voluntad al di\u00e1logo y construcci\u00f3n de acuerdos para avanzar en la soluci\u00f3n de las problem\u00e1ticas de las comunidades.<\/li>\n\n\n\n<li>Se propuso facilitar los procesos para el acceso a los cr\u00e9ditos agropecuarios, el apoyo a las actividades productivas y los procesos para la seguridad jur\u00eddica de las tierras.<\/li>\n\n\n\n<li>Se invita a los paramunos a presentar sus propuestas para construir un plan de trabajo y lograr un acuerdo conjunto reconociendo que cualquier propuesta debe desarrollar el marco jur\u00eddico actual.<\/li>\n\n\n\n<li>El\u00a0Minambiente\u00a0respeta las m\u00faltiples expresiones y movilizaciones sociales e invita a todas y todos los paramunos del Cocuy a seguir trabajando conjuntamente en la b\u00fasqueda de caminos jur\u00eddicos posibles y que no dejen los p\u00e1ramos y sus comunidades desprotegidos.<\/li>\n<\/ul>\n\n\n\n<p><strong>Bogot\u00e1, 16 de febrero de 2025 (@Minambienteco)&nbsp;<\/strong>\u2013 El Gobierno del Cambio reitera su voluntad de dialogar, trabajar y construir acuerdos sociales con las comunidades paramunas del Cocuy, tras el encuentro realizado en El Espino (Boyac\u00e1), en cumplimiento de la segunda mesa jur\u00eddica pactada el pasado 26 de octubre durante la negociaci\u00f3n del paro de campesinos parameros en Bucaramanga.<\/p>\n\n\n\n<p>Las comunidades paramunas plantean como un inamovible la derogatoria de la norma que delimita el p\u00e1ramo y la que establece la zonificaci\u00f3n de la Reserva Forestal de la Ley 2 de 1959 en el p\u00e1ramo. Entendiendo las preocupaciones que subyacen esta petici\u00f3n, y que estas normas se adoptaron en una \u00e9poca en que las leyes prohib\u00edan la actividad agropecuaria en el p\u00e1ramo, que es un marco jur\u00eddico que cambi\u00f3 en 2018 con la Ley 1930, se propuso al campesinado modificarlas sin dejar este importante ecosistema desprotegido, pues justamente estas normas proh\u00edben el desarrollo de la miner\u00eda, pero no las actividades agropecuarias.<\/p>\n\n\n\n<p>Por ello, en b\u00fasqueda de un camino posible, Minambiente propuso a la comunidad construir conjuntamente una zonificaci\u00f3n participativa de uso y manejo que reconozca la realidad y din\u00e1micas sociales y productivas actuales, as\u00ed como las \u00e1reas de conservaci\u00f3n, y armonice la protecci\u00f3n ambiental y los derechos campesinos, con soporte legal. Adem\u00e1s, propuso construir las formas para fortalecer el despliegue de la oferta institucional que permite avanzar en la seguridad de las tierras, el acceso cr\u00e9ditos y el apoyo a la actividad agropecuaria.<\/p>\n\n\n\n<p>De acuerdo con la viceministra de Ordenamiento Ambiental del Territorio, Tatiana Roa, el Gobierno y particularmente el Ministerio de Ambiente, en cabeza de la ministra Susana Muhamad, seguir\u00e1 buscando caminos jur\u00eddicos asumiendo la tarea de responder a los requerimientos que hacen los campesinos de Boyac\u00e1.<\/p>\n\n\n\n<p>\u201c<em>Esta reuni\u00f3n lastimosamente no lleg\u00f3 a un acuerdo. Sin embargo, el Ministerio de Ambiente mantiene su propuesta de avanzar en una zonificaci\u00f3n participativa de este p\u00e1ramo del Cocuy que permita ver la realidad actual de estos p\u00e1ramos y poder a partir de eso, plantear una modificaci\u00f3n a estas dos resoluciones que nos permita acoger las preocupaciones de la gente, superar las dificultades que el campesinado de esta regi\u00f3n tiene para acceso a cr\u00e9dito, para tierras, para asesor\u00eda y financiamiento agrario y que permita adem\u00e1s una armonizaci\u00f3n ambiental. El Ministerio est\u00e1 dispuesto a continuar el di\u00e1logo y volver a la regi\u00f3n<\/em>\u201d, asegur\u00f3 la viceministra Roa.<\/p>\n\n\n\n<p>Finalmente, ante el anunci\u00f3 de una nueva movilizaci\u00f3n social del campesinado paramuno de esta regi\u00f3n boyacense, el Ministerio de Ambiente reafirm\u00f3 su respeto por las m\u00faltiples expresiones y movilizaciones sociales y su compromiso de di\u00e1logo y escucha a las comunidades con el \u00e1nimo de avanzar en la protecci\u00f3n del nicho paramuno con respeto a los derechos del campesinado.<\/p>\n\n\n\n<p><\/p>\n\n\n\n<p>minambiente.gov.co<\/p>\n","protected":false},"excerpt":{"rendered":"<p>Bogot\u00e1, 16 de febrero de 2025 (@Minambienteco)&nbsp;\u2013 El Gobierno del Cambio reitera su voluntad de dialogar, trabajar y construir acuerdos sociales con las comunidades paramunas del Cocuy, tras el encuentro realizado en El Espino (Boyac\u00e1), en cumplimiento de la segunda mesa jur\u00eddica pactada el pasado 26 de octubre durante la negociaci\u00f3n del paro de campesinos [&hellip;]<\/p>\n","protected":false},"author":1,"featured_media":180994,"comment_status":"closed","ping_status":"closed","sticky":false,"template":"","format":"standard","meta":{"_acf_changed":false,"_jetpack_memberships_contains_paid_content":false,"footnotes":"","jetpack_publicize_message":"","jetpack_publicize_feature_enabled":true,"jetpack_social_post_already_shared":true,"jetpack_social_options":{"image_generator_settings":{"template":"highway","default_image_id":0,"font":"","enabled":false},"version":2}},"categories":[1],"tags":[],"class_list":["post-180993","post","type-post","status-publish","format-standard","has-post-thumbnail","hentry","category-uncategorized"],"acf":[],"jetpack_publicize_connections":[],"jetpack_featured_media_url":"https:\/\/i0.wp.com\/sportseco.com\/wp-content\/uploads\/2025\/02\/cocuy-1024x576-1.png?fit=1024%2C576&ssl=1","jetpack_sharing_enabled":true,"_links":{"self":[{"href":"https:\/\/sportseco.com\/index.php?rest_route=\/wp\/v2\/posts\/180993","targetHints":{"allow":["GET"]}}],"collection":[{"href":"https:\/\/sportseco.com\/index.php?rest_route=\/wp\/v2\/posts"}],"about":[{"href":"https:\/\/sportseco.com\/index.php?rest_route=\/wp\/v2\/types\/post"}],"author":[{"embeddable":true,"href":"https:\/\/sportseco.com\/index.php?rest_route=\/wp\/v2\/users\/1"}],"replies":[{"embeddable":true,"href":"https:\/\/sportseco.com\/index.php?rest_route=%2Fwp%2Fv2%2Fcomments&post=180993"}],"version-history":[{"count":1,"href":"https:\/\/sportseco.com\/index.php?rest_route=\/wp\/v2\/posts\/180993\/revisions"}],"predecessor-version":[{"id":180995,"href":"https:\/\/sportseco.com\/index.php?rest_route=\/wp\/v2\/posts\/180993\/revisions\/180995"}],"wp:featuredmedia":[{"embeddable":true,"href":"https:\/\/sportseco.com\/index.php?rest_route=\/wp\/v2\/media\/180994"}],"wp:attachment":[{"href":"https:\/\/sportseco.com\/index.php?rest_route=%2Fwp%2Fv2%2Fmedia&parent=180993"}],"wp:term":[{"taxonomy":"category","embeddable":true,"href":"https:\/\/sportseco.com\/index.php?rest_route=%2Fwp%2Fv2%2Fcategories&post=180993"},{"taxonomy":"post_tag","embeddable":true,"href":"https:\/\/sportseco.com\/index.php?rest_route=%2Fwp%2Fv2%2Ftags&post=180993"}],"curies":[{"name":"wp","href":"https:\/\/api.w.org\/{rel}","templated":true}]}}