{"id":181005,"date":"2025-02-17T15:30:47","date_gmt":"2025-02-17T20:30:47","guid":{"rendered":"https:\/\/sportseco.com\/?p=181005"},"modified":"2025-02-17T15:30:53","modified_gmt":"2025-02-17T20:30:53","slug":"actualizacion-medica-egan-bernal","status":"publish","type":"post","link":"https:\/\/sportseco.com\/?p=181005","title":{"rendered":"Actualizaci\u00f3n m\u00e9dica: Egan Bernal"},"content":{"rendered":"\n<p>A Egan Bernal le han diagnosticado una fractura de clav\u00edcula tras sufrir una ca\u00edda en las \u00faltimas vueltas de la Cl\u00e1sica de Ja\u00e9n el lunes.<\/p>\n\n\n\n<p>El campe\u00f3n nacional colombiano permanecer\u00e1 bajo el cuidado experto del equipo m\u00e9dico de INEOS Grenadiers y se implementar\u00e1 un plan de recuperaci\u00f3n integral para apoyar su regreso a los entrenamientos y las carreras.<\/p>\n\n\n\n<p>Despu\u00e9s de recibir el alta hospitalaria, Bernal dijo: \u00abEstaba muy feliz de comenzar a competir nuevamente en Europa, especialmente con mi nueva camiseta de Colombia y tambi\u00e9n comenzando con una victoria de Kwiato.<\/p>\n\n\n\n<p>\u00abLa forma en que corrimos fue genial y fue realmente agradable ser parte de un equipo fuerte. Me sent\u00eda muy fuerte y obviamente estoy triste por haberme ca\u00eddo, pero al mismo tiempo, la forma en que me sent\u00ed durante la carrera me dio mucha confianza y motivaci\u00f3n para seguir trabajando duro, la temporada (por delante) es muy larga.<\/p>\n\n\n\n<p>\u00abMe he sentido muy bien en las tres carreras que he hecho, as\u00ed que solo tengo que seguir trabajando y espero estar de vuelta pronto\u00bb.<\/p>\n\n\n\n<p><\/p>\n\n\n\n<p>ineosgrenadiers.com<\/p>\n","protected":false},"excerpt":{"rendered":"<p>A Egan Bernal le han diagnosticado una fractura de clav\u00edcula tras sufrir una ca\u00edda en las \u00faltimas vueltas de la Cl\u00e1sica de Ja\u00e9n el lunes. El campe\u00f3n nacional colombiano permanecer\u00e1 bajo el cuidado experto del equipo m\u00e9dico de INEOS Grenadiers y se implementar\u00e1 un plan de recuperaci\u00f3n integral para apoyar su regreso a los entrenamientos [&hellip;]<\/p>\n","protected":false},"author":1,"featured_media":181006,"comment_status":"closed","ping_status":"closed","sticky":false,"template":"","format":"standard","meta":{"_acf_changed":false,"_jetpack_memberships_contains_paid_content":false,"footnotes":"","jetpack_publicize_message":"","jetpack_publicize_feature_enabled":true,"jetpack_social_post_already_shared":true,"jetpack_social_options":{"image_generator_settings":{"template":"highway","default_image_id":0,"font":"","enabled":false},"version":2}},"categories":[14],"tags":[],"class_list":["post-181005","post","type-post","status-publish","format-standard","has-post-thumbnail","hentry","category-ciclismo"],"acf":[],"jetpack_publicize_connections":[],"jetpack_featured_media_url":"https:\/\/i0.wp.com\/sportseco.com\/wp-content\/uploads\/2025\/02\/jaeneganbernal.jpg?fit=2560%2C1120&ssl=1","jetpack_sharing_enabled":true,"_links":{"self":[{"href":"https:\/\/sportseco.com\/index.php?rest_route=\/wp\/v2\/posts\/181005","targetHints":{"allow":["GET"]}}],"collection":[{"href":"https:\/\/sportseco.com\/index.php?rest_route=\/wp\/v2\/posts"}],"about":[{"href":"https:\/\/sportseco.com\/index.php?rest_route=\/wp\/v2\/types\/post"}],"author":[{"embeddable":true,"href":"https:\/\/sportseco.com\/index.php?rest_route=\/wp\/v2\/users\/1"}],"replies":[{"embeddable":true,"href":"https:\/\/sportseco.com\/index.php?rest_route=%2Fwp%2Fv2%2Fcomments&post=181005"}],"version-history":[{"count":1,"href":"https:\/\/sportseco.com\/index.php?rest_route=\/wp\/v2\/posts\/181005\/revisions"}],"predecessor-version":[{"id":181007,"href":"https:\/\/sportseco.com\/index.php?rest_route=\/wp\/v2\/posts\/181005\/revisions\/181007"}],"wp:featuredmedia":[{"embeddable":true,"href":"https:\/\/sportseco.com\/index.php?rest_route=\/wp\/v2\/media\/181006"}],"wp:attachment":[{"href":"https:\/\/sportseco.com\/index.php?rest_route=%2Fwp%2Fv2%2Fmedia&parent=181005"}],"wp:term":[{"taxonomy":"category","embeddable":true,"href":"https:\/\/sportseco.com\/index.php?rest_route=%2Fwp%2Fv2%2Fcategories&post=181005"},{"taxonomy":"post_tag","embeddable":true,"href":"https:\/\/sportseco.com\/index.php?rest_route=%2Fwp%2Fv2%2Ftags&post=181005"}],"curies":[{"name":"wp","href":"https:\/\/api.w.org\/{rel}","templated":true}]}}