{"id":181065,"date":"2025-02-18T17:43:59","date_gmt":"2025-02-18T22:43:59","guid":{"rendered":"https:\/\/sportseco.com\/?p=181065"},"modified":"2025-02-18T17:44:05","modified_gmt":"2025-02-18T22:44:05","slug":"perfecto-pase-a-octavos-de-final-el-fcb-empata-en-el-ultimo-minuto-contra-el-celtic","status":"publish","type":"post","link":"https:\/\/sportseco.com\/?p=181065","title":{"rendered":"\u00a1Perfecto pase a octavos de final! El FCB empata en el \u00faltimo minuto contra el Celtic"},"content":{"rendered":"\n<ul class=\"wp-block-list\">\n<li><strong>Gol de Davies en el descuento<\/strong><\/li>\n\n\n\n<li><strong>Minuto de silencio antes del inicio<\/strong><\/li>\n\n\n\n<li><strong>Sorteo de octavos de final el viernes<\/strong><\/li>\n<\/ul>\n\n\n\n<p>El FC Bayern ha sellado su pase a octavos de final de la Champions League. El equipo del entrenador Vincent Kompany empat\u00f3 1-1 (0-0) con el Celtic en el partido de vuelta del playoff disputado el martes por la noche en el Allianz Arena y est\u00e1 clasificado para octavos de final tras su victoria a domicilio por 1-2 en Glasgow la semana anterior. Su rival ser\u00e1 el Bayer 04 Leverkusen o el Atl\u00e9tico de Madrid, el sorteo se celebrar\u00e1 este viernes a las 12:00 CET en Nyon.<\/p>\n\n\n\n<p>El entrenador del Bayern, Vincent Kompany, opt\u00f3 por cuatro cambios ante el Celtic en comparaci\u00f3n con el importante empate a cero en el partido en la cumbre de la Bundesliga disputado en Leverkusen. Josip Stani\u0161i\u0107, Rapha\u00ebl Guerreiro, Leon Goretzka y Serge Gnabry salieron de inicio en lugar de Kingsley Coman, Hiroki Ito, Aleksandar Pavlovi\u0107 y Konrad Laimer. El conjunto de M\u00fanich fue superior en la primera parte sin llegar a crear peligro. Nicolas K\u00fchn adelant\u00f3 a los visitantes (minuto 63), antes de que el suplente Alphonso Davies marcara el aclamado gol del empate en el tiempo a\u00f1adido (90+4&#8242;).<a href=\"https:\/\/fcbayern.com\/es\/noticias\/2025\/02\/el-fc-bayern-recuerda-a-las-victimas-del-atentado-con-un-minuto-de-silencio\"><\/a><\/p>\n\n\n\n<p><a href=\"https:\/\/fcbayern.com\/es\/noticias\/2025\/02\/el-fc-bayern-recuerda-a-las-victimas-del-atentado-con-un-minuto-de-silencio\"><\/a><\/p>\n\n\n\n<p><a href=\"https:\/\/fcbayern.com\/es\/noticias\/2025\/02\/el-fc-bayern-recuerda-a-las-victimas-del-atentado-con-un-minuto-de-silencio\"><\/a><\/p>\n\n\n\n<figure class=\"wp-block-image\"><a href=\"https:\/\/fcbayern.com\/es\/noticias\/2025\/02\/el-fc-bayern-recuerda-a-las-victimas-del-atentado-con-un-minuto-de-silencio\"><img data-recalc-dims=\"1\" decoding=\"async\" src=\"https:\/\/i0.wp.com\/img.fcbayern.com\/image\/upload\/f_auto\/q_auto\/ar_16%3A9%2Cc_fill%2Cg_custom%2Cw_1024\/v1739909881\/cms\/public\/images\/fcbayern-com\/homepage\/Saison-24-25\/Galerien\/Spiele\/fcb-celtic\/02-fcbayern-celtic-250218-ima.jpg?w=640&#038;ssl=1\" alt=\"Minuto de silencio por las v\u00edctimas del atentado de M\u00fanich antes del comienzo del partido del FC Bayern contra el Celtic de Glasgow.\"\/><\/a><\/figure>\n\n\n\n<p><a href=\"https:\/\/fcbayern.com\/es\/noticias\/2025\/02\/el-fc-bayern-recuerda-a-las-victimas-del-atentado-con-un-minuto-de-silencio\"><\/a><\/p>\n\n\n\n<p><a href=\"https:\/\/fcbayern.com\/es\/noticias\/2025\/02\/el-fc-bayern-recuerda-a-las-victimas-del-atentado-con-un-minuto-de-silencio\">El FC Bayern recuerda a las v\u00edctimas del atentado con un minuto de silencio<\/a><\/p>\n\n\n\n<p>Con motivo del terrible atentado perpetrado en el centro de M\u00fanich el pasado 13 de febrero, se guard\u00f3 un minuto de silencio antes del partido de vuelta contra el Celtic. Ambos equipos vistieron tambi\u00e9n los colores de luto.<\/p>\n\n\n\n<p><em>Hemos resumido las jugadas m\u00e1s importantes del partido:<\/em><\/p>\n\n\n\n<h2 class=\"wp-block-heading\">Minuto 4: Gnabry tuvo el primero en su cabeza<\/h2>\n\n\n\n<figure class=\"wp-block-image\"><img data-recalc-dims=\"1\" decoding=\"async\" src=\"https:\/\/i0.wp.com\/img.fcbayern.com\/image\/upload\/f_auto\/q_auto\/ar_16%3A9%2Cc_fill%2Cg_custom%2Cw_1024\/v1739912910\/cms\/public\/images\/fcbayern-com\/homepage\/Saison-24-25\/Galerien\/Spiele\/fcb-celtic\/05-fcbayern-celtic-250218-ima.jpg?w=640&#038;ssl=1\" alt=\"Jugada partido FC Bayern - Celtic Glasgow\"\/><\/figure>\n\n\n\n<p>\u00a1Buen comienzo para el equipo de Kompany! Tras un magn\u00edfico pase en diagonal de Joshua Kimmich hacia Michael Olise, el n\u00famero 17 aguant\u00f3 bien el bal\u00f3n en la l\u00ednea de fondo. Olise mantuvo la visi\u00f3n de conjunto y encontr\u00f3 a Serge Gnabry en el segundo palo con un centro sensible, que remat\u00f3 de cabeza desde unos metros. Pero su remate fue bloqueado en el \u00faltimo momento por la defensa del Celtic.<\/p>\n\n\n\n<h2 class=\"wp-block-heading\">Minuto 16: Doble oportunidad; el Celtic responde<\/h2>\n\n\n\n<figure class=\"wp-block-image\"><img data-recalc-dims=\"1\" decoding=\"async\" src=\"https:\/\/i0.wp.com\/img.fcbayern.com\/image\/upload\/f_auto\/q_auto\/ar_16%3A9%2Cc_fill%2Cg_custom%2Cw_1024\/v1739911276\/cms\/public\/images\/fcbayern-com\/homepage\/Saison-24-25\/Galerien\/Spiele\/fcb-celtic\/07-fcbayern-celtic-250218-ima.jpg?w=640&#038;ssl=1\" alt=\"Jugada partido FC Bayern - Celtic Glasgow\"\/><\/figure>\n\n\n\n<p>\u00a1Otra vez bien! Los visitantes tuvieron su primera ocasi\u00f3n de peligro cuando Jota regate\u00f3 por la banda izquierda y asisti\u00f3 a Nicolas K\u00fchn, libre de marca, en el centro. El exjugador del filial del Bayern super\u00f3 a Manuel Neuer, pero Rapha\u00ebl Guerreiro logr\u00f3 despejar el bal\u00f3n sobre la l\u00ednea.<\/p>\n\n\n\n<h2 class=\"wp-block-heading\">Minuto 45: El larguero impide al Bayern adelantarse<\/h2>\n\n\n\n<figure class=\"wp-block-image\"><img data-recalc-dims=\"1\" decoding=\"async\" src=\"https:\/\/i0.wp.com\/img.fcbayern.com\/image\/upload\/f_auto\/q_auto\/ar_16%3A9%2Cc_fill%2Cg_custom%2Cw_1024\/v1739912980\/cms\/public\/images\/fcbayern-com\/homepage\/Saison-24-25\/Galerien\/Spiele\/fcb-celtic\/11-fcbayern-celtic-250218-ima.jpg?w=640&#038;ssl=1\" alt=\"Jugada partido FC Bayern - Celtic Glasgow\"\/><\/figure>\n\n\n\n<p>\u00a1Tan cerca! Los muniqueses dominaron la primera parte con un 66% de posesi\u00f3n, pero apenas crearon peligro en el \u00e1rea contraria. Hubiera sido a\u00fan m\u00e1s importante adelantarse antes del descanso: Tras un precioso centro raso desde la derecha de Josip Stani\u0161i\u0107, Harry Kane prob\u00f3 suerte en el centro con un disparo enroscado. Pero el bal\u00f3n se estrell\u00f3 en el larguero. Los equipos se fueron al descanso sin goles.<\/p>\n\n\n\n<h2 class=\"wp-block-heading\">Minuto 47: Goretzka falla ante Schmeichel<\/h2>\n\n\n\n<figure class=\"wp-block-image\"><img data-recalc-dims=\"1\" decoding=\"async\" src=\"https:\/\/i0.wp.com\/img.fcbayern.com\/image\/upload\/f_auto\/q_auto\/ar_16%3A9%2Cc_fill%2Cg_custom%2Cw_1024\/v1739913612\/cms\/public\/images\/fcbayern-com\/homepage\/Saison-24-25\/Galerien\/Spiele\/fcb-celtic\/13-fcbayern-celtic-250218-get.jpg?w=640&#038;ssl=1\" alt=\"Jugada partido FC Bayern - Celtic Glasgow\"\/><\/figure>\n\n\n\n<p>\u00a1Otro remate de gran calibre justo despu\u00e9s de la reanudaci\u00f3n! En el primer ataque de la segunda parte, Leon Goretzka qued\u00f3 libre de repente por la banda izquierda, pero el n\u00famero ocho muniqu\u00e9s dud\u00f3 demasiado, lo que permiti\u00f3 a Kasper Schmeichel desactivar su disparo con una gran parada.<\/p>\n\n\n\n<h2 class=\"wp-block-heading\">Minuto 63: K\u00fchn adelanta al Celtic<\/h2>\n\n\n\n<figure class=\"wp-block-image\"><img data-recalc-dims=\"1\" decoding=\"async\" src=\"https:\/\/i0.wp.com\/img.fcbayern.com\/image\/upload\/f_auto\/q_auto\/ar_16%3A9%2Cc_fill%2Cg_custom%2Cw_1024\/v1739914306\/cms\/public\/images\/fcbayern-com\/homepage\/Saison-24-25\/Galerien\/Spiele\/fcb-celtic\/15-fcbayern-celtic-250218-ima.jpg?w=640&#038;ssl=1\" alt=\"15-fcbayern-celtic-250218-ima\"\/><\/figure>\n\n\n\n<p>Gol para los visitantes. Daizen Maeda se intern\u00f3 por el centro tras un error de la defensa muniquesa y toc\u00f3 para Nicolas K\u00fchn en posici\u00f3n de media punta. El alem\u00e1n tuvo la suerte de retener el bal\u00f3n y dispar\u00f3 con la zurda a la esquina ante la mirada de Manuel Neuer.<\/p>\n\n\n\n<h2 class=\"wp-block-heading\">Minuto 90+4: SIIIIII\u00cd; \u00a1Davies en el descuento!<\/h2>\n\n\n\n<figure class=\"wp-block-image\"><img data-recalc-dims=\"1\" decoding=\"async\" src=\"https:\/\/i0.wp.com\/img.fcbayern.com\/image\/upload\/f_auto\/q_auto\/ar_16%3A9%2Cc_fill%2Cg_custom%2Cw_1024\/v1739916082\/cms\/public\/images\/fcbayern-com\/homepage\/Saison-24-25\/Galerien\/Spiele\/fcb-celtic\/22-fcbayern-celtic-250218-mel.jpg?w=640&#038;ssl=1\" alt=\"22-fcbayern-celtic-250218-mel\"\/><\/figure>\n\n\n\n<p>\u00a1Gooooooooooooooool del FC Bayern! Tras un excelente centro de Michael Olise, Leon Goretzka cabece\u00f3 hacia la porter\u00eda del Celtic. Schmeichel ataj\u00f3 por los pelos, pero el suplente Alphonso Davies apareci\u00f3 para empujar el rechace sobre la l\u00ednea. El Alllianz Arena era un manicomio. El FC Bayern ya est\u00e1 en octavos de final.<\/p>\n\n\n\n<p><\/p>\n\n\n\n<p>fcbayern.com<\/p>\n","protected":false},"excerpt":{"rendered":"<p>El FC Bayern ha sellado su pase a octavos de final de la Champions League. El equipo del entrenador Vincent Kompany empat\u00f3 1-1 (0-0) con el Celtic en el partido de vuelta del playoff disputado el martes por la noche en el Allianz Arena y est\u00e1 clasificado para octavos de final tras su victoria a [&hellip;]<\/p>\n","protected":false},"author":1,"featured_media":181066,"comment_status":"closed","ping_status":"closed","sticky":false,"template":"","format":"standard","meta":{"_acf_changed":false,"_jetpack_memberships_contains_paid_content":false,"footnotes":"","jetpack_publicize_message":"","jetpack_publicize_feature_enabled":true,"jetpack_social_post_already_shared":true,"jetpack_social_options":{"image_generator_settings":{"template":"highway","default_image_id":0,"font":"","enabled":false},"version":2}},"categories":[5],"tags":[],"class_list":["post-181065","post","type-post","status-publish","format-standard","has-post-thumbnail","hentry","category-futbol"],"acf":[],"jetpack_publicize_connections":[],"jetpack_featured_media_url":"https:\/\/sportseco.com\/wp-content\/uploads\/2025\/02\/24-fcbayern-celtic-250218-mel-scaled.avif","jetpack_sharing_enabled":true,"_links":{"self":[{"href":"https:\/\/sportseco.com\/index.php?rest_route=\/wp\/v2\/posts\/181065","targetHints":{"allow":["GET"]}}],"collection":[{"href":"https:\/\/sportseco.com\/index.php?rest_route=\/wp\/v2\/posts"}],"about":[{"href":"https:\/\/sportseco.com\/index.php?rest_route=\/wp\/v2\/types\/post"}],"author":[{"embeddable":true,"href":"https:\/\/sportseco.com\/index.php?rest_route=\/wp\/v2\/users\/1"}],"replies":[{"embeddable":true,"href":"https:\/\/sportseco.com\/index.php?rest_route=%2Fwp%2Fv2%2Fcomments&post=181065"}],"version-history":[{"count":1,"href":"https:\/\/sportseco.com\/index.php?rest_route=\/wp\/v2\/posts\/181065\/revisions"}],"predecessor-version":[{"id":181067,"href":"https:\/\/sportseco.com\/index.php?rest_route=\/wp\/v2\/posts\/181065\/revisions\/181067"}],"wp:featuredmedia":[{"embeddable":true,"href":"https:\/\/sportseco.com\/index.php?rest_route=\/wp\/v2\/media\/181066"}],"wp:attachment":[{"href":"https:\/\/sportseco.com\/index.php?rest_route=%2Fwp%2Fv2%2Fmedia&parent=181065"}],"wp:term":[{"taxonomy":"category","embeddable":true,"href":"https:\/\/sportseco.com\/index.php?rest_route=%2Fwp%2Fv2%2Fcategories&post=181065"},{"taxonomy":"post_tag","embeddable":true,"href":"https:\/\/sportseco.com\/index.php?rest_route=%2Fwp%2Fv2%2Ftags&post=181065"}],"curies":[{"name":"wp","href":"https:\/\/api.w.org\/{rel}","templated":true}]}}