{"id":181080,"date":"2025-02-19T08:06:20","date_gmt":"2025-02-19T13:06:20","guid":{"rendered":"https:\/\/sportseco.com\/?p=181080"},"modified":"2025-02-19T08:06:26","modified_gmt":"2025-02-19T13:06:26","slug":"incluso-en-tiempos-geopoliticos-complejos-la-cooperacion-internacional-es-esencial-para-proteger-el-planeta","status":"publish","type":"post","link":"https:\/\/sportseco.com\/?p=181080","title":{"rendered":"Incluso en tiempos geopol\u00edticos complejos, la cooperaci\u00f3n internacional es esencial para proteger el planeta"},"content":{"rendered":"\n<figure class=\"wp-block-image\"><img data-recalc-dims=\"1\" decoding=\"async\" src=\"https:\/\/i0.wp.com\/global.unitednations.entermediadb.net\/assets\/mediadb\/services\/module\/asset\/downloads\/preset\/Collections\/Embargoed\/24-07-2024-UNICEF-Thailand.jpg\/image1170x530cropped.jpg?w=640&#038;ssl=1\" alt=\"La pobreza causada por factores como el cambio clim\u00e1tico puede hacer que los ni\u00f1os sean m\u00e1s vulnerables a la violencia.\" title=\"La pobreza causada por factores como el cambio clim\u00e1tico puede hacer que los ni\u00f1os sean m\u00e1s vulnerables a la violencia.\"\/><\/figure>\n\n\n\n<p>\u00a9 UNICEF\/Sukhum Preechapanich<\/p>\n\n\n\n<p>La pobreza causada por factores como el cambio clim\u00e1tico puede hacer que los ni\u00f1os sean m\u00e1s vulnerables a la violencia.<\/p>\n\n\n\n<p>Las temperaturas est\u00e1n subiendo, los ecosistemas est\u00e1n desapareciendo y la contaminaci\u00f3n sigue siendo una amenaza mortal. Estos son problemas globales que requieren soluciones globales, tal y como ha asegurado la responsable de la agencia de la ONU para el Medioambiente.<\/p>\n\n\n\n<p>El Programa de las Naciones Unidas para el Medio Ambiente (<a href=\"https:\/\/www.unenvironment.org\/es\" target=\"_blank\" rel=\"noreferrer noopener\">PNUMA<\/a>) pidi\u00f3 este martes una acci\u00f3n urgente para combatir el&nbsp;<a href=\"https:\/\/news.un.org\/es\/news\/topic\/climate-change\">cambio clim\u00e1tico<\/a>, la p\u00e9rdida de biodiversidad y la contaminaci\u00f3n, advirtiendo que los avances en todos los frentes siguen siendo lentos y desiguales.<\/p>\n\n\n\n<p>\u00abEl a\u00f1o pasado hubo \u00e9xitos y decepciones en los esfuerzos mundiales para hacer frente a la triple crisis planetaria\u00bb, declar\u00f3 su directora ejecutiva, Inger Andersen, al presentar el \u00faltimo Informe Anual de la agencia.<\/p>\n\n\n\n<p>Tambi\u00e9n se\u00f1al\u00f3 las tensiones geopol\u00edticas que siguen obstaculizando la cooperaci\u00f3n medioambiental.<\/p>\n\n\n\n<p>\u00abEl multilateralismo medioambiental es a veces desordenado y arduo. Pero incluso en tiempos geopol\u00edticos complejos, la colaboraci\u00f3n m\u00e1s all\u00e1 de las fronteras y de nuestras diferencias es la \u00fanica opci\u00f3n para proteger la base de la existencia de la humanidad: el Planeta Tierra.\u00bb<\/p>\n\n\n\n<h2 class=\"wp-block-heading\"><strong>Es vital fijar objetivos clim\u00e1ticos ambiciosos<\/strong><\/h2>\n\n\n\n<p>El Informe sobre la&nbsp;<a href=\"https:\/\/www.unep.org\/es\/resources\/informe-sobre-la-brecha-de-emisiones-2024\" target=\"_blank\" rel=\"noreferrer noopener\">Brecha de Emisiones 2024<\/a>&nbsp;del PNUMA advierte que los pa\u00edses deben reducir sus emisiones en un 42% de aqu\u00ed a 2030 para mantener el calentamiento global dentro del objetivo de 1,5 \u00baC acordado en el hist\u00f3rico&nbsp;<a href=\"https:\/\/unfccc.int\/es\/acerca-de-las-ndc\/el-acuerdo-de-paris\" target=\"_blank\" rel=\"noreferrer noopener\">Acuerdo de Par\u00eds<\/a>.<\/p>\n\n\n\n<p><strong>Si no se toman medidas dr\u00e1sticas, las temperaturas podr\u00edan aumentar entre 2,6 \u00b0C y 3,1 \u00b0C este siglo<\/strong>, advierten los modelos clim\u00e1ticos, con consecuencias catastr\u00f3ficas.<\/p>\n\n\n\n<p>El PNUMA est\u00e1 trabajando activamente con m\u00e1s de 60 pa\u00edses de ingresos bajos y medios para&nbsp;<strong>acelerar su transici\u00f3n a los veh\u00edculos el\u00e9ctricos<\/strong>, como parte de un impulso mayor para reducir las emisiones del sector del transporte.<\/p>\n\n\n\n<p>Los cient\u00edficos de las Naciones Unidas destacan el tipo de proyectos nacionales que marcan la diferencia, como el de Antigua y Barbuda, que est\u00e1 adquiriendo flotas de autobuses el\u00e9ctricos, y el de Kenia, que est\u00e1 introduciendo una legislaci\u00f3n para realizar grandes inversiones en motocicletas el\u00e9ctricas y transporte p\u00fablico.<\/p>\n\n\n\n<h2 class=\"wp-block-heading\"><strong>Acabar con la contaminaci\u00f3n por pl\u00e1sticos<\/strong><\/h2>\n\n\n\n<p><strong>La contaminaci\u00f3n por pl\u00e1sticos, una de las amenazas m\u00e1s acuciantes para el medio ambiente mundial,<\/strong>&nbsp;es otro de los grandes focos de atenci\u00f3n de la agencia de la ONU, mientras prosiguen los esfuerzos internacionales para negociar una prohibici\u00f3n jur\u00eddicamente vinculante.<\/p>\n\n\n\n<p>En Busan, el a\u00f1o pasado, se acordaron 29 de los 32 art\u00edculos de un nuevo tratado mundial sobre el pl\u00e1stico. Sin embargo, contin\u00faan las negociaciones sobre un texto definitivo.<\/p>\n\n\n\n<p>El PNUMA pide a los pa\u00edses que salven sus diferencias antes de la pr\u00f3xima ronda de negociaciones.<\/p>\n\n\n\n<p>\u00abLas naciones deben trabajar para acordar un instrumento s\u00f3lido que ponga fin a la contaminaci\u00f3n por pl\u00e1sticos antes de la s\u00e9ptima Asamblea de las Naciones Unidas para el Medio Ambiente (UNEA-7), que se celebrar\u00e1 en diciembre\u00bb, declar\u00f3 Andersen.<\/p>\n\n\n\n<h2 class=\"wp-block-heading\"><strong>Un llamamiento a la acci\u00f3n<\/strong><\/h2>\n\n\n\n<p>La directora del PNUMA pidi\u00f3 compromisos m\u00e1s audaces, sobre todo ahora que los pa\u00edses se preparan para presentar su pr\u00f3xima ronda de Contribuciones Determinadas a Nivel Nacional (NDC) para limitar el calentamiento global a finales de febrero.<\/p>\n\n\n\n<p>\u00abLa humanidad no est\u00e1 fuera de peligro\u00bb, advirti\u00f3 Andersen.<\/p>\n\n\n\n<p>\u00abLas temperaturas est\u00e1n subiendo, los ecosistemas est\u00e1n desapareciendo y la contaminaci\u00f3n sigue siendo una amenaza mortal. Son problemas globales que requieren soluciones globales.&nbsp;<strong>El mundo debe unirse para construir un planeta m\u00e1s justo y sostenible.<\/strong>\u00bb<\/p>\n\n\n\n<p><\/p>\n\n\n\n<p><\/p>\n\n\n\n<p>news.un.org<\/p>\n","protected":false},"excerpt":{"rendered":"<p>\u00a9 UNICEF\/Sukhum Preechapanich La pobreza causada por factores como el cambio clim\u00e1tico puede hacer que los ni\u00f1os sean m\u00e1s vulnerables a la violencia. Las temperaturas est\u00e1n subiendo, los ecosistemas est\u00e1n desapareciendo y la contaminaci\u00f3n sigue siendo una amenaza mortal. Estos son problemas globales que requieren soluciones globales, tal y como ha asegurado la responsable de [&hellip;]<\/p>\n","protected":false},"author":1,"featured_media":181081,"comment_status":"closed","ping_status":"closed","sticky":false,"template":"","format":"standard","meta":{"_acf_changed":false,"_jetpack_memberships_contains_paid_content":false,"footnotes":"","jetpack_publicize_message":"","jetpack_publicize_feature_enabled":true,"jetpack_social_post_already_shared":true,"jetpack_social_options":{"image_generator_settings":{"template":"highway","default_image_id":0,"font":"","enabled":false},"version":2}},"categories":[6],"tags":[],"class_list":["post-181080","post","type-post","status-publish","format-standard","has-post-thumbnail","hentry","category-ecologia"],"acf":[],"jetpack_publicize_connections":[],"jetpack_featured_media_url":"https:\/\/i0.wp.com\/sportseco.com\/wp-content\/uploads\/2025\/02\/image1170x530cropped-9.jpg?fit=1170%2C530&ssl=1","jetpack_sharing_enabled":true,"_links":{"self":[{"href":"https:\/\/sportseco.com\/index.php?rest_route=\/wp\/v2\/posts\/181080","targetHints":{"allow":["GET"]}}],"collection":[{"href":"https:\/\/sportseco.com\/index.php?rest_route=\/wp\/v2\/posts"}],"about":[{"href":"https:\/\/sportseco.com\/index.php?rest_route=\/wp\/v2\/types\/post"}],"author":[{"embeddable":true,"href":"https:\/\/sportseco.com\/index.php?rest_route=\/wp\/v2\/users\/1"}],"replies":[{"embeddable":true,"href":"https:\/\/sportseco.com\/index.php?rest_route=%2Fwp%2Fv2%2Fcomments&post=181080"}],"version-history":[{"count":1,"href":"https:\/\/sportseco.com\/index.php?rest_route=\/wp\/v2\/posts\/181080\/revisions"}],"predecessor-version":[{"id":181082,"href":"https:\/\/sportseco.com\/index.php?rest_route=\/wp\/v2\/posts\/181080\/revisions\/181082"}],"wp:featuredmedia":[{"embeddable":true,"href":"https:\/\/sportseco.com\/index.php?rest_route=\/wp\/v2\/media\/181081"}],"wp:attachment":[{"href":"https:\/\/sportseco.com\/index.php?rest_route=%2Fwp%2Fv2%2Fmedia&parent=181080"}],"wp:term":[{"taxonomy":"category","embeddable":true,"href":"https:\/\/sportseco.com\/index.php?rest_route=%2Fwp%2Fv2%2Fcategories&post=181080"},{"taxonomy":"post_tag","embeddable":true,"href":"https:\/\/sportseco.com\/index.php?rest_route=%2Fwp%2Fv2%2Ftags&post=181080"}],"curies":[{"name":"wp","href":"https:\/\/api.w.org\/{rel}","templated":true}]}}