{"id":181083,"date":"2025-02-19T08:11:43","date_gmt":"2025-02-19T13:11:43","guid":{"rendered":"https:\/\/sportseco.com\/?p=181083"},"modified":"2025-02-19T08:13:02","modified_gmt":"2025-02-19T13:13:02","slug":"con-estados-unidos-en-la-mira-colombia-se-prepara","status":"publish","type":"post","link":"https:\/\/sportseco.com\/?p=181083","title":{"rendered":"Con Estados Unidos en la mira: Colombia se prepara. Video"},"content":{"rendered":"\n<p>La&nbsp;<strong>Selecci\u00f3n Colombia Femenina de Mayores tuvo hoy, 18 de febrero, su primer entrenamiento&nbsp;<\/strong>en Houston, Texas de cara a lo que ser\u00e1 el debut en la She Believes Cup el pr\u00f3ximo 20 de febrero.<\/p>\n\n\n\n<p>Previo a la pr\u00e1ctica,<strong>&nbsp;Catalina Usme y Linda Caicedo hablaron con FCF MEDIA sobre lo que significa volver a la Selecci\u00f3n y el reto de competir contra el cuadro local en la primera fecha,<\/strong>&nbsp;\u00abqueremos representar a la Selecci\u00f3n con mucho amor y ganas (\u2026)<strong>&nbsp;las hemos enfrentado en diferentes ocasiones, sabemos de su velocidad y de la calidad de jugadoras<\/strong>, as\u00ed que nos vamos a preparar de la mejor manera\u00bb, coment\u00f3 Caicedo.<\/p>\n\n\n\n<p>Sobre el campeonato,<strong>&nbsp;Usme opin\u00f3, \u00abes importante seguir afianzando el grupo para los retos que tenemos este a\u00f1o (\u2026)&nbsp;<\/strong>A nivel mundial al equipo lo respetan mucho m\u00e1s, hemos mostrado un f\u00fatbol diferente y competitivo\u00bb.<\/p>\n\n\n\n<figure class=\"wp-block-embed is-type-video is-provider-youtube wp-block-embed-youtube wp-embed-aspect-16-9 wp-has-aspect-ratio\"><div class=\"wp-block-embed__wrapper\">\n<iframe loading=\"lazy\" title=\"Voces | Selecci\u00f3n Colombia Femenina de Mayores desde Estados Unidos.\" width=\"640\" height=\"360\" src=\"https:\/\/www.youtube.com\/embed\/ncET_T99V6w?feature=oembed\" frameborder=\"0\" allow=\"accelerometer; autoplay; clipboard-write; encrypted-media; gyroscope; picture-in-picture; web-share\" referrerpolicy=\"strict-origin-when-cross-origin\" allowfullscreen><\/iframe>\n<\/div><\/figure>\n\n\n\n<p>En<strong>\u00a0la ma\u00f1ana las convocadas tuvieron una exigente jornada en el gimnasio y posteriormente, en la tarde, la Selecci\u00f3n se dirigi\u00f3 al campo de la Universidad de Houston\u00a0<\/strong>para desarrollar lo que fue el entrenamiento en campo. A continuaci\u00f3n el resumen:<\/p>\n\n\n\n<figure class=\"wp-block-embed is-type-video is-provider-youtube wp-block-embed-youtube wp-embed-aspect-16-9 wp-has-aspect-ratio\"><div class=\"wp-block-embed__wrapper\">\n<iframe loading=\"lazy\" title=\"Entrenamiento | Selecci\u00f3n Colombia Femenina de Mayores\" width=\"640\" height=\"360\" src=\"https:\/\/www.youtube.com\/embed\/DPMg9Cdc22Y?feature=oembed\" frameborder=\"0\" allow=\"accelerometer; autoplay; clipboard-write; encrypted-media; gyroscope; picture-in-picture; web-share\" referrerpolicy=\"strict-origin-when-cross-origin\" allowfullscreen><\/iframe>\n<\/div><\/figure>\n\n\n\n<p>fcf.com.co<\/p>\n","protected":false},"excerpt":{"rendered":"<p>La&nbsp;Selecci\u00f3n Colombia Femenina de Mayores tuvo hoy, 18 de febrero, su primer entrenamiento&nbsp;en Houston, Texas de cara a lo que ser\u00e1 el debut en la She Believes Cup el pr\u00f3ximo 20 de febrero. Previo a la pr\u00e1ctica,&nbsp;Catalina Usme y Linda Caicedo hablaron con FCF MEDIA sobre lo que significa volver a la Selecci\u00f3n y el [&hellip;]<\/p>\n","protected":false},"author":1,"featured_media":181084,"comment_status":"closed","ping_status":"closed","sticky":false,"template":"","format":"standard","meta":{"_acf_changed":false,"_jetpack_memberships_contains_paid_content":false,"footnotes":"","jetpack_publicize_message":"","jetpack_publicize_feature_enabled":true,"jetpack_social_post_already_shared":true,"jetpack_social_options":{"image_generator_settings":{"template":"highway","default_image_id":0,"font":"","enabled":false},"version":2}},"categories":[5],"tags":[],"class_list":["post-181083","post","type-post","status-publish","format-standard","has-post-thumbnail","hentry","category-futbol"],"acf":[],"jetpack_publicize_connections":[],"jetpack_featured_media_url":"https:\/\/i0.wp.com\/sportseco.com\/wp-content\/uploads\/2025\/02\/DSC3233.jpg?fit=2048%2C1363&ssl=1","jetpack_sharing_enabled":true,"_links":{"self":[{"href":"https:\/\/sportseco.com\/index.php?rest_route=\/wp\/v2\/posts\/181083","targetHints":{"allow":["GET"]}}],"collection":[{"href":"https:\/\/sportseco.com\/index.php?rest_route=\/wp\/v2\/posts"}],"about":[{"href":"https:\/\/sportseco.com\/index.php?rest_route=\/wp\/v2\/types\/post"}],"author":[{"embeddable":true,"href":"https:\/\/sportseco.com\/index.php?rest_route=\/wp\/v2\/users\/1"}],"replies":[{"embeddable":true,"href":"https:\/\/sportseco.com\/index.php?rest_route=%2Fwp%2Fv2%2Fcomments&post=181083"}],"version-history":[{"count":2,"href":"https:\/\/sportseco.com\/index.php?rest_route=\/wp\/v2\/posts\/181083\/revisions"}],"predecessor-version":[{"id":181087,"href":"https:\/\/sportseco.com\/index.php?rest_route=\/wp\/v2\/posts\/181083\/revisions\/181087"}],"wp:featuredmedia":[{"embeddable":true,"href":"https:\/\/sportseco.com\/index.php?rest_route=\/wp\/v2\/media\/181084"}],"wp:attachment":[{"href":"https:\/\/sportseco.com\/index.php?rest_route=%2Fwp%2Fv2%2Fmedia&parent=181083"}],"wp:term":[{"taxonomy":"category","embeddable":true,"href":"https:\/\/sportseco.com\/index.php?rest_route=%2Fwp%2Fv2%2Fcategories&post=181083"},{"taxonomy":"post_tag","embeddable":true,"href":"https:\/\/sportseco.com\/index.php?rest_route=%2Fwp%2Fv2%2Ftags&post=181083"}],"curies":[{"name":"wp","href":"https:\/\/api.w.org\/{rel}","templated":true}]}}