{"id":181091,"date":"2025-02-19T08:27:03","date_gmt":"2025-02-19T13:27:03","guid":{"rendered":"https:\/\/sportseco.com\/?p=181091"},"modified":"2025-02-19T08:27:07","modified_gmt":"2025-02-19T13:27:07","slug":"recuperarte-el-proyecto-pedagogico-de-la-ieo-montebello-que-le-da-una-segunda-vida-al-plastico","status":"publish","type":"post","link":"https:\/\/sportseco.com\/?p=181091","title":{"rendered":"\u2018Recuperarte\u2019, el proyecto pedag\u00f3gico de la IEO Montebello que le da una segunda vida al pl\u00e1stico"},"content":{"rendered":"\n<figure class=\"wp-block-image\"><img data-recalc-dims=\"1\" decoding=\"async\" src=\"https:\/\/i0.wp.com\/www.cali.gov.co\/educacion\/publicaciones\/184646\/recuperarte-el-proyecto-pedagogico-de-la-ieo-montebello-que-le-da-una--segunda-vida-al-plastico\/info\/principal\/media\/pubInt\/thumbs\/thpub_700X400_184646.jpg?w=640&#038;ssl=1\" alt=\"\u2018Recuperarte\u2019, el proyecto pedag\u00f3gico de la IEO Montebello que le da una  segunda vida al pl\u00e1stico\"\/><\/figure>\n\n\n\n<blockquote class=\"wp-block-quote is-layout-flow wp-block-quote-is-layout-flow\">\n<ul class=\"wp-block-list\">\n<li>Las tapas y botellas son utilizadas para realizar bloques de plastico para construcci\u00f3n y figuras 3D que sirven como material pedag\u00f3gico para los m\u00e1s peque\u00f1os.<br \/>\u00a0<\/li>\n\n\n\n<li>La instituci\u00f3n educativa rural Montebello quiere hacer pupitres y casilleros con el material plastico que recogen.<br \/>\u00a0<\/li>\n\n\n\n<li>Se le socializ\u00f3 a la comunidad los proyectos que se realizar\u00e1n con el recurso de\u00a0 presupuesto participativo que tiene asignado la instituci\u00f3n.<\/li>\n<\/ul>\n<\/blockquote>\n\n\n\n<p><strong>Santiago de Cali, 18 de febrero del 2025<\/strong><br \/><br \/>La secretaria de Educaci\u00f3n, Tatiana Aguilar Rodr\u00edguez, junto a su equipo de trabajo, visit\u00f3 la sede principal de la Instituci\u00f3n Educativa Oficial Montebello con el prop\u00f3sito de conocer los proyectos pedag\u00f3gicos desarrollados por los estudiantes y atender las necesidades planteadas por la comunidad educativa.<br \/><br \/>\u201cEstamos visitando la Instituci\u00f3n Educativa Montebello conociendo los proyectos pedag\u00f3gicos productivos que vienen desarrollando los estudiantes de la media de esta instituci\u00f3n y que, por supuesto, potencian las habilidades de todos los estudiantes que se encuentran all\u00ed matriculados\u201d, expres\u00f3 Aguilar Rodr\u00edguez.<br \/><br \/>Durante la jornada, se destac\u00f3 el proyecto pedag\u00f3gico productivo \u00abRecuperando\u00bb, en el que los estudiantes reutilizan pl\u00e1stico proveniente de tapas y envases de botellas generados en la instituci\u00f3n o recolectados en sus hogares. Esta iniciativa surgi\u00f3 como respuesta a la problem\u00e1tica ambiental del corregimiento de Montebello, donde la acumulaci\u00f3n de pl\u00e1stico representa un desaf\u00edo para la comunidad.<br \/><br \/>El proyecto busca transformar el pl\u00e1stico reciclado en materiales \u00fatiles para la instituci\u00f3n, como bloques de construcci\u00f3n, se\u00f1al\u00e9ticas, pupitres y casilleros. Para cada bloque, los estudiantes emplean aproximadamente 30 tapas de botellas pl\u00e1sticas, equivalentes a 40-50 gramos de material reciclado. Adem\u00e1s, un grupo de j\u00f3venes ha adoptado como proyecto de grado la construcci\u00f3n de refugios para animales en situaci\u00f3n de calle.<br \/><br \/><strong>Otros proyectos destacados incluyen:<\/strong><\/p>\n\n\n\n<ul class=\"wp-block-list\">\n<li>Fabricaci\u00f3n de papel desde cero, reutilizando hojas secas ca\u00eddas de los \u00e1rboles para reducir el desperdicio.<br \/>\u00a0<\/li>\n\n\n\n<li>Grabado l\u00e1ser en madera, donde los estudiantes dise\u00f1an y plasman modelos en cofres, cajas y letreros, fomentando la creatividad y el emprendimiento.<br \/>\u00a0<\/li>\n\n\n\n<li>Uso de pl\u00e1stico reciclado para impresiones 3D, con el desarrollo de ganchos con el abecedario grabado como herramienta pedag\u00f3gica para los m\u00e1s peque\u00f1os. Tambi\u00e9n se contempla la creaci\u00f3n de juegos de mesa educativos para fortalecer el aprendizaje en la instituci\u00f3n.<\/li>\n<\/ul>\n\n\n\n<p>Adem\u00e1s de conocer estos avances educativos, la secretaria de Educaci\u00f3n sostuvo reuniones con estudiantes, docentes, padres de familia y ediles para abordar las necesidades de la comunidad educativa.<br \/><br \/>\u201cEstuvimos reunidos con l\u00edderes de las juntas de acci\u00f3n local y la comunidad educativa hablando de las diferentes necesidades que tiene esta instituci\u00f3n educativa y que, desde nuestra administraci\u00f3n liderada por el alcalde Alejandro Eder, queremos fortalecer para mejorar y recuperar la calidad de la educaci\u00f3n\u201d, afirm\u00f3 Aguilar Rodr\u00edguez.<br \/><br \/>Por su parte, Niki Blanco Arenas, subsecretario de Planeaci\u00f3n Sectorial, socializ\u00f3 las inversiones que se ejecutar\u00e1n en la instituci\u00f3n a trav\u00e9s de los recursos de presupuesto participativo, con una inversi\u00f3n total superior a los $412 millones:<br \/><br \/>$147 millones ser\u00e1n invertidos en la sede principal para la adecuaci\u00f3n de un acceso alterno que conecte la cancha m\u00faltiple y el patio de la edificaci\u00f3n de tres niveles donde se encuentren las aulas escolares. Por otro lado, en la sede San Pedro Ap\u00f3stol se realizar\u00e1 el mejoramiento de acceso al patio principal con la construcci\u00f3n de rampa y escaleras mediante la inversi\u00f3n de $107 millones de pesos y, finalmente, en la sede Andr\u00e9s Joaquin Lenis se completar\u00e1 mediante un inversi\u00f3n superior a los $158 millones el cerramiento perimetral.<br \/><br \/>Estas inversiones reflejan el compromiso de la Administraci\u00f3n Municipal con la educaci\u00f3n y el fortalecimiento de los espacios escolares, garantizando entornos adecuados para el aprendizaje y el desarrollo de proyectos innovadores.<\/p>\n\n\n\n<p><\/p>\n\n\n\n<p><\/p>\n\n\n\n<p>cali.gov.co<\/p>\n","protected":false},"excerpt":{"rendered":"<p>Santiago de Cali, 18 de febrero del 2025 La secretaria de Educaci\u00f3n, Tatiana Aguilar Rodr\u00edguez, junto a su equipo de trabajo, visit\u00f3 la sede principal de la Instituci\u00f3n Educativa Oficial Montebello con el prop\u00f3sito de conocer los proyectos pedag\u00f3gicos desarrollados por los estudiantes y atender las necesidades planteadas por la comunidad educativa. \u201cEstamos visitando la [&hellip;]<\/p>\n","protected":false},"author":1,"featured_media":181092,"comment_status":"closed","ping_status":"closed","sticky":false,"template":"","format":"standard","meta":{"_acf_changed":false,"_jetpack_memberships_contains_paid_content":false,"footnotes":"","jetpack_publicize_message":"","jetpack_publicize_feature_enabled":true,"jetpack_social_post_already_shared":true,"jetpack_social_options":{"image_generator_settings":{"template":"highway","default_image_id":0,"font":"","enabled":false},"version":2}},"categories":[6],"tags":[],"class_list":["post-181091","post","type-post","status-publish","format-standard","has-post-thumbnail","hentry","category-ecologia"],"acf":[],"jetpack_publicize_connections":[],"jetpack_featured_media_url":"https:\/\/i0.wp.com\/sportseco.com\/wp-content\/uploads\/2025\/02\/thgaleria_700X400_316301.jpg?fit=600%2C400&ssl=1","jetpack_sharing_enabled":true,"_links":{"self":[{"href":"https:\/\/sportseco.com\/index.php?rest_route=\/wp\/v2\/posts\/181091","targetHints":{"allow":["GET"]}}],"collection":[{"href":"https:\/\/sportseco.com\/index.php?rest_route=\/wp\/v2\/posts"}],"about":[{"href":"https:\/\/sportseco.com\/index.php?rest_route=\/wp\/v2\/types\/post"}],"author":[{"embeddable":true,"href":"https:\/\/sportseco.com\/index.php?rest_route=\/wp\/v2\/users\/1"}],"replies":[{"embeddable":true,"href":"https:\/\/sportseco.com\/index.php?rest_route=%2Fwp%2Fv2%2Fcomments&post=181091"}],"version-history":[{"count":1,"href":"https:\/\/sportseco.com\/index.php?rest_route=\/wp\/v2\/posts\/181091\/revisions"}],"predecessor-version":[{"id":181093,"href":"https:\/\/sportseco.com\/index.php?rest_route=\/wp\/v2\/posts\/181091\/revisions\/181093"}],"wp:featuredmedia":[{"embeddable":true,"href":"https:\/\/sportseco.com\/index.php?rest_route=\/wp\/v2\/media\/181092"}],"wp:attachment":[{"href":"https:\/\/sportseco.com\/index.php?rest_route=%2Fwp%2Fv2%2Fmedia&parent=181091"}],"wp:term":[{"taxonomy":"category","embeddable":true,"href":"https:\/\/sportseco.com\/index.php?rest_route=%2Fwp%2Fv2%2Fcategories&post=181091"},{"taxonomy":"post_tag","embeddable":true,"href":"https:\/\/sportseco.com\/index.php?rest_route=%2Fwp%2Fv2%2Ftags&post=181091"}],"curies":[{"name":"wp","href":"https:\/\/api.w.org\/{rel}","templated":true}]}}