{"id":181100,"date":"2025-02-19T14:58:02","date_gmt":"2025-02-19T19:58:02","guid":{"rendered":"https:\/\/sportseco.com\/?p=181100"},"modified":"2025-02-19T14:58:09","modified_gmt":"2025-02-19T19:58:09","slug":"continua-activo-el-plan-de-proteccion-de-los-farallones-de-cali-se-construira-nueva-base-de-alta-montana-para-la-fuerza-publica-video","status":"publish","type":"post","link":"https:\/\/sportseco.com\/?p=181100","title":{"rendered":"Contin\u00faa activo el plan de protecci\u00f3n de los Farallones de Cali: se construir\u00e1 nueva base de alta monta\u00f1a para la Fuerza P\u00fablica. Video"},"content":{"rendered":"\n<figure class=\"wp-block-image\"><img data-recalc-dims=\"1\" decoding=\"async\" src=\"https:\/\/i0.wp.com\/www.cali.gov.co\/seguridad\/publicaciones\/184647\/continua-activo-el-plan-de-proteccion-de-los-farallones-de-cali-se-construira-nueva-base-de-alta-montana-para-la-fuerza-publica\/info\/principal\/media\/pubInt\/thumbs\/thpub_700X400_184647.jpg?w=640&#038;ssl=1\" alt=\"Contin\u00faa activo el plan de protecci\u00f3n de los Farallones de Cali: se construir\u00e1 nueva base de alta monta\u00f1a para la Fuerza P\u00fablica\"\/><\/figure>\n\n\n\n<blockquote class=\"wp-block-quote is-layout-flow wp-block-quote-is-layout-flow\">\n<ul class=\"wp-block-list\">\n<li><em>La Administraci\u00f3n Distrital trabaja con Polic\u00eda, Ej\u00e9rcito, Procuradur\u00eda y Fiscal\u00eda, para mantener cerradas todas las minas y recuperar completamente el Parque Nacional Natural Farallones de Cali.<\/em><br \/>\u00a0<\/li>\n\n\n\n<li><em>Se fortalecer\u00e1 la presencia de la Fuerza P\u00fablica y se promover\u00e1n los Farallones como atractivo tur\u00edstico en la \u2018Capital de la Biodiversidad\u2019.<\/em><br \/>\u00a0<\/li>\n\n\n\n<li><em>En 2025, la Fuerza Aeroespacial Colombiana har\u00e1 monitoreo constante desde el aire a este Parque Nacional Natural.<\/em><\/li>\n<\/ul>\n<\/blockquote>\n\n\n\n<p><strong>Santiago de Cali, 19 de febrero de 2025<\/strong><br \/><br \/>La estrategia para proteger el&nbsp;<em>Parque Nacional Natural Farallones de Cali<\/em>&nbsp;seguir\u00e1 activa en 2025. As\u00ed se dio a conocer durante un&nbsp;<em>consejo de seguridad<\/em>&nbsp;desarrollado el mi\u00e9rcoles (<em>19.02.2025<\/em>), para hacer seguimiento a las tareas de vigilancia y control en este emblem\u00e1tico escenario natural de los cale\u00f1os.<\/p>\n\n\n\n<p>En ese marco, el alcalde de Cali, Alejandro Eder, anunci\u00f3 que se invertir\u00e1n recursos para la&nbsp;<em>construcci\u00f3n de una base de alta monta\u00f1a<\/em>&nbsp;de la&nbsp;<em>Polic\u00eda de Carabineros,<\/em>&nbsp;en la vereda Pe\u00f1as Blancas, corregimiento Los Andes.<\/p>\n\n\n\n<p><em>\u201cEl a\u00f1o pasado recuperamos los Farallones y cerramos todas las bocaminas. Ahora estamos trabajando con la Fuerza P\u00fablica, la Procuradur\u00eda y la Fiscal\u00eda, para mantener cerradas esas minas y hacer la recuperaci\u00f3n completa del parque\u201d<\/em>, resalt\u00f3 el alcalde Eder.<\/p>\n\n\n\n<p>El mandatario sostuvo que el caso de los Farallones es un ejemplo nacional y mundial.&nbsp;<em>\u201cEs la mina ilegal m\u00e1s grande en la historia de nuestro pa\u00eds que se haya cerrado. Por eso seguiremos trabajando este a\u00f1o para fortalecer la presencia de la Polic\u00eda y el Ej\u00e9rcito en el sector y, asimismo, seguir promoviendo el parque como un atractivo tur\u00edstico en la Capital de la Biodiversidad\u201d<\/em>, dijo.<\/p>\n\n\n\n<p>Por su parte, Jairo Garc\u00eda, secretario de Seguridad y Justicia Distrital, explic\u00f3 que en 2025 se contar\u00e1 con el apoyo de la Fuerza Aeroespacial Colombiana, para hacer desde el aire el monitoreo constante de los Farallones.<br \/><br \/><em>\u201cVamos a avanzar en el tema de infraestructura para el bienestar de la Fuerza P\u00fablica y habr\u00e1 procesos econ\u00f3micos con la comunidad, de cara a prevenir la participaci\u00f3n con grupos ilegales. Todas las capacidades est\u00e1n listas para seguir protegiendo a los Farallones\u201d<\/em>, subray\u00f3 el secretario.<\/p>\n\n\n\n<p><br \/><strong>Un dato para destacar<\/strong><br \/><br \/>En lo corrido de 2025, la Fuerza P\u00fablica ha subido dos veces a lo alto del\u00a0<em>Parque Nacional Natural Farallones de Cali,<\/em>\u00a0logrando una captura y la incautaci\u00f3n de cinco m\u00e1quinas para desarrollar miner\u00eda ilegal.<\/p>\n\n\n\n<figure class=\"wp-block-embed is-type-video is-provider-youtube wp-block-embed-youtube wp-embed-aspect-16-9 wp-has-aspect-ratio\"><div class=\"wp-block-embed__wrapper\">\n<iframe loading=\"lazy\" title=\"Contin\u00faa activo el plan de protecci\u00f3n de los Farallones de Cali\" width=\"640\" height=\"360\" src=\"https:\/\/www.youtube.com\/embed\/47B1vrtYb9I?feature=oembed\" frameborder=\"0\" allow=\"accelerometer; autoplay; clipboard-write; encrypted-media; gyroscope; picture-in-picture; web-share\" referrerpolicy=\"strict-origin-when-cross-origin\" allowfullscreen><\/iframe>\n<\/div><\/figure>\n\n\n\n<p><br \/><br \/><br \/><strong>De su inter\u00e9s\u2026<\/strong><br \/>&#8211;\u00a0<a href=\"https:\/\/www.cali.gov.co\/seguridad\/publicaciones\/184627\/alcaldia-de-cali-expide-nuevo-decreto-que-restringe-por-un-ano-la-circulacion-de-motocicletas-con-parrillero-hombre\/\" target=\"_blank\" rel=\"noreferrer noopener\">Alcald\u00eda de Cali expide nuevo decreto que restringe por un a\u00f1o la circulaci\u00f3n de motocicletas con parrillero hombre<\/a><\/p>\n\n\n\n<p>cali.gov.co<\/p>\n","protected":false},"excerpt":{"rendered":"<p>Santiago de Cali, 19 de febrero de 2025 La estrategia para proteger el&nbsp;Parque Nacional Natural Farallones de Cali&nbsp;seguir\u00e1 activa en 2025. As\u00ed se dio a conocer durante un&nbsp;consejo de seguridad&nbsp;desarrollado el mi\u00e9rcoles (19.02.2025), para hacer seguimiento a las tareas de vigilancia y control en este emblem\u00e1tico escenario natural de los cale\u00f1os. En ese marco, el [&hellip;]<\/p>\n","protected":false},"author":1,"featured_media":181101,"comment_status":"closed","ping_status":"closed","sticky":false,"template":"","format":"standard","meta":{"_acf_changed":false,"_jetpack_memberships_contains_paid_content":false,"footnotes":"","jetpack_publicize_message":"","jetpack_publicize_feature_enabled":true,"jetpack_social_post_already_shared":true,"jetpack_social_options":{"image_generator_settings":{"template":"highway","default_image_id":0,"font":"","enabled":false},"version":2}},"categories":[6],"tags":[],"class_list":["post-181100","post","type-post","status-publish","format-standard","has-post-thumbnail","hentry","category-ecologia"],"acf":[],"jetpack_publicize_connections":[],"jetpack_featured_media_url":"https:\/\/i0.wp.com\/sportseco.com\/wp-content\/uploads\/2025\/02\/Pico_Pance_Agosto_17_al_2007_84.jpg?fit=960%2C535&ssl=1","jetpack_sharing_enabled":true,"_links":{"self":[{"href":"https:\/\/sportseco.com\/index.php?rest_route=\/wp\/v2\/posts\/181100","targetHints":{"allow":["GET"]}}],"collection":[{"href":"https:\/\/sportseco.com\/index.php?rest_route=\/wp\/v2\/posts"}],"about":[{"href":"https:\/\/sportseco.com\/index.php?rest_route=\/wp\/v2\/types\/post"}],"author":[{"embeddable":true,"href":"https:\/\/sportseco.com\/index.php?rest_route=\/wp\/v2\/users\/1"}],"replies":[{"embeddable":true,"href":"https:\/\/sportseco.com\/index.php?rest_route=%2Fwp%2Fv2%2Fcomments&post=181100"}],"version-history":[{"count":1,"href":"https:\/\/sportseco.com\/index.php?rest_route=\/wp\/v2\/posts\/181100\/revisions"}],"predecessor-version":[{"id":181102,"href":"https:\/\/sportseco.com\/index.php?rest_route=\/wp\/v2\/posts\/181100\/revisions\/181102"}],"wp:featuredmedia":[{"embeddable":true,"href":"https:\/\/sportseco.com\/index.php?rest_route=\/wp\/v2\/media\/181101"}],"wp:attachment":[{"href":"https:\/\/sportseco.com\/index.php?rest_route=%2Fwp%2Fv2%2Fmedia&parent=181100"}],"wp:term":[{"taxonomy":"category","embeddable":true,"href":"https:\/\/sportseco.com\/index.php?rest_route=%2Fwp%2Fv2%2Fcategories&post=181100"},{"taxonomy":"post_tag","embeddable":true,"href":"https:\/\/sportseco.com\/index.php?rest_route=%2Fwp%2Fv2%2Ftags&post=181100"}],"curies":[{"name":"wp","href":"https:\/\/api.w.org\/{rel}","templated":true}]}}