{"id":181108,"date":"2025-02-19T15:20:24","date_gmt":"2025-02-19T20:20:24","guid":{"rendered":"https:\/\/sportseco.com\/?p=181108"},"modified":"2025-02-19T15:20:30","modified_gmt":"2025-02-19T20:20:30","slug":"el-belga-maxim-van-gils-vence-en-la-cueva-de-nerja-y-es-lider-de-la-ruta-del-sol-vuelta-ciclista-a-andalucia","status":"publish","type":"post","link":"https:\/\/sportseco.com\/?p=181108","title":{"rendered":"El belga Maxim Van Gils vence en la Cueva de Nerja y es l\u00edder de la Ruta del Sol \u2013 Vuelta Ciclista a Andaluc\u00eda"},"content":{"rendered":"\n<figure class=\"wp-block-image\"><img data-recalc-dims=\"1\" height=\"426\" width=\"640\" decoding=\"async\" src=\"https:\/\/i0.wp.com\/vueltaandalucia.es\/wp-content\/uploads\/2025\/02\/1e50d20b-376e-0cfd-b052-c89877c4d33e-1024x682.jpeg?resize=640%2C426&#038;ssl=1\" alt=\"\" class=\"wp-image-15651\"\/><\/figure>\n\n\n\n<p>La 71\u00aa edici\u00f3n de la Ruta del Sol \u2013 Vuelta Ciclista a Andaluc\u00eda comenz\u00f3 con una etapa exigente por las carreteras de la comarca de la Axarqu\u00eda, finalizando en la emblem\u00e1tica Cueva de Nerja. En un emocionante mano a mano entre dos ciclistas que ya sab\u00edan lo que era ganar en esta prueba, el belga Maxim Van Gils (RBH) se impuso a su compatriota Tim Wellens (UAD), repitiendo as\u00ed su victoria del a\u00f1o pasado y convirti\u00e9ndose en el primer l\u00edder de la carrera.<\/p>\n\n\n\n<p>La considerada \u00abetapa reina\u00bb de esta edici\u00f3n parti\u00f3 desde Torrox con 113 corredores en la l\u00ednea de salida. Desde el arranque hubo mucha batalla, aunque la escapada del d\u00eda no tard\u00f3 en formarse. Ocho ciclistas lograron destacarse del pelot\u00f3n: Lanbrosse (DAT), Jousseaume (TEN), Guillermo Silva (CJR), Unai Iribar (EKP), Leknessund (UXM), V\u00edctor De la Parte (EUS), Van Hautegem (WB2) y Ander Okamika (BBH), alcanzando una ventaja de m\u00e1s de cuatro minutos.<\/p>\n\n\n\n<p>En el Alto del Mirador de la Axarqu\u00eda (2\u00aa categor\u00eda), el primero en coronar fue el franc\u00e9s Alan Jousseaume (TEN), seguido del uruguayo Guillermo Silva Coussan (CJR), Ander Okamika (BBH) y el noruego Andreas Leknessund (UXM). La fuga mantuvo su ventaja por encima de los tres minutos gracias al control del equipo Q36.5 liderado por Tom Pidcock.<\/p>\n\n\n\n<p>En la segunda dificultad monta\u00f1osa, el Alto del Zurr\u00f3n (3\u00aa categor\u00eda), Silva se impuso a Jousseaume y a Okamika. Tras el descenso de Salares, la ventaja del grupo escapado comenz\u00f3 a reducirse. En el Alto de Periana (3\u00aa categor\u00eda), nuevamente el uruguayo Silva se llev\u00f3 los puntos, seguido de Jousseaume y Leknessund. Ya en Canillas de Aceituno, en otro puerto de 2\u00aa categor\u00eda, Silva certific\u00f3 su liderato provisional en la clasificaci\u00f3n de la monta\u00f1a al imponerse a Leknessund, Okamika e Iribar.<\/p>\n\n\n\n<p>A medida que la carrera avanzaba, el grupo de cabeza comenz\u00f3 a perder unidades y la diferencia con el pelot\u00f3n se redujo ante el aceler\u00f3n de los favoritos. En la meta volante de C\u00f3mpeta, Andreas Leknessund mostr\u00f3 su fortaleza al imponerse y liderar la escapada, seguido de un Pavel Sivakov (UAD) que salt\u00f3 del pelot\u00f3n en busca de los fugados. En ese momento, solo Leknessund y Silva se manten\u00edan en la escapada.<\/p>\n\n\n\n<p>Tras varios kil\u00f3metros en solitario, Leknessund fue alcanzado por Sivakov y poco despu\u00e9s se sumaron Tim Wellens y Maxim Van Gils. En el Alto de Frigiliana, \u00faltimo puerto del d\u00eda, Van Gils pas\u00f3 primero, seguido de Wellens y Sivakov, mientras que Leknessund perdi\u00f3 contacto con los l\u00edderes. Por detr\u00e1s, un reducido grupo de favoritos, ya sin corredores del Movistar Team, inclu\u00eda a Pidcock (Q36), Steff Cras (TEN), Berthet (DAT), Leknessund (UXM) y el espa\u00f1ol Marc Soler (UAD).<\/p>\n\n\n\n<p>El desenlace de la etapa se decidi\u00f3 en las empinadas calles de Nerja, donde Van Gils demostr\u00f3 su explosividad y se impuso por cent\u00edmetros a Wellens. Sivakov complet\u00f3 el podio de la jornada, llegando a 7 segundos. El espa\u00f1ol Marc Soler finaliz\u00f3 cuarto, superando en la misma l\u00ednea de meta a Clement Berthet (DAT), ambos a medio minuto del ganador. Entre el resto de favoritos, Pidcock perdi\u00f3 39 segundos, Nairo Quintana (MOV) cedi\u00f3 46 segundos, mientras que Enric Mas lleg\u00f3 con un retraso de 7 minutos y 36 segundos.<\/p>\n\n\n\n<p>En las clasificaciones secundarias, el uruguayo Guillermo Silva Coussan lidera la monta\u00f1a con 16 puntos, seguido por Alan Jousseaume (TEN) con 10 puntos. En las metas volantes, el l\u00edder es Andreas Leknessund (UXM). El mejor espa\u00f1ol en la general es Marc Soler (UAD), el mejor joven es Pablo Torres (AUD) y el mejor andaluz, Jos\u00e9 Manuel D\u00edaz Gallego (BBH).<\/p>\n\n\n\n<p>La segunda etapa, que se disputar\u00e1 ma\u00f1ana jueves, recorrer\u00e1 133,2 kil\u00f3metros entre Alcaudete y Torredelcampo (Ja\u00e9n), con tres puertos de monta\u00f1a en el recorrido.<\/p>\n\n\n\n<p><\/p>\n\n\n\n<p>vueltaandalucia.es<\/p>\n","protected":false},"excerpt":{"rendered":"<p>La 71\u00aa edici\u00f3n de la Ruta del Sol \u2013 Vuelta Ciclista a Andaluc\u00eda comenz\u00f3 con una etapa exigente por las carreteras de la comarca de la Axarqu\u00eda, finalizando en la emblem\u00e1tica Cueva de Nerja. En un emocionante mano a mano entre dos ciclistas que ya sab\u00edan lo que era ganar en esta prueba, el belga [&hellip;]<\/p>\n","protected":false},"author":1,"featured_media":181109,"comment_status":"closed","ping_status":"closed","sticky":false,"template":"","format":"standard","meta":{"_acf_changed":false,"_jetpack_memberships_contains_paid_content":false,"footnotes":"","jetpack_publicize_message":"","jetpack_publicize_feature_enabled":true,"jetpack_social_post_already_shared":true,"jetpack_social_options":{"image_generator_settings":{"template":"highway","default_image_id":0,"font":"","enabled":false},"version":2}},"categories":[14],"tags":[],"class_list":["post-181108","post","type-post","status-publish","format-standard","has-post-thumbnail","hentry","category-ciclismo"],"acf":[],"jetpack_publicize_connections":[],"jetpack_featured_media_url":"https:\/\/i0.wp.com\/sportseco.com\/wp-content\/uploads\/2025\/02\/1e50d20b-376e-0cfd-b052-c89877c4d33e-2048x1364-1.jpeg?fit=2048%2C1364&ssl=1","jetpack_sharing_enabled":true,"_links":{"self":[{"href":"https:\/\/sportseco.com\/index.php?rest_route=\/wp\/v2\/posts\/181108","targetHints":{"allow":["GET"]}}],"collection":[{"href":"https:\/\/sportseco.com\/index.php?rest_route=\/wp\/v2\/posts"}],"about":[{"href":"https:\/\/sportseco.com\/index.php?rest_route=\/wp\/v2\/types\/post"}],"author":[{"embeddable":true,"href":"https:\/\/sportseco.com\/index.php?rest_route=\/wp\/v2\/users\/1"}],"replies":[{"embeddable":true,"href":"https:\/\/sportseco.com\/index.php?rest_route=%2Fwp%2Fv2%2Fcomments&post=181108"}],"version-history":[{"count":1,"href":"https:\/\/sportseco.com\/index.php?rest_route=\/wp\/v2\/posts\/181108\/revisions"}],"predecessor-version":[{"id":181110,"href":"https:\/\/sportseco.com\/index.php?rest_route=\/wp\/v2\/posts\/181108\/revisions\/181110"}],"wp:featuredmedia":[{"embeddable":true,"href":"https:\/\/sportseco.com\/index.php?rest_route=\/wp\/v2\/media\/181109"}],"wp:attachment":[{"href":"https:\/\/sportseco.com\/index.php?rest_route=%2Fwp%2Fv2%2Fmedia&parent=181108"}],"wp:term":[{"taxonomy":"category","embeddable":true,"href":"https:\/\/sportseco.com\/index.php?rest_route=%2Fwp%2Fv2%2Fcategories&post=181108"},{"taxonomy":"post_tag","embeddable":true,"href":"https:\/\/sportseco.com\/index.php?rest_route=%2Fwp%2Fv2%2Ftags&post=181108"}],"curies":[{"name":"wp","href":"https:\/\/api.w.org\/{rel}","templated":true}]}}