{"id":181144,"date":"2025-02-20T07:22:05","date_gmt":"2025-02-20T12:22:05","guid":{"rendered":"https:\/\/sportseco.com\/?p=181144"},"modified":"2025-02-20T07:22:12","modified_gmt":"2025-02-20T12:22:12","slug":"dia-mundial-de-la-justicia-social-20-de-febrero-6","status":"publish","type":"post","link":"https:\/\/sportseco.com\/?p=181144","title":{"rendered":"D\u00eda Mundial de la Justicia Social, 20 de febrero"},"content":{"rendered":"\n<p><img data-recalc-dims=\"1\" decoding=\"async\" src=\"https:\/\/i0.wp.com\/www.un.org\/sites\/un2.un.org\/files\/styles\/banner-image-style-27-10\/public\/social-justice-day-2025.png?w=640&#038;ssl=1\" alt=\"Ilustraci\u00f3n sobre la transici\u00f3n hacia un futuro sostenible\"\/><\/p>\n\n\n\n<p><strong>Foto:<\/strong>Ilustraci\u00f3n realizada con asistencia de Inteligencia Artificial por Sadek Ahmed.<\/p>\n\n\n\n<h2 class=\"wp-block-heading\">Fortalecer una transici\u00f3n justa para un futuro sostenible<\/h2>\n\n\n\n<p>Fortalecer una transici\u00f3n justa hacia un futuro sostenible significa garantizar que nuestro avance hacia econom\u00edas bajas en carbono beneficie a todos, especialmente a los m\u00e1s vulnerables. Requiere un enfoque hol\u00edstico que entrelace la sostenibilidad medioambiental con la justicia social, garantizando que los trabajadores, los pueblos ind\u00edgenas y las comunidades marginadas reciban el apoyo que necesitan, a trav\u00e9s de la reconversi\u00f3n profesional, la creaci\u00f3n de empleo y fuertes medidas de protecci\u00f3n social. En otras palabras, la descarbonizaci\u00f3n y la transformaci\u00f3n econ\u00f3mica deben ir de la mano de pol\u00edticas que luchen contra la pobreza, reduzcan la desigualdad y abran oportunidades para todos.<\/p>\n\n\n\n<p>En el coraz\u00f3n de esta visi\u00f3n subyace la idea de integrar los principios de transici\u00f3n justa en las pol\u00edticas nacionales y mundiales. Cuando estos principios se incorporan a los programas de desarrollo sostenible, como los debatidos en la&nbsp;<a href=\"https:\/\/social.desa.un.org\/second-world-summit-for-social-development\">Segunda Cumbre Mundial sobre Desarrollo Social<\/a>, los responsables de pol\u00edticas pueden crear un entorno m\u00e1s justo en el que los costes del cambio se compartan equitativamente.&nbsp;Por ejemplo, la formaci\u00f3n ecol\u00f3gica y la protecci\u00f3n social integral, junto con la diversificaci\u00f3n econ\u00f3mica impulsada por las comunidades, pueden contribuir a garantizar que el declive de las industrias de combustibles f\u00f3siles no provoque desempleo a largo plazo o un aumento de la desigualdad social. Por el contrario, estas medidas reorientan las inversiones hacia sectores ecol\u00f3gicos emergentes, creando una mano de obra resistente y una sociedad m\u00e1s equitativa.<\/p>\n\n\n\n<p>En \u00faltima instancia, el fortalecimiento de una transici\u00f3n justa consiste en reimaginar nuestros sistemas econ\u00f3micos y medioambientales para dar prioridad tanto a las personas como al planeta. Es un llamamiento a cambiar el enfoque de la simple descarbonizaci\u00f3n a la redistribuci\u00f3n de oportunidades y recursos para que el crecimiento sostenible beneficie a todas las personas. Mediante la acci\u00f3n colectiva y pol\u00edticas inclusivas, podemos crear un futuro en el que la integridad medioambiental y la equidad social vayan de la mano, constituyendo los cimientos de una econom\u00eda mundial verdaderamente sostenible.<\/p>\n\n\n\n<h3 class=\"wp-block-heading\">Antecedentes<\/h3>\n\n\n\n<p>La Organizaci\u00f3n Internacional del Trabajo (OIT) adopt\u00f3 por unanimidad la Declaraci\u00f3n de la OIT sobre la justicia social para una globalizaci\u00f3n equitativa el 10 de junio de 2008. Esta es la tercera declaraci\u00f3n de principios y pol\u00edticas de gran alcance adoptada por la Conferencia Internacional del Trabajo desde la Constituci\u00f3n de la OIT en 1919. Es heredera de la Declaraci\u00f3n de Filadelfia, de 1944, y de la Declaraci\u00f3n de la OIT relativa a los principios y derechos fundamentales en el trabajo y su seguimiento, de 1998. La Declaraci\u00f3n de 2008 expresa la visi\u00f3n contempor\u00e1nea del mandato de la OIT en la era de la globalizaci\u00f3n.<\/p>\n\n\n\n<p>Esta Declaraci\u00f3n se\u00f1era es una decidida reafirmaci\u00f3n de los valores de la OIT. Es el resultado de consultas tripartitas que se iniciaron tras el lanzamiento del Informe de la Comisi\u00f3n Mundial sobre la Dimensi\u00f3n Social de la Globalizaci\u00f3n. Con la adopci\u00f3n de este texto, los representantes de los gobiernos y de las organizaciones de empleadores y de trabajadores de 182 Estados Miembros subrayaron la contribuci\u00f3n clave de nuestra Organizaci\u00f3n tripartita al progreso y la justicia social en el contexto de la globalizaci\u00f3n. Se comprometieron a unir sus esfuerzos para reforzar la capacidad de la OIT en el avance hacia dichas metas a trav\u00e9s de la Agenda de Trabajo Decente. La Declaraci\u00f3n institucionaliza el concepto de Trabajo Decente desarrollado por la OIT desde 1999, y lo sit\u00faa en el centro de las pol\u00edticas de la Organizaci\u00f3n para alcanzar sus objetivos constitucionales.<\/p>\n\n\n\n<p>Esta Declaraci\u00f3n surge en un momento pol\u00edtico crucial, que refleja el amplio consenso acerca de la necesidad de una fuerte dimensi\u00f3n social en la globalizaci\u00f3n, que permita conseguir mejores resultados y que estos se repartan de manera m\u00e1s equitativa entre todos. La Declaraci\u00f3n constituye una br\u00fajula para la promoci\u00f3n de una globalizaci\u00f3n equitativa basada en el Trabajo Decente, as\u00ed como una herramienta pr\u00e1ctica para acelerar el progreso en la aplicaci\u00f3n de la Agenda de Trabajo Decente a nivel de pa\u00eds. Asimismo, refleja una perspectiva productiva que destaca la importancia de las empresas sostenibles para la creaci\u00f3n de m\u00e1s empleo y oportunidades de ingresos para todos.<\/p>\n\n\n\n<p>La Asamblea General reconoce que el desarrollo social y la justicia social son indispensables para la consecuci\u00f3n y el mantenimiento de la paz y la seguridad en las naciones y entre ellas, y que, a su vez, el desarrollo social y la justicia social no pueden alcanzarse si no hay paz y seguridad o si no se respetan todos los derechos humanos y las libertades fundamentales.<\/p>\n\n\n\n<p>Reconoce adem\u00e1s que la globalizaci\u00f3n y la interdependencia est\u00e1n abriendo nuevas oportunidades mediante el comercio, las corrientes de inversi\u00f3n y capital y los adelantos de la tecnolog\u00eda, incluida la tecnolog\u00eda de la informaci\u00f3n, para el crecimiento de la econom\u00eda mundial y el desarrollo y la mejora del nivel de vida en todo el mundo, al mismo tiempo que persisten problemas graves, como agudas crisis financieras, inseguridad, pobreza, exclusi\u00f3n y desigualdad, en el seno de las sociedades y entre unas y otras, y grandes obst\u00e1culos para que haya una mayor integraci\u00f3n y una participaci\u00f3n plena de los pa\u00edses en desarrollo y de algunos pa\u00edses de econom\u00eda en transici\u00f3n en la econom\u00eda mundial.<\/p>\n\n\n\n<p>El 26 de noviembre de 2007, la Asamblea General declara que, a partir de su sexag\u00e9simo tercer per\u00edodo de sesiones, el 20 de febrero de cada a\u00f1o se celebrar\u00e1 el D\u00eda Mundial de la Justicia Social (A\/RES\/62\/10).<\/p>\n","protected":false},"excerpt":{"rendered":"<p>Foto:Ilustraci\u00f3n realizada con asistencia de Inteligencia Artificial por Sadek Ahmed. Fortalecer una transici\u00f3n justa para un futuro sostenible Fortalecer una transici\u00f3n justa hacia un futuro sostenible significa garantizar que nuestro avance hacia econom\u00edas bajas en carbono beneficie a todos, especialmente a los m\u00e1s vulnerables. Requiere un enfoque hol\u00edstico que entrelace la sostenibilidad medioambiental con la [&hellip;]<\/p>\n","protected":false},"author":1,"featured_media":181145,"comment_status":"closed","ping_status":"closed","sticky":false,"template":"","format":"standard","meta":{"_acf_changed":false,"_jetpack_memberships_contains_paid_content":false,"footnotes":"","jetpack_publicize_message":"","jetpack_publicize_feature_enabled":true,"jetpack_social_post_already_shared":true,"jetpack_social_options":{"image_generator_settings":{"template":"highway","default_image_id":0,"font":"","enabled":false},"version":2}},"categories":[6],"tags":[],"class_list":["post-181144","post","type-post","status-publish","format-standard","has-post-thumbnail","hentry","category-ecologia"],"acf":[],"jetpack_publicize_connections":[],"jetpack_featured_media_url":"https:\/\/i0.wp.com\/sportseco.com\/wp-content\/uploads\/2025\/02\/social-justice-day-2025.png?fit=1350%2C500&ssl=1","jetpack_sharing_enabled":true,"_links":{"self":[{"href":"https:\/\/sportseco.com\/index.php?rest_route=\/wp\/v2\/posts\/181144","targetHints":{"allow":["GET"]}}],"collection":[{"href":"https:\/\/sportseco.com\/index.php?rest_route=\/wp\/v2\/posts"}],"about":[{"href":"https:\/\/sportseco.com\/index.php?rest_route=\/wp\/v2\/types\/post"}],"author":[{"embeddable":true,"href":"https:\/\/sportseco.com\/index.php?rest_route=\/wp\/v2\/users\/1"}],"replies":[{"embeddable":true,"href":"https:\/\/sportseco.com\/index.php?rest_route=%2Fwp%2Fv2%2Fcomments&post=181144"}],"version-history":[{"count":1,"href":"https:\/\/sportseco.com\/index.php?rest_route=\/wp\/v2\/posts\/181144\/revisions"}],"predecessor-version":[{"id":181146,"href":"https:\/\/sportseco.com\/index.php?rest_route=\/wp\/v2\/posts\/181144\/revisions\/181146"}],"wp:featuredmedia":[{"embeddable":true,"href":"https:\/\/sportseco.com\/index.php?rest_route=\/wp\/v2\/media\/181145"}],"wp:attachment":[{"href":"https:\/\/sportseco.com\/index.php?rest_route=%2Fwp%2Fv2%2Fmedia&parent=181144"}],"wp:term":[{"taxonomy":"category","embeddable":true,"href":"https:\/\/sportseco.com\/index.php?rest_route=%2Fwp%2Fv2%2Fcategories&post=181144"},{"taxonomy":"post_tag","embeddable":true,"href":"https:\/\/sportseco.com\/index.php?rest_route=%2Fwp%2Fv2%2Ftags&post=181144"}],"curies":[{"name":"wp","href":"https:\/\/api.w.org\/{rel}","templated":true}]}}