{"id":181158,"date":"2025-02-20T07:55:59","date_gmt":"2025-02-20T12:55:59","guid":{"rendered":"https:\/\/sportseco.com\/?p=181158"},"modified":"2025-02-20T07:56:04","modified_gmt":"2025-02-20T12:56:04","slug":"estado-del-tiempo-valle-del-cauca","status":"publish","type":"post","link":"https:\/\/sportseco.com\/?p=181158","title":{"rendered":"Estado del Tiempo Valle del Cauca"},"content":{"rendered":"\n<h2 class=\"wp-block-heading\">Pron\u00f3stico para Hoy<\/h2>\n\n\n\n<p>Condiciones atmosf\u00e9ricas estables se presentan en la regi\u00f3n. El potencial de lluvias es medio bajo.<\/p>\n\n\n\n<p>Regi\u00f3n Andina: se esperan cielos parcialmente cubiertos y tiempo seco el resto del d\u00eda, al final de la tarde lluvias entre ligeras y moderadas sectorizadas, condiciones secas en la noche.<\/p>\n\n\n\n<p>Regi\u00f3n Pac\u00edfica:&nbsp; Se esperan lluvias ligeras aisladas durante el d\u00eda y moderadas aisladas en horas de la noche especialmente sobre su litoral y mar abierto.<\/p>\n\n\n\n<p>&nbsp;PRON\u00d3STICO DEL TIEMPO PARA CALI:<\/p>\n\n\n\n<p>Se esperan cielos parcialmente cubiertos y condiciones secas durante el d\u00eda, lluvias entre ligeras y moderadas al final de la tarde y tiempo seco en horas de la noche.<\/p>\n\n\n\n<p>Mi\u00e9rcoles 19 de Febrero\/20256:00 a.m<\/p>\n\n\n\n<p>Los niveles del r\u00edo Cauca permanecieron estables en los puntos de monitoreo de la CVC&nbsp;en los departamentos del Valle del Cauca&nbsp;y Cauca&nbsp;en las \u00faltimas 24 horas; excepto en las estaciones Navarro y Puerto Mallarino, que presentaron una tendencia decreciente; al igual que los r\u00edos Palo en la estaci\u00f3n de Puerto Tejada, La Vieja en Puerto Alejandr\u00eda y Cali en la bocatoma. Los dem\u00e1s r\u00edos tributarios al r\u00edo Cauca&nbsp;permanecieron estables durante el mismo periodo.<\/p>\n\n\n\n<h3 class=\"wp-block-heading\"><strong>COMPORTAMIENTO DE LAS LLUVIAS&nbsp;<\/strong><\/h3>\n\n\n\n<p><strong>Cali,&nbsp; Febrero 19 del 2025&nbsp; &#8211;&nbsp; 7:00 am.<\/strong><\/p>\n\n\n\n<p>Se present\u00f3&nbsp;tiempo h\u00famedo en el departamento del Valle del Cauca. Las lluvias m\u00e1s fuertes se presentaron en las cuencas de los r\u00edos: Jamundi, Guachal, Lili-Melendez y Guadalajara<\/p>\n\n\n\n<figure class=\"wp-block-image\"><img data-recalc-dims=\"1\" decoding=\"async\" src=\"https:\/\/i0.wp.com\/portal-hidroclimatologico.cvc.gov.co\/sites\/default\/files\/captura_de_pantalla_2025-02-18_121328_0.jpg?w=640&#038;ssl=1\" alt=\"\"\/><\/figure>\n\n\n\n<p><\/p>\n\n\n\n<p>portal-hidroclimatologico.cvc.gov.co<\/p>\n","protected":false},"excerpt":{"rendered":"<p>Pron\u00f3stico para Hoy Condiciones atmosf\u00e9ricas estables se presentan en la regi\u00f3n. El potencial de lluvias es medio bajo. Regi\u00f3n Andina: se esperan cielos parcialmente cubiertos y tiempo seco el resto del d\u00eda, al final de la tarde lluvias entre ligeras y moderadas sectorizadas, condiciones secas en la noche. Regi\u00f3n Pac\u00edfica:&nbsp; Se esperan lluvias ligeras aisladas [&hellip;]<\/p>\n","protected":false},"author":1,"featured_media":181159,"comment_status":"closed","ping_status":"closed","sticky":false,"template":"","format":"standard","meta":{"_acf_changed":false,"_jetpack_memberships_contains_paid_content":false,"footnotes":"","jetpack_publicize_message":"","jetpack_publicize_feature_enabled":true,"jetpack_social_post_already_shared":true,"jetpack_social_options":{"image_generator_settings":{"template":"highway","default_image_id":0,"font":"","enabled":false},"version":2}},"categories":[6],"tags":[],"class_list":["post-181158","post","type-post","status-publish","format-standard","has-post-thumbnail","hentry","category-ecologia"],"acf":[],"jetpack_publicize_connections":[],"jetpack_featured_media_url":"https:\/\/i0.wp.com\/sportseco.com\/wp-content\/uploads\/2025\/02\/embalse-salvajina-estado-rios_0.jpg?fit=1200%2C444&ssl=1","jetpack_sharing_enabled":true,"_links":{"self":[{"href":"https:\/\/sportseco.com\/index.php?rest_route=\/wp\/v2\/posts\/181158","targetHints":{"allow":["GET"]}}],"collection":[{"href":"https:\/\/sportseco.com\/index.php?rest_route=\/wp\/v2\/posts"}],"about":[{"href":"https:\/\/sportseco.com\/index.php?rest_route=\/wp\/v2\/types\/post"}],"author":[{"embeddable":true,"href":"https:\/\/sportseco.com\/index.php?rest_route=\/wp\/v2\/users\/1"}],"replies":[{"embeddable":true,"href":"https:\/\/sportseco.com\/index.php?rest_route=%2Fwp%2Fv2%2Fcomments&post=181158"}],"version-history":[{"count":1,"href":"https:\/\/sportseco.com\/index.php?rest_route=\/wp\/v2\/posts\/181158\/revisions"}],"predecessor-version":[{"id":181160,"href":"https:\/\/sportseco.com\/index.php?rest_route=\/wp\/v2\/posts\/181158\/revisions\/181160"}],"wp:featuredmedia":[{"embeddable":true,"href":"https:\/\/sportseco.com\/index.php?rest_route=\/wp\/v2\/media\/181159"}],"wp:attachment":[{"href":"https:\/\/sportseco.com\/index.php?rest_route=%2Fwp%2Fv2%2Fmedia&parent=181158"}],"wp:term":[{"taxonomy":"category","embeddable":true,"href":"https:\/\/sportseco.com\/index.php?rest_route=%2Fwp%2Fv2%2Fcategories&post=181158"},{"taxonomy":"post_tag","embeddable":true,"href":"https:\/\/sportseco.com\/index.php?rest_route=%2Fwp%2Fv2%2Ftags&post=181158"}],"curies":[{"name":"wp","href":"https:\/\/api.w.org\/{rel}","templated":true}]}}