{"id":181164,"date":"2025-02-20T08:19:44","date_gmt":"2025-02-20T13:19:44","guid":{"rendered":"https:\/\/sportseco.com\/?p=181164"},"modified":"2025-02-20T08:19:53","modified_gmt":"2025-02-20T13:19:53","slug":"debemos-aprender-de-la-eliminacion-de-la-champions-league","status":"publish","type":"post","link":"https:\/\/sportseco.com\/?p=181164","title":{"rendered":"\u00abDebemos aprender de la eliminaci\u00f3n de la Champions League\u00bb"},"content":{"rendered":"\n<figure class=\"wp-block-image\"><img data-recalc-dims=\"1\" decoding=\"async\" src=\"https:\/\/i0.wp.com\/www.mancity.com\/meta\/media\/rk4pa50i\/li205236-f-1920x1080-3988d8b.jpg?w=640&#038;ssl=1\" alt=\"&quot;Debemos aprender de la eliminaci\u00f3n de la Champions League&quot;\"\/><\/figure>\n\n\n\n<p>Pep Guardiola afirm\u00f3 que el Manchester City debe aceptar que no estuvo a la altura en la Champions League tras su eliminaci\u00f3n ante el Real Madrid.<\/p>\n\n\n\n<p>El City cay\u00f3 3-1 en el partido de vuelta en Espa\u00f1a y qued\u00f3 eliminado en la fase de play-offs con un marcador global de 6-3 ante los actuales campeones de Europa.<\/p>\n\n\n\n<p>Fue la cuarta vez en las \u00faltimas cuatro temporadas que nos enfrentamos al Real Madrid. La temporada pasada, el City fue eliminado en penales, mientras que en la anterior logramos una victoria contundente en el camino hacia la conquista del t\u00edtulo.<\/p>\n\n\n\n<p>Al final del partido,&nbsp;<a href=\"https:\/\/www.mancity.com\/players\/pep-guardiola\">Guardiola<\/a>&nbsp;felicit\u00f3 al 15 veces campe\u00f3n por su triunfo y reconoci\u00f3 que, por primera vez, sinti\u00f3 que su equipo fue claramente superado. Aun as\u00ed, asegur\u00f3 que el equipo est\u00e1 decidido a recuperar su mejor nivel y volver a competir al m\u00e1s alto nivel.<\/p>\n\n\n\n<figure class=\"wp-block-image\"><img decoding=\"async\" src=\"https:\/\/securepubads.g.doubleclick.net\/pcs\/view?xai=AKAOjsst5AEx1I3cy0PBEIkZXO35iceS0JT8w5YtLJw0pZ1zYRAIHOKH0ihNrt4EY0RVOMVArZDuW_wwJO4AnvkI820GShhKAdUuYshLwb8SlrZLV_6kd0sQVUP1wNdrNG0d1s5719-ieKOKwZ5dKI9ak_uqgkeaz1TJdoajWpm3aFe72efJkJNZ_IKLd_kBbg4D92OvXyBMIopn5dS67yKTKD_lqS9vb5Vd40gVShMHm3Dc4ACnMEmTZ-HJKwjWWFnpaP1t8tFB7lbQB3Ghuq45JCM1-qCzDxRy9ANcpiPGAtpeZqBe7rb3nHPE4lp_S6I5tfsXMTUOOUFBfwR1TpbrNl8i7EuX1Z4uhicotKvcxpitU0t9ed-2qd1A_fN9nGI76xkepg2tB4JbFNGb&amp;sai=AMfl-YRRF2C-sOqnU_NXu7vUygPX4GhMPRtBVrr8vRlop-vKeqwjt55IBv9Eg41uniZWTcz_FjnaxYRtfqhLhsxpavHsCI19coCROhJzN0jvhN51jGmWCNFql4JpipLDEVg7u0D5&amp;sig=Cg0ArKJSzBjJpwSUQZ3fEAE&amp;uach_m=%5BUACH%5D&amp;urlfix=1&amp;adurl=\" alt=\"\"\/><\/figure>\n\n\n\n<p>Advertisement<\/p>\n\n\n\n<figure class=\"wp-block-image\"><img data-recalc-dims=\"1\" decoding=\"async\" src=\"https:\/\/i0.wp.com\/www.mancity.com\/meta\/media\/ubvntwtx\/li205298-f-1920x1080-2bb96b8.jpg?w=640&#038;ssl=1\" alt=\"\"\/><\/figure>\n\n\n\n<p>\u201cEl mejor equipo gan\u00f3. Lo merecieron\u201d, afirm\u00f3 el t\u00e9cnico del City. \u201cEn el pasado hicimos buenas campa\u00f1as en la Champions, llegando a semifinales y finales, pero esta temporada no ha sido as\u00ed\u201d.<\/p>\n\n\n\n<p>\u201cLos \u00faltimos tres a\u00f1os, tuve la sensaci\u00f3n de que \u00e9ramos mejores que ellos, pero esta vez ellos han sido superiores\u201d.<\/p>\n\n\n\n<p>\u201cPueden correr, mantener posesiones largas, presionar alto, moverse con dinamismo y defender bien. Lo merecen. Tenemos que aprender de esto. Debemos aceptarlo y seguir adelante\u201d.<\/p>\n\n\n\n<p>El City actualmente ocupa la cuarta posici\u00f3n en la Premier League.&nbsp;<a href=\"https:\/\/www.mancity.com\/players\/pep-guardiola\">Guardiola<\/a>&nbsp;est\u00e1 decidido a mantener la racha del club de clasificarse para la m\u00e1xima competici\u00f3n europea en 14 temporadas consecutivas.<\/p>\n\n\n\n<figure class=\"wp-block-image\"><img data-recalc-dims=\"1\" decoding=\"async\" src=\"https:\/\/i0.wp.com\/www.mancity.com\/meta\/media\/1iwd5jcn\/li205725-f-1920x1080-e5f1507.jpg?w=640&#038;ssl=1\" alt=\"\"\/><\/figure>\n\n\n\n<p>\u201cEl partido en casa, el 2-3, fue dif\u00edcil de digerir\u201d, a\u00f1adi\u00f3. \u201c Incluso si hubi\u00e9ramos tenido un resultado positivo en casa, jugar aqu\u00ed no habr\u00eda sido f\u00e1cil. Sabemos lo buenos que son\u201d.<\/p>\n\n\n\n<p>\u201cCon el tiempo, el equipo y el club aceptar\u00e1n lo que ha sucedido\u201d.<\/p>\n\n\n\n<p>\u201cAhora nos quedan 13 partidos en la Premier League en los que trataremos de estar aqu\u00ed el pr\u00f3ximo a\u00f1o\u201d.<\/p>\n\n\n\n<p>\u201cHemos sido un equipo incre\u00edble y tenemos que seguir intentando mejorar paso a paso\u201d.<\/p>\n\n\n\n<p><\/p>\n\n\n\n<p>mancity.com<\/p>\n","protected":false},"excerpt":{"rendered":"<p>Pep Guardiola afirm\u00f3 que el Manchester City debe aceptar que no estuvo a la altura en la Champions League tras su eliminaci\u00f3n ante el Real Madrid. El City cay\u00f3 3-1 en el partido de vuelta en Espa\u00f1a y qued\u00f3 eliminado en la fase de play-offs con un marcador global de 6-3 ante los actuales campeones [&hellip;]<\/p>\n","protected":false},"author":1,"featured_media":181165,"comment_status":"closed","ping_status":"closed","sticky":false,"template":"","format":"standard","meta":{"_acf_changed":false,"_jetpack_memberships_contains_paid_content":false,"footnotes":"","jetpack_publicize_message":"","jetpack_publicize_feature_enabled":true,"jetpack_social_post_already_shared":true,"jetpack_social_options":{"image_generator_settings":{"template":"highway","default_image_id":0,"font":"","enabled":false},"version":2}},"categories":[5],"tags":[],"class_list":["post-181164","post","type-post","status-publish","format-standard","has-post-thumbnail","hentry","category-futbol"],"acf":[],"jetpack_publicize_connections":[],"jetpack_featured_media_url":"https:\/\/i0.wp.com\/sportseco.com\/wp-content\/uploads\/2025\/02\/li205236-f-1920x1080-3988d8b.webp?fit=1620%2C911&ssl=1","jetpack_sharing_enabled":true,"_links":{"self":[{"href":"https:\/\/sportseco.com\/index.php?rest_route=\/wp\/v2\/posts\/181164","targetHints":{"allow":["GET"]}}],"collection":[{"href":"https:\/\/sportseco.com\/index.php?rest_route=\/wp\/v2\/posts"}],"about":[{"href":"https:\/\/sportseco.com\/index.php?rest_route=\/wp\/v2\/types\/post"}],"author":[{"embeddable":true,"href":"https:\/\/sportseco.com\/index.php?rest_route=\/wp\/v2\/users\/1"}],"replies":[{"embeddable":true,"href":"https:\/\/sportseco.com\/index.php?rest_route=%2Fwp%2Fv2%2Fcomments&post=181164"}],"version-history":[{"count":1,"href":"https:\/\/sportseco.com\/index.php?rest_route=\/wp\/v2\/posts\/181164\/revisions"}],"predecessor-version":[{"id":181166,"href":"https:\/\/sportseco.com\/index.php?rest_route=\/wp\/v2\/posts\/181164\/revisions\/181166"}],"wp:featuredmedia":[{"embeddable":true,"href":"https:\/\/sportseco.com\/index.php?rest_route=\/wp\/v2\/media\/181165"}],"wp:attachment":[{"href":"https:\/\/sportseco.com\/index.php?rest_route=%2Fwp%2Fv2%2Fmedia&parent=181164"}],"wp:term":[{"taxonomy":"category","embeddable":true,"href":"https:\/\/sportseco.com\/index.php?rest_route=%2Fwp%2Fv2%2Fcategories&post=181164"},{"taxonomy":"post_tag","embeddable":true,"href":"https:\/\/sportseco.com\/index.php?rest_route=%2Fwp%2Fv2%2Ftags&post=181164"}],"curies":[{"name":"wp","href":"https:\/\/api.w.org\/{rel}","templated":true}]}}