{"id":181176,"date":"2025-02-20T15:46:35","date_gmt":"2025-02-20T20:46:35","guid":{"rendered":"https:\/\/sportseco.com\/?p=181176"},"modified":"2025-02-20T15:46:40","modified_gmt":"2025-02-20T20:46:40","slug":"cultura-bulevar-una-iniciativa-para-fortalecer-el-espacio-publico-y-la-convivencia-en-el-bulevar-del-rio","status":"publish","type":"post","link":"https:\/\/sportseco.com\/?p=181176","title":{"rendered":"Cultura Bulevar: una iniciativa para fortalecer el espacio p\u00fablico y la convivencia en el Bulevar del R\u00edo"},"content":{"rendered":"\n<figure class=\"wp-block-image\"><img data-recalc-dims=\"1\" decoding=\"async\" src=\"https:\/\/i0.wp.com\/www.cali.gov.co\/bienesyservicios\/publicaciones\/184662\/cultura-bulevar-una-iniciativa-para-fortalecer-el-espacio-publico-y-la--convivencia-en-el-bulevar-del-rio\/info\/principal\/media\/pubInt\/thumbs\/thpub_700X400_184662.jpg?w=640&#038;ssl=1\" alt=\"Cultura Bulevar: una iniciativa para fortalecer el espacio p\u00fablico y la  convivencia en el Bulevar del R\u00edo\"\/><\/figure>\n\n\n\n<blockquote class=\"wp-block-quote is-layout-flow wp-block-quote-is-layout-flow\">\n<ul class=\"wp-block-list\">\n<li><em>12 organismos del Distrito despliegan la capacidad institucional en el Bulevar mediante jornadas de intervenci\u00f3n.<\/em><br \/>\u00a0<\/li>\n\n\n\n<li><em>Se instalar\u00e1 un Puesto de Mando Unificado (PMU) donde se realizar\u00e1 monitoreo del plan de recuperaci\u00f3n y uso del espacio p\u00fablico a lo largo del Bulevar.<\/em><br \/>\u00a0<\/li>\n\n\n\n<li><em>Estas acciones ser\u00e1n conjuntas con los comerciantes del sector, residentes y las autoridades.<\/em><\/li>\n<\/ul>\n<\/blockquote>\n\n\n\n<p><strong>Santiago de Cali, 20 de febrero de 2025<\/strong><br \/><br \/>La Unidad Administrativa Especial de Gesti\u00f3n de Bienes y Servicios lidera la \u2018Cultura Bulevar\u2019, una valiosa iniciativa destinada a fortalecer la convivencia en el Bulevar del R\u00edo, uno de los sitios m\u00e1s queridos por los cale\u00f1os y turistas.<br \/><br \/>\u201cEn conjunto con los comerciantes y residentes de la zona se construy\u00f3 una matriz de responsabilidades y cronograma para dar r\u00e1pidamente respuesta al sentir de la ciudadan\u00eda\u201d, manifest\u00f3 Noralba Garc\u00eda, directora de Bienes y Servicios.<br \/><br \/>Este esfuerzo de cultura ciudadana, respaldado por diversas entidades: las secretar\u00edas de Gobierno, Paz y Cultura Ciudadana, Desarrollo Econ\u00f3mico, Movilidad y Seguridad y Justicia, la Unidad Administrativa Especial de Servicios P\u00fablicos, los departamentos administrativos de Planeaci\u00f3n y de Medio Ambiente \u2013 Dagma y Emcali, cuenta con un plan de acci\u00f3n de 8 semanas en las que se espera mantener la gobernanza en el sector.<br \/><br \/>Cultura Bulevar tiene como objetivo principal embellecer el bulevar mediante jornadas de limpieza y recuperaci\u00f3n, promover el sentido de pertenencia y responsabilidad hacia el entorno, y generar una estrategia sostenible para el cuidado del espacio p\u00fablico.<br \/><br \/><strong>\u00bfC\u00f3mo lo haremos?<\/strong><br \/><br \/>Para transformar el Bulevar en un lugar m\u00e1s limpio y agradable, realizaremos siete jornadas de aseo, de la mano de los comerciantes, la Administraci\u00f3n Distrital y la comunidad; mingas de recuperaci\u00f3n de jardines y puntos para la disposici\u00f3n adecuada de residuos; actividades de sensibilizaci\u00f3n y activaciones orientadas al cuidado del espacio p\u00fablico y la promoci\u00f3n de la cultura ciudadana.&nbsp;<br \/><br \/>Adem\u00e1s, se trabajar\u00e1 en la intervenci\u00f3n de la poblaci\u00f3n en condici\u00f3n de calle, control de la movilidad y monitoreo constante para garantizar la sostenibilidad de la iniciativa.<br \/><br \/>Diversas entidades tendr\u00e1n roles espec\u00edficos en esta intervenci\u00f3n:<br \/><br \/><strong>Dagma:<\/strong>&nbsp;Mantenimiento y recuperaci\u00f3n de jardines da\u00f1ados por el uso indebido y las condiciones clim\u00e1ticas.<br \/><br \/><strong>Bienestar Social:<\/strong>&nbsp;Atenci\u00f3n y sensibilizaci\u00f3n a los habitantes en condici\u00f3n de calle.<br \/><br \/><strong>Paz y Cultura Ciudadana:<\/strong>&nbsp;Resoluci\u00f3n de conflictos.<br \/><br \/><strong>Desarrollo Econ\u00f3mico:<\/strong>&nbsp;Concertaci\u00f3n con comerciantes para un uso adecuado del espacio p\u00fablico.<br \/><br \/><strong>Seguridad y Justicia:<\/strong>&nbsp;Control sobre el uso indebido del espacio p\u00fablico y aumento de la presencia policial.<br \/><br \/><strong>Servicios P\u00fablicos:<\/strong>&nbsp;Recolecci\u00f3n eficiente de residuos y mejora del alumbrado p\u00fablico.<br \/><br \/><strong>Gobierno:<\/strong>&nbsp;Coordinaci\u00f3n interinstitucional para resolver las diferentes situaciones que se presentan en el Bulevar.<br \/><br \/><strong>Movilidad:<\/strong>&nbsp;Instalaci\u00f3n de puntos de control en \u00e1reas aleda\u00f1as al Bulevar para evitar el tr\u00e1nsito de veh\u00edculos en la zona.<br \/><br \/><strong>Emcali:<\/strong>&nbsp;optimizaci\u00f3n en los canales de comunicaci\u00f3n para la prestaci\u00f3n de servicios de manera m\u00e1s eficiente.<br \/><br \/><strong>Subdirecci\u00f3n de Espacio P\u00fablico y Ordenamiento Urban\u00edstico de Planeaci\u00f3n:<\/strong>&nbsp;Aplicaci\u00f3n de la gu\u00eda complementaria para la extensi\u00f3n de uso del espacio p\u00fablico derivado del aprovechamiento econ\u00f3mico de establecimiento de comercio.<br \/><br \/>La primera fase de esta intervenci\u00f3n comenzar\u00e1 con la participaci\u00f3n activa de los comerciantes, y la primera jornada de limpieza se lleva a cabo este jueves 20 de febrero de la mano de la Unidad Administrativa de Bienes y Servicios.&nbsp;<br \/><br \/>A partir de ah\u00ed, se continuar\u00e1n las jornadas en las siguientes fechas: 22 de febrero, 1 de marzo, 8 de marzo, 15 de marzo, 22 de marzo, 29 de marzo y 4 de abril. Durante ocho semanas, habr\u00e1 presencia constante en la zona para atender a la poblaci\u00f3n en condici\u00f3n de calle y fortalecer el control social.<br \/><br \/>Instalaremos un Puesto de Mando Unificado (PMU) donde desplegaremos la capacidad institucional para ejercer control, pedagog\u00eda y uso del espacio p\u00fablico a lo largo del Bulevar.<br \/><br \/>Entre todos podemos hacer del Bulevar del R\u00edo un referente de orden, convivencia y disfrute para todos.<\/p>\n\n\n\n<p><\/p>\n\n\n\n<p>cali.gov.co<\/p>\n","protected":false},"excerpt":{"rendered":"<p>Santiago de Cali, 20 de febrero de 2025 La Unidad Administrativa Especial de Gesti\u00f3n de Bienes y Servicios lidera la \u2018Cultura Bulevar\u2019, una valiosa iniciativa destinada a fortalecer la convivencia en el Bulevar del R\u00edo, uno de los sitios m\u00e1s queridos por los cale\u00f1os y turistas. \u201cEn conjunto con los comerciantes y residentes de la [&hellip;]<\/p>\n","protected":false},"author":1,"featured_media":181177,"comment_status":"closed","ping_status":"closed","sticky":false,"template":"","format":"standard","meta":{"_acf_changed":false,"_jetpack_memberships_contains_paid_content":false,"footnotes":"","jetpack_publicize_message":"","jetpack_publicize_feature_enabled":true,"jetpack_social_post_already_shared":true,"jetpack_social_options":{"image_generator_settings":{"template":"highway","default_image_id":0,"font":"","enabled":false},"version":2}},"categories":[6],"tags":[],"class_list":["post-181176","post","type-post","status-publish","format-standard","has-post-thumbnail","hentry","category-ecologia"],"acf":[],"jetpack_publicize_connections":[],"jetpack_featured_media_url":"https:\/\/i0.wp.com\/sportseco.com\/wp-content\/uploads\/2025\/02\/thgaleria_700X400_316353.jpg?fit=588%2C400&ssl=1","jetpack_sharing_enabled":true,"_links":{"self":[{"href":"https:\/\/sportseco.com\/index.php?rest_route=\/wp\/v2\/posts\/181176","targetHints":{"allow":["GET"]}}],"collection":[{"href":"https:\/\/sportseco.com\/index.php?rest_route=\/wp\/v2\/posts"}],"about":[{"href":"https:\/\/sportseco.com\/index.php?rest_route=\/wp\/v2\/types\/post"}],"author":[{"embeddable":true,"href":"https:\/\/sportseco.com\/index.php?rest_route=\/wp\/v2\/users\/1"}],"replies":[{"embeddable":true,"href":"https:\/\/sportseco.com\/index.php?rest_route=%2Fwp%2Fv2%2Fcomments&post=181176"}],"version-history":[{"count":1,"href":"https:\/\/sportseco.com\/index.php?rest_route=\/wp\/v2\/posts\/181176\/revisions"}],"predecessor-version":[{"id":181178,"href":"https:\/\/sportseco.com\/index.php?rest_route=\/wp\/v2\/posts\/181176\/revisions\/181178"}],"wp:featuredmedia":[{"embeddable":true,"href":"https:\/\/sportseco.com\/index.php?rest_route=\/wp\/v2\/media\/181177"}],"wp:attachment":[{"href":"https:\/\/sportseco.com\/index.php?rest_route=%2Fwp%2Fv2%2Fmedia&parent=181176"}],"wp:term":[{"taxonomy":"category","embeddable":true,"href":"https:\/\/sportseco.com\/index.php?rest_route=%2Fwp%2Fv2%2Fcategories&post=181176"},{"taxonomy":"post_tag","embeddable":true,"href":"https:\/\/sportseco.com\/index.php?rest_route=%2Fwp%2Fv2%2Ftags&post=181176"}],"curies":[{"name":"wp","href":"https:\/\/api.w.org\/{rel}","templated":true}]}}